{"id":28480,"date":"2018-10-14T10:07:52","date_gmt":"2018-10-14T13:07:52","guid":{"rendered":"http:\/\/blogdoeloiltoncajuhy.com.br\/site\/?p=28480"},"modified":"2018-10-14T10:07:52","modified_gmt":"2018-10-14T13:07:52","slug":"coracao-de-eloa-morta-ha-10-anos-pelo-ex-bate-no-peito-de-mulher-do-para-minha-vida-e-um-milagre","status":"publish","type":"post","link":"https:\/\/blogdoeloiltoncajuhy.com.br\/site\/coracao-de-eloa-morta-ha-10-anos-pelo-ex-bate-no-peito-de-mulher-do-para-minha-vida-e-um-milagre\/","title":{"rendered":"Cora\u00e7\u00e3o de Elo\u00e1, morta h\u00e1 10 anos pelo ex, bate no peito de mulher do Par\u00e1: &#8216;Minha vida \u00e9 um milagre&#8217;"},"content":{"rendered":"<h5 style=\"text-align: center;\"><em>Maria Augusta carrega \u00f3rg\u00e3o de Elo\u00e1 Pimentel desde outubro de 2008, quando estudante de 15 anos foi morta por Lindemberg Fernandes<\/em><\/h5>\n<figure id=\"attachment_28481\" aria-describedby=\"caption-attachment-28481\" style=\"width: 984px\" class=\"wp-caption aligncenter\"><a href=\"https:\/\/i0.wp.com\/blogdoeloiltoncajuhy.com.br\/site\/wp-content\/uploads\/2018\/10\/maria-augusta-e-eloa.jpg\"><img data-recalc-dims=\"1\" fetchpriority=\"high\" decoding=\"async\" class=\"wp-image-28481 size-full\" src=\"https:\/\/i0.wp.com\/blogdoeloiltoncajuhy.com.br\/site\/wp-content\/uploads\/2018\/10\/maria-augusta-e-eloa.jpg?resize=800%2C565\" alt=\"\" width=\"800\" height=\"565\" srcset=\"https:\/\/i0.wp.com\/blogdoeloiltoncajuhy.com.br\/site\/wp-content\/uploads\/2018\/10\/maria-augusta-e-eloa.jpg?w=984&amp;ssl=1 984w, https:\/\/i0.wp.com\/blogdoeloiltoncajuhy.com.br\/site\/wp-content\/uploads\/2018\/10\/maria-augusta-e-eloa.jpg?resize=300%2C212&amp;ssl=1 300w, https:\/\/i0.wp.com\/blogdoeloiltoncajuhy.com.br\/site\/wp-content\/uploads\/2018\/10\/maria-augusta-e-eloa.jpg?resize=768%2C542&amp;ssl=1 768w, https:\/\/i0.wp.com\/blogdoeloiltoncajuhy.com.br\/site\/wp-content\/uploads\/2018\/10\/maria-augusta-e-eloa.jpg?resize=250%2C177&amp;ssl=1 250w\" sizes=\"(max-width: 800px) 100vw, 800px\" \/><\/a><figcaption id=\"caption-attachment-28481\" class=\"wp-caption-text\">Maria Augusta (ao centro) carrega o cora\u00e7\u00e3o de Elo\u00e1 Pimentel (no destaque \u00e0 direita) h\u00e1 dez anos: &#8216;recebi o cora\u00e7\u00e3o dela no dia do meu anivers\u00e1rio&#8217; \u2014 Foto: Reprodu\u00e7\u00e3o\/Arquivo pessoal<\/figcaption><\/figure>\n<p>O cora\u00e7\u00e3o de <strong>Elo\u00e1 Cristina da Silva Pimentel<\/strong>, adolescente morta a tiros pelo ex-namorado em outubro de 2008 durante emblem\u00e1tico sequestro em Santo Andr\u00e9, ABC, bate h\u00e1 dez anos no peito de uma simp\u00e1tica vendedora de roupas em Cana\u00e3 dos Caraj\u00e1s, interior do Par\u00e1.<\/p>\n<p><strong>Maria Augusta da Silva dos Anjos<\/strong>, de 48 anos, tinha um grave problema card\u00edaco: o ventr\u00edculo direito dela funcionava, mas o esquerdo n\u00e3o bombeava sangue corretamente e, por isso, precisava de um transplante. A comerciante recebeu o cora\u00e7\u00e3o de Elo\u00e1, doado pela fam\u00edlia da jovem de 15 anos, no dia em que completou 39 anos.<\/p>\n<p>\u201c<em>Agrade\u00e7o \u00e0 m\u00e3e de Elo\u00e1 [a recepcionista Ana Cristina Pimentel da Silva] por ter permitido a doa\u00e7\u00e3o dos \u00f3rg\u00e3os da garota<\/em>\u201d, disse Augusta, por telefone ao <strong>G1<\/strong>. &#8220;<em>Ap\u00f3s o transplante, \u00e0s 8h do dia 20 de outubro, data do meu anivers\u00e1rio&#8230; amanheci com o presente novo, com o cora\u00e7\u00e3o novo<\/em>&#8220;.<\/p>\n<p>Ana Cristina, m\u00e3e de Elo\u00e1, disse \u00e0 \u00e9poca que n\u00e3o pensou duas vezes para decidir doar os \u00f3rg\u00e3os da filha. \u201c<em>N\u00e3o tive d\u00favida. Quando os m\u00e9dicos vieram falar comigo, eu j\u00e1 estava decidida<\/em>\u201d, comentou a recepcionista numa entrevista em 2009. A reportagem n\u00e3o conseguiu localiz\u00e1-la nesta semana para falar do caso.<\/p>\n<p>Pelo menos mais quatro pessoas tamb\u00e9m receberam outros \u00f3rg\u00e3os de Elo\u00e1: pulm\u00e3o, c\u00f3rnea, f\u00edgado, rim e p\u00e2ncreas <em><strong>(leia mais abaixo)<\/strong><\/em>.<\/p>\n<p>Elo\u00e1 morreu ap\u00f3s ser baleada por Lindemberg Alves Fernandes. Ela teve a morte cerebral anunciada pelos m\u00e9dicos em 18 de outubro de 2008. A v\u00edtima era uma alegre estudante e o assassino era um entregador de pizzas de 22 anos. Ele n\u00e3o aceitava o fim do namoro. De 13 a 17 de outubro de 2008, a imprensa transmitiu ao vivo o sequestro com seu desfecho tr\u00e1gico.<\/p>\n<p>O <strong>G1<\/strong> n\u00e3o conseguiu localizar a atual defesa de Lindemberg para comentar o assunto. O sequestrador foi julgado em 2012. Acabou condenado a mais de 90 anos de pris\u00e3o por 12 crimes. A pena foi reduzida depois pela Justi\u00e7a para 39 anos. Atualmente ele est\u00e1 preso em Trememb\u00e9, interior paulista.<\/p>\n<p>Al\u00e9m do cora\u00e7\u00e3o, outros cinco \u00f3rg\u00e3os de Elo\u00e1 foram transplantados. Uma das c\u00f3rneas da adolescente foi doada para a recepcionista Livia Amodio Novais; o mec\u00e2nico Emerson Gentil Dardes recebeu p\u00e2ncreas e rim da garota. O pulm\u00e3o foi para uma jovem de 18 anos e o f\u00edgado, para uma menina de 12 anos com um tipo grave de hepatite.<\/p>\n<p><em><strong>*Por Kleber Tomaz, G1 SP \u2014 S\u00e3o Paulo<\/strong><\/em><\/p>\n","protected":false},"excerpt":{"rendered":"<p>Maria Augusta carrega \u00f3rg\u00e3o de Elo\u00e1 Pimentel desde outubro de 2008, quando estudante de 15 anos foi morta por Lindemberg Fernandes O cora\u00e7\u00e3o de Elo\u00e1 Cristina da Silva Pimentel, adolescente morta a tiros pelo ex-namorado em outubro de 2008 durante emblem\u00e1tico sequestro em Santo Andr\u00e9, ABC, bate h\u00e1 dez anos no peito de uma simp\u00e1tica [&hellip;]<\/p>\n","protected":false},"author":2,"featured_media":28481,"comment_status":"open","ping_status":"open","sticky":false,"template":"","format":"standard","meta":{"_acf_changed":false,"_monsterinsights_skip_tracking":false,"_monsterinsights_sitenote_active":false,"_monsterinsights_sitenote_note":"","_monsterinsights_sitenote_category":0,"_jetpack_memberships_contains_paid_content":false,"footnotes":"","jetpack_publicize_message":"","jetpack_publicize_feature_enabled":true,"jetpack_social_post_already_shared":true,"jetpack_social_options":{"image_generator_settings":{"template":"highway","default_image_id":0,"font":"","enabled":false},"version":2}},"categories":[5,1],"tags":[],"class_list":["post-28480","post","type-post","status-publish","format-standard","has-post-thumbnail","hentry","category-cotidiano","category-noticias"],"acf":[],"jetpack_publicize_connections":[],"jetpack_featured_media_url":"https:\/\/i0.wp.com\/blogdoeloiltoncajuhy.com.br\/site\/wp-content\/uploads\/2018\/10\/maria-augusta-e-eloa.jpg?fit=984%2C695&ssl=1","jetpack_sharing_enabled":true,"publishpress_future_workflow_manual_trigger":{"enabledWorkflows":[]},"_links":{"self":[{"href":"https:\/\/blogdoeloiltoncajuhy.com.br\/site\/wp-json\/wp\/v2\/posts\/28480","targetHints":{"allow":["GET"]}}],"collection":[{"href":"https:\/\/blogdoeloiltoncajuhy.com.br\/site\/wp-json\/wp\/v2\/posts"}],"about":[{"href":"https:\/\/blogdoeloiltoncajuhy.com.br\/site\/wp-json\/wp\/v2\/types\/post"}],"author":[{"embeddable":true,"href":"https:\/\/blogdoeloiltoncajuhy.com.br\/site\/wp-json\/wp\/v2\/users\/2"}],"replies":[{"embeddable":true,"href":"https:\/\/blogdoeloiltoncajuhy.com.br\/site\/wp-json\/wp\/v2\/comments?post=28480"}],"version-history":[{"count":1,"href":"https:\/\/blogdoeloiltoncajuhy.com.br\/site\/wp-json\/wp\/v2\/posts\/28480\/revisions"}],"predecessor-version":[{"id":28482,"href":"https:\/\/blogdoeloiltoncajuhy.com.br\/site\/wp-json\/wp\/v2\/posts\/28480\/revisions\/28482"}],"wp:featuredmedia":[{"embeddable":true,"href":"https:\/\/blogdoeloiltoncajuhy.com.br\/site\/wp-json\/wp\/v2\/media\/28481"}],"wp:attachment":[{"href":"https:\/\/blogdoeloiltoncajuhy.com.br\/site\/wp-json\/wp\/v2\/media?parent=28480"}],"wp:term":[{"taxonomy":"category","embeddable":true,"href":"https:\/\/blogdoeloiltoncajuhy.com.br\/site\/wp-json\/wp\/v2\/categories?post=28480"},{"taxonomy":"post_tag","embeddable":true,"href":"https:\/\/blogdoeloiltoncajuhy.com.br\/site\/wp-json\/wp\/v2\/tags?post=28480"}],"curies":[{"name":"wp","href":"https:\/\/api.w.org\/{rel}","templated":true}]}}