{"id":28467,"date":"2018-10-13T10:22:44","date_gmt":"2018-10-13T13:22:44","guid":{"rendered":"http:\/\/blogdoeloiltoncajuhy.com.br\/site\/?p=28467"},"modified":"2018-10-13T10:29:46","modified_gmt":"2018-10-13T13:29:46","slug":"bancada-sindical-perde-representacao-na-camara","status":"publish","type":"post","link":"https:\/\/blogdoeloiltoncajuhy.com.br\/site\/bancada-sindical-perde-representacao-na-camara\/","title":{"rendered":"Bancada sindical perde representa\u00e7\u00e3o na C\u00e2mara"},"content":{"rendered":"<figure id=\"attachment_28468\" aria-describedby=\"caption-attachment-28468\" style=\"width: 754px\" class=\"wp-caption aligncenter\"><a href=\"https:\/\/i0.wp.com\/blogdoeloiltoncajuhy.com.br\/site\/wp-content\/uploads\/2018\/10\/camara-plenario-jose_cruz-agencia_brasil.jpg\"><img data-recalc-dims=\"1\" fetchpriority=\"high\" decoding=\"async\" class=\"size-full wp-image-28468\" src=\"https:\/\/i0.wp.com\/blogdoeloiltoncajuhy.com.br\/site\/wp-content\/uploads\/2018\/10\/camara-plenario-jose_cruz-agencia_brasil.jpg?resize=754%2C503\" alt=\"\" width=\"754\" height=\"503\" srcset=\"https:\/\/i0.wp.com\/blogdoeloiltoncajuhy.com.br\/site\/wp-content\/uploads\/2018\/10\/camara-plenario-jose_cruz-agencia_brasil.jpg?w=754&amp;ssl=1 754w, https:\/\/i0.wp.com\/blogdoeloiltoncajuhy.com.br\/site\/wp-content\/uploads\/2018\/10\/camara-plenario-jose_cruz-agencia_brasil.jpg?resize=300%2C200&amp;ssl=1 300w, https:\/\/i0.wp.com\/blogdoeloiltoncajuhy.com.br\/site\/wp-content\/uploads\/2018\/10\/camara-plenario-jose_cruz-agencia_brasil.jpg?resize=250%2C167&amp;ssl=1 250w\" sizes=\"(max-width: 754px) 100vw, 754px\" \/><\/a><figcaption id=\"caption-attachment-28468\" class=\"wp-caption-text\">Plen\u00e1rio da C\u00e2mara dos Deputados (Foto: Jos\u00e9 Cruz\/Ag\u00eancia Brasil)<\/figcaption><\/figure>\n<p>A bancada sindical na pr\u00f3xima legislatura, que come\u00e7a no dia 1\u00ba de fevereiro de 2019, ser\u00e1 menor do que na atual. Foram eleitos somente 33 representantes de sindicatos na \u00faltima elei\u00e7\u00e3o para a C\u00e2mara Federal, contra os 51 que atualmente exercem mandato.<\/p>\n<p>O levantamento foi feito pelo Departamento Intersindical de Assessoria Parlamentar (Diap), com base nos dados oficiais da Justi\u00e7a Eleitoral. A partir do pr\u00f3ximo ano ser\u00e3o 18 deputados a menos no debate dos interesses dos trabalhadores, como direitos previdenci\u00e1rios e trabalhistas.<\/p>\n<p>A queda segue uma tend\u00eancia que j\u00e1 vinha se verificando desde as elei\u00e7\u00f5es de 2014, quando a bancada sindical caiu de 83 para 51 membros. Segundo o analista pol\u00edtico Ant\u00f4nio Augusto de Queiroz, diretor do Diap, um conjunto de fatores levou \u00e0 redu\u00e7\u00e3o da bancada sindical, que j\u00e1 foi uma das mais atuantes e representativas na C\u00e2mara.<\/p>\n<p>Primeiro, as reformas trabalhista e sindical enfraqueceram as entidades que perderam poder para investir nas campanhas eleitorais. \u201c<em>Al\u00e9m disso, houve um erro de estrat\u00e9gia do movimento sindical, lan\u00e7ando muitas candidaturas, o que pulverizou os esfor\u00e7os<\/em>\u201d, afirmou.<\/p>\n<p>Queiroz prev\u00ea momentos de dificuldades na atua\u00e7\u00e3o da bancada. \u201c<em>Com um ambiente hostil, de desregulamenta\u00e7\u00e3o de direitos trabalhistas, e uma bancada menor, as dificuldades ser\u00e3o enormes<\/em>\u201d, disse.<\/p>\n<p>Dos 33 deputados da bancada sindical, 29 foram reeleitos e quatro s\u00e3o novos. Com 18 eleitos, o PT \u00e9 o partido com maior n\u00famero de deputados sindicalistas, seguido do PCdoB (quatro), do PSB (tr\u00eas) e do PRB (dois). PDT, Pode, PR, PSL, PSol e SD elegeram um integrante cada.<\/p>\n<p><strong>Bancada sindical<\/strong><\/p>\n<p>Alice Portugal (PCdoB-BA)<\/p>\n<p>Daniel Almeida (PCdoB-BA)<\/p>\n<p>Jandira Feghali (PCdoB-RJ)<\/p>\n<p>Orlando Silva (PCdoB-SP)<\/p>\n<p>Andr\u00e9 Figueiredo (PDT-CE)<\/p>\n<p>Roberto de Lucena (Pode-SP)<\/p>\n<p>Giovani Cherini (PR-RS)<\/p>\n<p>Jo\u00e3o Campos (PRB-GO)<\/p>\n<p>Roberto Alves (PRB-SP)<\/p>\n<p>L\u00eddice da Mata (PSB-BA)<\/p>\n<p>Vilson da FETAEMG (PSB-MG)<\/p>\n<p>Heitor Schuch (PSB-RS)<\/p>\n<p>Delegado Waldir (PSL-GO)<\/p>\n<p>Ivan Valente (PSOL-SP)<\/p>\n<p>Paul\u00e3o (PT-AL)<\/p>\n<p>Afonso Florence (PT-BA)<\/p>\n<p>Pellegrino (PT-BA)<\/p>\n<p>Valmir Assun\u00e7\u00e3o (PT-BA)<\/p>\n<p>Waldenor Pereira (PT-BA)<\/p>\n<p>Leonardo Monteiro (PT-MG)<\/p>\n<p>Padre Jo\u00e3o (PT-MG)<\/p>\n<p>Patrus Ananias (PT-MG)<\/p>\n<p>Vander Loubet (PT-MS)<\/p>\n<p>Beto Faro (PT-PA)<\/p>\n<p>Assis Carvalho (PT-PI)<\/p>\n<p>Bohn Gass (PT-RS)<\/p>\n<p>Marcon (PT-RS)<\/p>\n<p>Jo\u00e3o Daniel (PT-SE)<\/p>\n<p>Arlindo Chinaglia (PT-SP)<\/p>\n<p><em><strong>*Ag\u00eancia Brasil<\/strong><\/em><\/p>\n","protected":false},"excerpt":{"rendered":"<p>A bancada sindical na pr\u00f3xima legislatura, que come\u00e7a no dia 1\u00ba de fevereiro de 2019, ser\u00e1 menor do que na atual. Foram eleitos somente 33 representantes de sindicatos na \u00faltima elei\u00e7\u00e3o para a C\u00e2mara Federal, contra os 51 que atualmente exercem mandato. O levantamento foi feito pelo Departamento Intersindical de Assessoria Parlamentar (Diap), com base [&hellip;]<\/p>\n","protected":false},"author":2,"featured_media":28468,"comment_status":"open","ping_status":"open","sticky":false,"template":"","format":"standard","meta":{"_acf_changed":false,"_monsterinsights_skip_tracking":false,"_monsterinsights_sitenote_active":false,"_monsterinsights_sitenote_note":"","_monsterinsights_sitenote_category":0,"_jetpack_memberships_contains_paid_content":false,"footnotes":"","jetpack_publicize_message":"","jetpack_publicize_feature_enabled":true,"jetpack_social_post_already_shared":true,"jetpack_social_options":{"image_generator_settings":{"template":"highway","default_image_id":0,"font":"","enabled":false},"version":2}},"categories":[1,3],"tags":[],"class_list":["post-28467","post","type-post","status-publish","format-standard","has-post-thumbnail","hentry","category-noticias","category-politica"],"acf":[],"jetpack_publicize_connections":[],"jetpack_featured_media_url":"https:\/\/i0.wp.com\/blogdoeloiltoncajuhy.com.br\/site\/wp-content\/uploads\/2018\/10\/camara-plenario-jose_cruz-agencia_brasil.jpg?fit=754%2C503&ssl=1","jetpack_sharing_enabled":true,"publishpress_future_workflow_manual_trigger":{"enabledWorkflows":[]},"_links":{"self":[{"href":"https:\/\/blogdoeloiltoncajuhy.com.br\/site\/wp-json\/wp\/v2\/posts\/28467","targetHints":{"allow":["GET"]}}],"collection":[{"href":"https:\/\/blogdoeloiltoncajuhy.com.br\/site\/wp-json\/wp\/v2\/posts"}],"about":[{"href":"https:\/\/blogdoeloiltoncajuhy.com.br\/site\/wp-json\/wp\/v2\/types\/post"}],"author":[{"embeddable":true,"href":"https:\/\/blogdoeloiltoncajuhy.com.br\/site\/wp-json\/wp\/v2\/users\/2"}],"replies":[{"embeddable":true,"href":"https:\/\/blogdoeloiltoncajuhy.com.br\/site\/wp-json\/wp\/v2\/comments?post=28467"}],"version-history":[{"count":2,"href":"https:\/\/blogdoeloiltoncajuhy.com.br\/site\/wp-json\/wp\/v2\/posts\/28467\/revisions"}],"predecessor-version":[{"id":28470,"href":"https:\/\/blogdoeloiltoncajuhy.com.br\/site\/wp-json\/wp\/v2\/posts\/28467\/revisions\/28470"}],"wp:featuredmedia":[{"embeddable":true,"href":"https:\/\/blogdoeloiltoncajuhy.com.br\/site\/wp-json\/wp\/v2\/media\/28468"}],"wp:attachment":[{"href":"https:\/\/blogdoeloiltoncajuhy.com.br\/site\/wp-json\/wp\/v2\/media?parent=28467"}],"wp:term":[{"taxonomy":"category","embeddable":true,"href":"https:\/\/blogdoeloiltoncajuhy.com.br\/site\/wp-json\/wp\/v2\/categories?post=28467"},{"taxonomy":"post_tag","embeddable":true,"href":"https:\/\/blogdoeloiltoncajuhy.com.br\/site\/wp-json\/wp\/v2\/tags?post=28467"}],"curies":[{"name":"wp","href":"https:\/\/api.w.org\/{rel}","templated":true}]}}