{"id":28464,"date":"2018-10-13T10:02:37","date_gmt":"2018-10-13T13:02:37","guid":{"rendered":"http:\/\/blogdoeloiltoncajuhy.com.br\/site\/?p=28464"},"modified":"2018-10-13T10:02:37","modified_gmt":"2018-10-13T13:02:37","slug":"professor-da-uneb-tem-prisao-decretada-por-assedio-sexual-em-jacobina","status":"publish","type":"post","link":"https:\/\/blogdoeloiltoncajuhy.com.br\/site\/professor-da-uneb-tem-prisao-decretada-por-assedio-sexual-em-jacobina\/","title":{"rendered":"Professor da Uneb tem pris\u00e3o decretada por ass\u00e9dio sexual em Jacobina"},"content":{"rendered":"<figure id=\"attachment_28465\" aria-describedby=\"caption-attachment-28465\" style=\"width: 380px\" class=\"wp-caption aligncenter\"><a href=\"https:\/\/i0.wp.com\/blogdoeloiltoncajuhy.com.br\/site\/wp-content\/uploads\/2018\/10\/uneb-jacobina.jpg\"><img data-recalc-dims=\"1\" fetchpriority=\"high\" decoding=\"async\" class=\"wp-image-28465 size-full\" src=\"https:\/\/i0.wp.com\/blogdoeloiltoncajuhy.com.br\/site\/wp-content\/uploads\/2018\/10\/uneb-jacobina.jpg?resize=380%2C280\" alt=\"\" width=\"380\" height=\"280\" srcset=\"https:\/\/i0.wp.com\/blogdoeloiltoncajuhy.com.br\/site\/wp-content\/uploads\/2018\/10\/uneb-jacobina.jpg?w=380&amp;ssl=1 380w, https:\/\/i0.wp.com\/blogdoeloiltoncajuhy.com.br\/site\/wp-content\/uploads\/2018\/10\/uneb-jacobina.jpg?resize=300%2C221&amp;ssl=1 300w, https:\/\/i0.wp.com\/blogdoeloiltoncajuhy.com.br\/site\/wp-content\/uploads\/2018\/10\/uneb-jacobina.jpg?resize=250%2C184&amp;ssl=1 250w\" sizes=\"(max-width: 380px) 100vw, 380px\" \/><\/a><figcaption id=\"caption-attachment-28465\" class=\"wp-caption-text\">Foto: Divulga\u00e7\u00e3o<\/figcaption><\/figure>\n<p>O professor <strong>Thiago de Oliveira Moreira<\/strong>, da Universidade do Estado da Bahia (Uneb), teve pris\u00e3o preventiva decretada nesta quinta-feira (11) por determina\u00e7\u00e3o da Justi\u00e7a Criminal de Jacobina. Ele tamb\u00e9m j\u00e1 foi afastado das suas fun\u00e7\u00f5es na institui\u00e7\u00e3o de ensino e \u00e9 considerado foragido.<\/p>\n<p>De acordo com o Minist\u00e9rio P\u00fablico do Estado da Bahia (MP-BA), respons\u00e1vel por elaborar o pedido de pris\u00e3o, mais de uma dezena de alunos e alunas relataram crimes de ass\u00e9dio sexual, amea\u00e7as e les\u00f5es corporais. As den\u00fancias foram usadas para embasar a solicita\u00e7\u00e3o feita \u00e0 Justi\u00e7a.<\/p>\n<p>Thiago tomou conhecimento do decreto de pris\u00e3o preventiva por meio de seu advogado e ficou de se apresentar \u00e0 Justi\u00e7a ainda nesta quinta. Como n\u00e3o compareceu, passou a ser considerado foragido. O professor lecionava Direito Constitucional no campus de Jacobina da Uneb e tamb\u00e9m atuava nas cidades de Irec\u00ea e Itaberaba. Ele tamb\u00e9m acumula a fun\u00e7\u00e3o de procurador jur\u00eddico de Morro do Chap\u00e9u.<\/p>\n<p>Ainda segundo o MP-BA, Thiago tamb\u00e9m \u00e9 acusado pela pr\u00e1tica de crimes contra a Administra\u00e7\u00e3o P\u00fablica, como prevarica\u00e7\u00e3o e supress\u00e3o de documentos p\u00fablicos.<\/p>\n<p><em><strong>*Bahia Not\u00edcias<\/strong><\/em><\/p>\n","protected":false},"excerpt":{"rendered":"<p>O professor Thiago de Oliveira Moreira, da Universidade do Estado da Bahia (Uneb), teve pris\u00e3o preventiva decretada nesta quinta-feira (11) por determina\u00e7\u00e3o da Justi\u00e7a Criminal de Jacobina. Ele tamb\u00e9m j\u00e1 foi afastado das suas fun\u00e7\u00f5es na institui\u00e7\u00e3o de ensino e \u00e9 considerado foragido. De acordo com o Minist\u00e9rio P\u00fablico do Estado da Bahia (MP-BA), respons\u00e1vel [&hellip;]<\/p>\n","protected":false},"author":2,"featured_media":28465,"comment_status":"open","ping_status":"open","sticky":false,"template":"","format":"standard","meta":{"_acf_changed":false,"_monsterinsights_skip_tracking":false,"_monsterinsights_sitenote_active":false,"_monsterinsights_sitenote_note":"","_monsterinsights_sitenote_category":0,"_jetpack_memberships_contains_paid_content":false,"footnotes":"","jetpack_publicize_message":"","jetpack_publicize_feature_enabled":true,"jetpack_social_post_already_shared":true,"jetpack_social_options":{"image_generator_settings":{"template":"highway","default_image_id":0,"font":"","enabled":false},"version":2}},"categories":[5,1],"tags":[],"class_list":["post-28464","post","type-post","status-publish","format-standard","has-post-thumbnail","hentry","category-cotidiano","category-noticias"],"acf":[],"jetpack_publicize_connections":[],"jetpack_featured_media_url":"https:\/\/i0.wp.com\/blogdoeloiltoncajuhy.com.br\/site\/wp-content\/uploads\/2018\/10\/uneb-jacobina.jpg?fit=380%2C280&ssl=1","jetpack_sharing_enabled":true,"publishpress_future_workflow_manual_trigger":{"enabledWorkflows":[]},"_links":{"self":[{"href":"https:\/\/blogdoeloiltoncajuhy.com.br\/site\/wp-json\/wp\/v2\/posts\/28464","targetHints":{"allow":["GET"]}}],"collection":[{"href":"https:\/\/blogdoeloiltoncajuhy.com.br\/site\/wp-json\/wp\/v2\/posts"}],"about":[{"href":"https:\/\/blogdoeloiltoncajuhy.com.br\/site\/wp-json\/wp\/v2\/types\/post"}],"author":[{"embeddable":true,"href":"https:\/\/blogdoeloiltoncajuhy.com.br\/site\/wp-json\/wp\/v2\/users\/2"}],"replies":[{"embeddable":true,"href":"https:\/\/blogdoeloiltoncajuhy.com.br\/site\/wp-json\/wp\/v2\/comments?post=28464"}],"version-history":[{"count":1,"href":"https:\/\/blogdoeloiltoncajuhy.com.br\/site\/wp-json\/wp\/v2\/posts\/28464\/revisions"}],"predecessor-version":[{"id":28466,"href":"https:\/\/blogdoeloiltoncajuhy.com.br\/site\/wp-json\/wp\/v2\/posts\/28464\/revisions\/28466"}],"wp:featuredmedia":[{"embeddable":true,"href":"https:\/\/blogdoeloiltoncajuhy.com.br\/site\/wp-json\/wp\/v2\/media\/28465"}],"wp:attachment":[{"href":"https:\/\/blogdoeloiltoncajuhy.com.br\/site\/wp-json\/wp\/v2\/media?parent=28464"}],"wp:term":[{"taxonomy":"category","embeddable":true,"href":"https:\/\/blogdoeloiltoncajuhy.com.br\/site\/wp-json\/wp\/v2\/categories?post=28464"},{"taxonomy":"post_tag","embeddable":true,"href":"https:\/\/blogdoeloiltoncajuhy.com.br\/site\/wp-json\/wp\/v2\/tags?post=28464"}],"curies":[{"name":"wp","href":"https:\/\/api.w.org\/{rel}","templated":true}]}}