{"id":28425,"date":"2018-10-10T08:51:47","date_gmt":"2018-10-10T11:51:47","guid":{"rendered":"http:\/\/blogdoeloiltoncajuhy.com.br\/site\/?p=28425"},"modified":"2018-10-10T08:51:47","modified_gmt":"2018-10-10T11:51:47","slug":"medidas-provisorias-em-pauta-no-plenario-podem-perder-a-validade-se-nao-houver-consenso","status":"publish","type":"post","link":"https:\/\/blogdoeloiltoncajuhy.com.br\/site\/medidas-provisorias-em-pauta-no-plenario-podem-perder-a-validade-se-nao-houver-consenso\/","title":{"rendered":"Medidas provis\u00f3rias em pauta no Plen\u00e1rio podem perder a validade se n\u00e3o houver consenso"},"content":{"rendered":"<h5 style=\"text-align: center;\"><em>L\u00edderes acreditam que temas pol\u00eamicos n\u00e3o ser\u00e3o votados antes do segundo turno das elei\u00e7\u00f5es<\/em><\/h5>\n<p><a href=\"https:\/\/i0.wp.com\/blogdoeloiltoncajuhy.com.br\/site\/wp-content\/uploads\/2015\/07\/C%C3%A2mara-dos-deputados-e1474364892253.jpg\"><img data-recalc-dims=\"1\" fetchpriority=\"high\" decoding=\"async\" class=\"aligncenter size-full wp-image-2053\" src=\"https:\/\/i0.wp.com\/blogdoeloiltoncajuhy.com.br\/site\/wp-content\/uploads\/2015\/07\/C%C3%A2mara-dos-deputados-e1474364892253.jpg?resize=440%2C288\" alt=\"\" width=\"440\" height=\"288\" \/><\/a>Tr\u00eas medidas provis\u00f3rias, destaques do projeto que torna obrigat\u00f3rio o cadastro positivo obrigat\u00f3rio e o texto (PL 2724\/15) que permite o capital estrangeiro controlar empresas a\u00e9reas est\u00e3o na pauta do Plen\u00e1rio da C\u00e2mara.<\/p>\n<p>L\u00edderes acreditam que temas controversos e pol\u00eamicos n\u00e3o ser\u00e3o votados. Eles defendem que sejam pautados apenas projetos de consenso, como a MP (MP 848) que prev\u00ea uma linha de financiamento para as Santas Casas com recursos do Fundo de Garantia do Tempo de Servi\u00e7o (FGTS). Al\u00e9m dessa MP, h\u00e1 uma outra que cria 164 cargos comissionados destinados ao Minist\u00e9rio de Seguran\u00e7a P\u00fablica para atender a necessidades dessa \u00e1rea no governo (MP 840).<\/p>\n<p>Mas o deputado Efraim Filho (PB), vice-l\u00edder do DEM, defende a aprova\u00e7\u00e3o de pautas de consenso.<\/p>\n<p>&#8220;<em>Buscar temas que sejam fruto de consenso. Dificilmente teremos qu\u00f3rum cheio na Casa e, se tivermos, n\u00e3o vai estar disposto a enfrentar tema pol\u00eamicos neste momento. Ent\u00e3o, MP por exemplo que d\u00e1 linha de cr\u00e9dito para as Santas Casas, entendo eu que \u00e9 uma mat\u00e9ria que pode e deve avan\u00e7ar porque n\u00e3o h\u00e1 governo ou oposi\u00e7\u00e3o. O outro tema do capital internacional investir em empresas a\u00e9reas dificilmente ser\u00e1 consenso entre governo e oposi\u00e7\u00e3o. \u00c9 muito dif\u00edcil falar em cria\u00e7\u00e3o de cargos neste momento, porque \u00e9 um tipo de agenda de governo<\/em>&#8220;.<\/p>\n<p>Para o deputado Paulo Teixeira (PT-SP), vice-l\u00edder da minoria, os parlamentares ainda est\u00e3o envolvidos na elei\u00e7\u00e3o de segundo turno.<\/p>\n<p>&#8220;<em>O Pa\u00eds est\u00e1 olhando para as elei\u00e7\u00f5es presidenciais. Temos que votar o que \u00e9 consenso. O que \u00e9 dissenso devemos votar para daqui a 20 dias, quando vai se retornar plenamente os trabalhos. Uma medida como essa de dar um aporte para as Santas Casas \u00e9 uma medida, na minha opini\u00e3o, desde que n\u00e3o se embuta nenhum jabuti, \u00e9 uma medida que julgo consensual. Eu adiaria para come\u00e7o de novembro, por exemplo, as emendas parlamentares (ao Or\u00e7amento de 2019) para deixar que cada coisa seja tratada com sua devida prioridade<\/em>&#8220;.<\/p>\n<p>Uma terceira MP tamb\u00e9m est\u00e1 na pauta: \u00e9 a que revoga o regime especial de tributa\u00e7\u00e3o para a ind\u00fastria qu\u00edmica na compra de insumos como nafta petroqu\u00edmica, etano, propano e butano, por exemplo (MP 836).<\/p>\n<p><strong><em>*Reportagem &#8211; Luiz Gustavo Xavier\/R\u00e1dio Cara\u00edba<\/em><\/strong><\/p>\n","protected":false},"excerpt":{"rendered":"<p>L\u00edderes acreditam que temas pol\u00eamicos n\u00e3o ser\u00e3o votados antes do segundo turno das elei\u00e7\u00f5es Tr\u00eas medidas provis\u00f3rias, destaques do projeto que torna obrigat\u00f3rio o cadastro positivo obrigat\u00f3rio e o texto (PL 2724\/15) que permite o capital estrangeiro controlar empresas a\u00e9reas est\u00e3o na pauta do Plen\u00e1rio da C\u00e2mara. L\u00edderes acreditam que temas controversos e pol\u00eamicos n\u00e3o [&hellip;]<\/p>\n","protected":false},"author":2,"featured_media":0,"comment_status":"open","ping_status":"open","sticky":false,"template":"","format":"standard","meta":{"_acf_changed":false,"_monsterinsights_skip_tracking":false,"_monsterinsights_sitenote_active":false,"_monsterinsights_sitenote_note":"","_monsterinsights_sitenote_category":0,"_jetpack_memberships_contains_paid_content":false,"footnotes":"","jetpack_publicize_message":"","jetpack_publicize_feature_enabled":true,"jetpack_social_post_already_shared":true,"jetpack_social_options":{"image_generator_settings":{"template":"highway","default_image_id":0,"font":"","enabled":false},"version":2}},"categories":[1,3],"tags":[],"class_list":["post-28425","post","type-post","status-publish","format-standard","hentry","category-noticias","category-politica"],"acf":[],"jetpack_publicize_connections":[],"jetpack_featured_media_url":"","jetpack_sharing_enabled":true,"publishpress_future_workflow_manual_trigger":{"enabledWorkflows":[]},"_links":{"self":[{"href":"https:\/\/blogdoeloiltoncajuhy.com.br\/site\/wp-json\/wp\/v2\/posts\/28425","targetHints":{"allow":["GET"]}}],"collection":[{"href":"https:\/\/blogdoeloiltoncajuhy.com.br\/site\/wp-json\/wp\/v2\/posts"}],"about":[{"href":"https:\/\/blogdoeloiltoncajuhy.com.br\/site\/wp-json\/wp\/v2\/types\/post"}],"author":[{"embeddable":true,"href":"https:\/\/blogdoeloiltoncajuhy.com.br\/site\/wp-json\/wp\/v2\/users\/2"}],"replies":[{"embeddable":true,"href":"https:\/\/blogdoeloiltoncajuhy.com.br\/site\/wp-json\/wp\/v2\/comments?post=28425"}],"version-history":[{"count":1,"href":"https:\/\/blogdoeloiltoncajuhy.com.br\/site\/wp-json\/wp\/v2\/posts\/28425\/revisions"}],"predecessor-version":[{"id":28426,"href":"https:\/\/blogdoeloiltoncajuhy.com.br\/site\/wp-json\/wp\/v2\/posts\/28425\/revisions\/28426"}],"wp:attachment":[{"href":"https:\/\/blogdoeloiltoncajuhy.com.br\/site\/wp-json\/wp\/v2\/media?parent=28425"}],"wp:term":[{"taxonomy":"category","embeddable":true,"href":"https:\/\/blogdoeloiltoncajuhy.com.br\/site\/wp-json\/wp\/v2\/categories?post=28425"},{"taxonomy":"post_tag","embeddable":true,"href":"https:\/\/blogdoeloiltoncajuhy.com.br\/site\/wp-json\/wp\/v2\/tags?post=28425"}],"curies":[{"name":"wp","href":"https:\/\/api.w.org\/{rel}","templated":true}]}}