{"id":28423,"date":"2018-10-10T08:44:20","date_gmt":"2018-10-10T11:44:20","guid":{"rendered":"http:\/\/blogdoeloiltoncajuhy.com.br\/site\/?p=28423"},"modified":"2018-10-10T08:44:20","modified_gmt":"2018-10-10T11:44:20","slug":"apesar-de-crescimento-no-numero-de-mulheres-e-negros-futura-camara-ainda-sera-predominantemente-branca-e-masculina","status":"publish","type":"post","link":"https:\/\/blogdoeloiltoncajuhy.com.br\/site\/apesar-de-crescimento-no-numero-de-mulheres-e-negros-futura-camara-ainda-sera-predominantemente-branca-e-masculina\/","title":{"rendered":"Apesar de crescimento no n\u00famero de mulheres e negros, futura C\u00e2mara ainda ser\u00e1 predominantemente branca e masculina"},"content":{"rendered":"<h5 style=\"text-align: center;\"><em>Conhe\u00e7a o perfil dos parlamentares eleitos<\/em><\/h5>\n<p><a href=\"https:\/\/i0.wp.com\/blogdoeloiltoncajuhy.com.br\/site\/wp-content\/uploads\/2018\/09\/congresso-nacional-camara.jpg\"><img data-recalc-dims=\"1\" fetchpriority=\"high\" decoding=\"async\" class=\"aligncenter size-full wp-image-28170\" src=\"https:\/\/i0.wp.com\/blogdoeloiltoncajuhy.com.br\/site\/wp-content\/uploads\/2018\/09\/congresso-nacional-camara.jpg?resize=620%2C350\" alt=\"\" width=\"620\" height=\"350\" srcset=\"https:\/\/i0.wp.com\/blogdoeloiltoncajuhy.com.br\/site\/wp-content\/uploads\/2018\/09\/congresso-nacional-camara.jpg?w=620&amp;ssl=1 620w, https:\/\/i0.wp.com\/blogdoeloiltoncajuhy.com.br\/site\/wp-content\/uploads\/2018\/09\/congresso-nacional-camara.jpg?resize=300%2C169&amp;ssl=1 300w, https:\/\/i0.wp.com\/blogdoeloiltoncajuhy.com.br\/site\/wp-content\/uploads\/2018\/09\/congresso-nacional-camara.jpg?resize=250%2C141&amp;ssl=1 250w\" sizes=\"(max-width: 620px) 100vw, 620px\" \/><\/a>Com o resultado das elei\u00e7\u00f5es, a C\u00e2mara Federal apresenta renova\u00e7\u00e3o de 47 por cento, mas sem altera\u00e7\u00f5es expressivas em seu perfil geral.<\/p>\n<p>O n\u00famero de deputados negros cresceu na elei\u00e7\u00e3o de 2018 na compara\u00e7\u00e3o com 2014, mas continua sub-representado na C\u00e2mara dos Deputados em rela\u00e7\u00e3o ao tamanho da popula\u00e7\u00e3o. Agora, s\u00e3o 24 por cento da composi\u00e7\u00e3o da C\u00e2mara, e em 2014 eram 20 por cento. De acordo com a \u00faltima Pesquisa Nacional por Amostra de Domic\u00edlios Cont\u00ednua, os negros, somat\u00f3rio de pretos e pardos, eram 55 por cento da popula\u00e7\u00e3o (54,9%).<\/p>\n<p>H\u00e1 apenas um ind\u00edgena. Ali\u00e1s, a primeira mulher ind\u00edgena eleita deputada federal. \u00c9 a advogada Jo\u00eania Wapichana, da Rede de Roraima.<\/p>\n<p>Com rela\u00e7\u00e3o \u00e0 presen\u00e7a de mulheres, h\u00e1 tamb\u00e9m um crescimento, mas que novamente est\u00e1 longe de representar o n\u00famero de mulheres na sociedade. Enquanto mulheres s\u00e3o maioria no Brasil, na C\u00e2mara elas ser\u00e3o 77, ou seja, 15 por cento. Hoje, a bancada feminina tem 51 deputadas.<\/p>\n<p>Maranh\u00e3o, Sergipe e Amazonas n\u00e3o elegeram nenhuma mulher. O Distrito Federal, que elegeu 5 mulheres em uma bancada composta por 8 deputados, foi proporcionalmente o estado que mais elegeu deputadas.<\/p>\n<p>Tanto o deputado mais jovem quanto o mais idoso da nova C\u00e2mara compartilham o nome e o g\u00eanero, feminino. Luisa Canziani, do PTB do Paran\u00e1, tem 22 anos. E Luiza Erundina, do PSOL de S\u00e3o Paulo, tem 83 anos. Canziani estreia na C\u00e2mara e Erundina vai para o sexto mandato consecutivo.<\/p>\n<p>Dos 513, 28 deputados t\u00eam menos de 30 anos.\u00a0O doutor em Ci\u00eancia Pol\u00edtica Paulo Eduardo Rocha avalia como discreto o crescimento de negros e mulheres, e acredita que a juventude eleita n\u00e3o representar\u00e1 um avan\u00e7o em vis\u00f5es progressistas no Congresso.<\/p>\n<p>&#8220;<em>A gente tem um crescimento discreto de negros e mulheres, mas ainda me parece que \u00e9 uma eleva\u00e7\u00e3o pequena, frente \u00e0 expectativa da sociedade. No que diz respeito \u00e0 forma\u00e7\u00e3o geral, a gente tem observado a\u00ed um n\u00famero maior de jovens que chegam com uma nova mensagem, com proposta de renova\u00e7\u00e3o, embora essa proposta de renova\u00e7\u00e3o hoje, ela tenha tamb\u00e9m tra\u00e7os, me parece, fortemente conservadores<\/em>&#8220;.<\/p>\n<p>Um exemplo de jovem com vis\u00e3o conservadora \u00e9 Kim Kataguiri, do DEM de S\u00e3o Paulo, poucos meses mais velho que Luisa Canziani.<\/p>\n<p>Com rela\u00e7\u00e3o \u00e0s profiss\u00f5es, entre os 513 eleitos, 236 se declararam pol\u00edticos profissionais. Os empres\u00e1rios v\u00eam em segundo lugar, com 51 deputados eleitos. Advogados ocupam a terceira posi\u00e7\u00e3o, com 39 eleitos. 80 por cento do total t\u00eam ensino superior completo.<\/p>\n<p><em><strong>*Reportagem &#8211; Paula Bittar\/R\u00e1dio C\u00e2mara<\/strong><\/em><\/p>\n","protected":false},"excerpt":{"rendered":"<p>Conhe\u00e7a o perfil dos parlamentares eleitos Com o resultado das elei\u00e7\u00f5es, a C\u00e2mara Federal apresenta renova\u00e7\u00e3o de 47 por cento, mas sem altera\u00e7\u00f5es expressivas em seu perfil geral. O n\u00famero de deputados negros cresceu na elei\u00e7\u00e3o de 2018 na compara\u00e7\u00e3o com 2014, mas continua sub-representado na C\u00e2mara dos Deputados em rela\u00e7\u00e3o ao tamanho da popula\u00e7\u00e3o. [&hellip;]<\/p>\n","protected":false},"author":2,"featured_media":0,"comment_status":"open","ping_status":"open","sticky":false,"template":"","format":"standard","meta":{"_acf_changed":false,"_monsterinsights_skip_tracking":false,"_monsterinsights_sitenote_active":false,"_monsterinsights_sitenote_note":"","_monsterinsights_sitenote_category":0,"_jetpack_memberships_contains_paid_content":false,"footnotes":"","jetpack_publicize_message":"","jetpack_publicize_feature_enabled":true,"jetpack_social_post_already_shared":true,"jetpack_social_options":{"image_generator_settings":{"template":"highway","default_image_id":0,"font":"","enabled":false},"version":2}},"categories":[1,3],"tags":[],"class_list":["post-28423","post","type-post","status-publish","format-standard","hentry","category-noticias","category-politica"],"acf":[],"jetpack_publicize_connections":[],"jetpack_featured_media_url":"","jetpack_sharing_enabled":true,"publishpress_future_workflow_manual_trigger":{"enabledWorkflows":[]},"_links":{"self":[{"href":"https:\/\/blogdoeloiltoncajuhy.com.br\/site\/wp-json\/wp\/v2\/posts\/28423","targetHints":{"allow":["GET"]}}],"collection":[{"href":"https:\/\/blogdoeloiltoncajuhy.com.br\/site\/wp-json\/wp\/v2\/posts"}],"about":[{"href":"https:\/\/blogdoeloiltoncajuhy.com.br\/site\/wp-json\/wp\/v2\/types\/post"}],"author":[{"embeddable":true,"href":"https:\/\/blogdoeloiltoncajuhy.com.br\/site\/wp-json\/wp\/v2\/users\/2"}],"replies":[{"embeddable":true,"href":"https:\/\/blogdoeloiltoncajuhy.com.br\/site\/wp-json\/wp\/v2\/comments?post=28423"}],"version-history":[{"count":1,"href":"https:\/\/blogdoeloiltoncajuhy.com.br\/site\/wp-json\/wp\/v2\/posts\/28423\/revisions"}],"predecessor-version":[{"id":28424,"href":"https:\/\/blogdoeloiltoncajuhy.com.br\/site\/wp-json\/wp\/v2\/posts\/28423\/revisions\/28424"}],"wp:attachment":[{"href":"https:\/\/blogdoeloiltoncajuhy.com.br\/site\/wp-json\/wp\/v2\/media?parent=28423"}],"wp:term":[{"taxonomy":"category","embeddable":true,"href":"https:\/\/blogdoeloiltoncajuhy.com.br\/site\/wp-json\/wp\/v2\/categories?post=28423"},{"taxonomy":"post_tag","embeddable":true,"href":"https:\/\/blogdoeloiltoncajuhy.com.br\/site\/wp-json\/wp\/v2\/tags?post=28423"}],"curies":[{"name":"wp","href":"https:\/\/api.w.org\/{rel}","templated":true}]}}