{"id":28415,"date":"2018-10-09T19:55:21","date_gmt":"2018-10-09T22:55:21","guid":{"rendered":"http:\/\/blogdoeloiltoncajuhy.com.br\/site\/?p=28415"},"modified":"2018-10-09T19:55:21","modified_gmt":"2018-10-09T22:55:21","slug":"suspeito-de-matar-mestre-de-capoeira-apos-discussao-politica-tem-prisao-preventiva-decretada","status":"publish","type":"post","link":"https:\/\/blogdoeloiltoncajuhy.com.br\/site\/suspeito-de-matar-mestre-de-capoeira-apos-discussao-politica-tem-prisao-preventiva-decretada\/","title":{"rendered":"Suspeito de matar mestre de capoeira ap\u00f3s discuss\u00e3o pol\u00edtica tem pris\u00e3o preventiva decretada"},"content":{"rendered":"<h5 style=\"text-align: center;\"><em>Paulo S\u00e9rgio Ferreira Santana, 36 anos, passou por audi\u00eancia de cust\u00f3dia nesta ter\u00e7a-feira (9), na Central de Flagrante, em Salvador<\/em><\/h5>\n<figure id=\"attachment_28416\" aria-describedby=\"caption-attachment-28416\" style=\"width: 1344px\" class=\"wp-caption aligncenter\"><a href=\"https:\/\/i0.wp.com\/blogdoeloiltoncajuhy.com.br\/site\/wp-content\/uploads\/2018\/10\/paulo-sergio-assassino-moa.jpeg\"><img data-recalc-dims=\"1\" fetchpriority=\"high\" decoding=\"async\" class=\"wp-image-28416 size-full\" src=\"https:\/\/i0.wp.com\/blogdoeloiltoncajuhy.com.br\/site\/wp-content\/uploads\/2018\/10\/paulo-sergio-assassino-moa.jpeg?resize=800%2C600\" alt=\"\" width=\"800\" height=\"600\" srcset=\"https:\/\/i0.wp.com\/blogdoeloiltoncajuhy.com.br\/site\/wp-content\/uploads\/2018\/10\/paulo-sergio-assassino-moa.jpeg?w=1344&amp;ssl=1 1344w, https:\/\/i0.wp.com\/blogdoeloiltoncajuhy.com.br\/site\/wp-content\/uploads\/2018\/10\/paulo-sergio-assassino-moa.jpeg?resize=300%2C225&amp;ssl=1 300w, https:\/\/i0.wp.com\/blogdoeloiltoncajuhy.com.br\/site\/wp-content\/uploads\/2018\/10\/paulo-sergio-assassino-moa.jpeg?resize=768%2C576&amp;ssl=1 768w, https:\/\/i0.wp.com\/blogdoeloiltoncajuhy.com.br\/site\/wp-content\/uploads\/2018\/10\/paulo-sergio-assassino-moa.jpeg?resize=1024%2C768&amp;ssl=1 1024w, https:\/\/i0.wp.com\/blogdoeloiltoncajuhy.com.br\/site\/wp-content\/uploads\/2018\/10\/paulo-sergio-assassino-moa.jpeg?resize=250%2C188&amp;ssl=1 250w\" sizes=\"(max-width: 800px) 100vw, 800px\" \/><\/a><figcaption id=\"caption-attachment-28416\" class=\"wp-caption-text\">Paulo S\u00e9rgio (de camisa listrada) passou por audi\u00eancia de cust\u00f3dia nesta ter\u00e7a-feira (9), em Salvador \u2014 Foto: Jo\u00e3o Souza\/ G1<\/figcaption><\/figure>\n<p>Ap\u00f3s audi\u00eancia de cust\u00f3dia realizada na tarde desta ter\u00e7a-feira (9), a Justi\u00e7a decretou a pris\u00e3o preventiva de <strong>Paulo S\u00e9rgio Ferreira de Santana<\/strong>, de 36 anos, suspeito de matar o mestre de capoeira <strong>Moa do Katend\u00ea<\/strong>, durante uma discuss\u00e3o pol\u00edtica na madrugada de segunda-feira (8).<\/p>\n<p>A decis\u00e3o foi do juiz Hor\u00e1cio Pinheiro. Agora, o suspeito ser\u00e1 encaminhado para o sistema prisional, onde vai aguardar o julgamento.<\/p>\n<p>Romualdo Ros\u00e1rio da Costa, mais conhecido como mestre Moa, de 63 anos foi esfaqueado ap\u00f3s dizer ao suspeito do crime, que era contra o candidato \u00e0 Presid\u00eancia da Rep\u00fablica Jair Bolsonaro (PSL) e que tinha votado no PT. Paulo foi preso e confessou o crime.<\/p>\n<p>O primo da v\u00edtima, Germ\u00ednio do Amor Divino Pereira, 51 anos, que ficou ferido no mesmo ataque, teve alta nesta ter\u00e7a-feira, e contou como o crime aconteceu.\u00a0O compositor, dan\u00e7arino capoeirista, og\u00e3-percussionista, artes\u00e3o e educador na propaga\u00e7\u00e3o da cultura afro-brasileira completaria 64 de vida no dia 29 de outubro.<\/p>\n<figure id=\"attachment_28417\" aria-describedby=\"caption-attachment-28417\" style=\"width: 600px\" class=\"wp-caption aligncenter\"><a href=\"https:\/\/i0.wp.com\/blogdoeloiltoncajuhy.com.br\/site\/wp-content\/uploads\/2018\/10\/gilberto-gil_moa.jpg\"><img data-recalc-dims=\"1\" decoding=\"async\" class=\"wp-image-28417 size-full\" src=\"https:\/\/i0.wp.com\/blogdoeloiltoncajuhy.com.br\/site\/wp-content\/uploads\/2018\/10\/gilberto-gil_moa.jpg?resize=600%2C503\" alt=\"\" width=\"600\" height=\"503\" srcset=\"https:\/\/i0.wp.com\/blogdoeloiltoncajuhy.com.br\/site\/wp-content\/uploads\/2018\/10\/gilberto-gil_moa.jpg?w=600&amp;ssl=1 600w, https:\/\/i0.wp.com\/blogdoeloiltoncajuhy.com.br\/site\/wp-content\/uploads\/2018\/10\/gilberto-gil_moa.jpg?resize=300%2C252&amp;ssl=1 300w, https:\/\/i0.wp.com\/blogdoeloiltoncajuhy.com.br\/site\/wp-content\/uploads\/2018\/10\/gilberto-gil_moa.jpg?resize=250%2C210&amp;ssl=1 250w\" sizes=\"(max-width: 600px) 100vw, 600px\" \/><\/a><figcaption id=\"caption-attachment-28417\" class=\"wp-caption-text\">Reprodu\u00e7\u00e3o: Instagram<\/figcaption><\/figure>\n<p>O m\u00fasico baiano Gilberto Gil usou as redes sociais nesta ter\u00e7a-feira para homenagear a v\u00edtima. O cantor destacou em uma publica\u00e7\u00e3o pelo Instagram, a contribui\u00e7\u00e3o cultural do capoeirista para o estado e outros legados.\u00a0Na segunda-feira, os cantores Caetano Veloso e Daniela Mercury tamb\u00e9m fizeram homenagens ao mestre de capoeira.<\/p>\n<p>Segundo informa\u00e7\u00f5es da SSP, Paulo S\u00e9rgio reagiu com viol\u00eancia ap\u00f3s ouvir o mestre de capoeira afirmar que o grupo com o qual ele estava votava no PT. Em seguida, Paulo saiu do bar e foi em casa, onde pegou uma faca do tipo peixeira e depois retornou para o local onde Moa estava e esfaqueou o capoeirista.<\/p>\n<p>O suspeito fugiu por um beco, mas foi preso pela Pol\u00edcia Militar logo ap\u00f3s o crime. Os PMs foram acionados por testemunhas. Segundo a pol\u00edcia, em depoimento, o suspeito afirmou que entrou em luta corporal com o mestre de capoeira antes de esfaquear a v\u00edtima.<\/p>\n<p>&#8220;<em>Ele [Paulo S\u00e9rgio] disse que no momento em que ele voltou para o bar, ele se embolou com a v\u00edtima. As testemunhas n\u00e3o confirmam essa vers\u00e3o. Inicialmente, eles discutiram por diverg\u00eancia pol\u00edtica<\/em>&#8220;, disse a delegada Milena Calmon.<\/p>\n<p>Ainda conforme a pol\u00edcia, o suspeito ainda disse que foi xingado e que estava consumindo bebida alco\u00f3lica desde o in\u00edcio da manh\u00e3 de domingo. A pol\u00edcia informou que ele disse que estava arrependido de ter cometido o crime.<\/p>\n<p><em><strong><a href=\"https:\/\/i0.wp.com\/blogdoeloiltoncajuhy.com.br\/site\/wp-content\/uploads\/2018\/10\/moa-katende.jpg\"><img data-recalc-dims=\"1\" decoding=\"async\" class=\"aligncenter size-full wp-image-28394\" src=\"https:\/\/i0.wp.com\/blogdoeloiltoncajuhy.com.br\/site\/wp-content\/uploads\/2018\/10\/moa-katende.jpg?resize=640%2C360\" alt=\"\" width=\"640\" height=\"360\" srcset=\"https:\/\/i0.wp.com\/blogdoeloiltoncajuhy.com.br\/site\/wp-content\/uploads\/2018\/10\/moa-katende.jpg?w=640&amp;ssl=1 640w, https:\/\/i0.wp.com\/blogdoeloiltoncajuhy.com.br\/site\/wp-content\/uploads\/2018\/10\/moa-katende.jpg?resize=300%2C169&amp;ssl=1 300w, https:\/\/i0.wp.com\/blogdoeloiltoncajuhy.com.br\/site\/wp-content\/uploads\/2018\/10\/moa-katende.jpg?resize=250%2C141&amp;ssl=1 250w\" sizes=\"(max-width: 640px) 100vw, 640px\" \/><\/a>*G1 BA<\/strong><\/em><\/p>\n","protected":false},"excerpt":{"rendered":"<p>Paulo S\u00e9rgio Ferreira Santana, 36 anos, passou por audi\u00eancia de cust\u00f3dia nesta ter\u00e7a-feira (9), na Central de Flagrante, em Salvador Ap\u00f3s audi\u00eancia de cust\u00f3dia realizada na tarde desta ter\u00e7a-feira (9), a Justi\u00e7a decretou a pris\u00e3o preventiva de Paulo S\u00e9rgio Ferreira de Santana, de 36 anos, suspeito de matar o mestre de capoeira Moa do Katend\u00ea, [&hellip;]<\/p>\n","protected":false},"author":2,"featured_media":28417,"comment_status":"open","ping_status":"open","sticky":false,"template":"","format":"standard","meta":{"_acf_changed":false,"_monsterinsights_skip_tracking":false,"_monsterinsights_sitenote_active":false,"_monsterinsights_sitenote_note":"","_monsterinsights_sitenote_category":0,"_jetpack_memberships_contains_paid_content":false,"footnotes":"","jetpack_publicize_message":"","jetpack_publicize_feature_enabled":true,"jetpack_social_post_already_shared":true,"jetpack_social_options":{"image_generator_settings":{"template":"highway","default_image_id":0,"font":"","enabled":false},"version":2}},"categories":[5,1],"tags":[],"class_list":["post-28415","post","type-post","status-publish","format-standard","has-post-thumbnail","hentry","category-cotidiano","category-noticias"],"acf":[],"jetpack_publicize_connections":[],"jetpack_featured_media_url":"https:\/\/i0.wp.com\/blogdoeloiltoncajuhy.com.br\/site\/wp-content\/uploads\/2018\/10\/gilberto-gil_moa.jpg?fit=600%2C503&ssl=1","jetpack_sharing_enabled":true,"publishpress_future_workflow_manual_trigger":{"enabledWorkflows":[]},"_links":{"self":[{"href":"https:\/\/blogdoeloiltoncajuhy.com.br\/site\/wp-json\/wp\/v2\/posts\/28415","targetHints":{"allow":["GET"]}}],"collection":[{"href":"https:\/\/blogdoeloiltoncajuhy.com.br\/site\/wp-json\/wp\/v2\/posts"}],"about":[{"href":"https:\/\/blogdoeloiltoncajuhy.com.br\/site\/wp-json\/wp\/v2\/types\/post"}],"author":[{"embeddable":true,"href":"https:\/\/blogdoeloiltoncajuhy.com.br\/site\/wp-json\/wp\/v2\/users\/2"}],"replies":[{"embeddable":true,"href":"https:\/\/blogdoeloiltoncajuhy.com.br\/site\/wp-json\/wp\/v2\/comments?post=28415"}],"version-history":[{"count":1,"href":"https:\/\/blogdoeloiltoncajuhy.com.br\/site\/wp-json\/wp\/v2\/posts\/28415\/revisions"}],"predecessor-version":[{"id":28418,"href":"https:\/\/blogdoeloiltoncajuhy.com.br\/site\/wp-json\/wp\/v2\/posts\/28415\/revisions\/28418"}],"wp:featuredmedia":[{"embeddable":true,"href":"https:\/\/blogdoeloiltoncajuhy.com.br\/site\/wp-json\/wp\/v2\/media\/28417"}],"wp:attachment":[{"href":"https:\/\/blogdoeloiltoncajuhy.com.br\/site\/wp-json\/wp\/v2\/media?parent=28415"}],"wp:term":[{"taxonomy":"category","embeddable":true,"href":"https:\/\/blogdoeloiltoncajuhy.com.br\/site\/wp-json\/wp\/v2\/categories?post=28415"},{"taxonomy":"post_tag","embeddable":true,"href":"https:\/\/blogdoeloiltoncajuhy.com.br\/site\/wp-json\/wp\/v2\/tags?post=28415"}],"curies":[{"name":"wp","href":"https:\/\/api.w.org\/{rel}","templated":true}]}}