{"id":28409,"date":"2018-10-09T16:04:11","date_gmt":"2018-10-09T19:04:11","guid":{"rendered":"http:\/\/blogdoeloiltoncajuhy.com.br\/site\/?p=28409"},"modified":"2018-10-09T16:04:11","modified_gmt":"2018-10-09T19:04:11","slug":"seccionais-da-oab-do-nordeste-repudiam-ataques-a-nordestinos-nas-redes-sociais","status":"publish","type":"post","link":"https:\/\/blogdoeloiltoncajuhy.com.br\/site\/seccionais-da-oab-do-nordeste-repudiam-ataques-a-nordestinos-nas-redes-sociais\/","title":{"rendered":"Seccionais da OAB do Nordeste repudiam ataques a nordestinos nas redes sociais"},"content":{"rendered":"<figure id=\"attachment_28410\" aria-describedby=\"caption-attachment-28410\" style=\"width: 460px\" class=\"wp-caption aligncenter\"><a href=\"https:\/\/i0.wp.com\/blogdoeloiltoncajuhy.com.br\/site\/wp-content\/uploads\/2018\/10\/oab_out-2018.jpg\"><img data-recalc-dims=\"1\" fetchpriority=\"high\" decoding=\"async\" class=\"wp-image-28410\" src=\"https:\/\/i0.wp.com\/blogdoeloiltoncajuhy.com.br\/site\/wp-content\/uploads\/2018\/10\/oab_out-2018.jpg?resize=460%2C339\" alt=\"\" width=\"460\" height=\"339\" srcset=\"https:\/\/i0.wp.com\/blogdoeloiltoncajuhy.com.br\/site\/wp-content\/uploads\/2018\/10\/oab_out-2018.jpg?w=380&amp;ssl=1 380w, https:\/\/i0.wp.com\/blogdoeloiltoncajuhy.com.br\/site\/wp-content\/uploads\/2018\/10\/oab_out-2018.jpg?resize=300%2C221&amp;ssl=1 300w, https:\/\/i0.wp.com\/blogdoeloiltoncajuhy.com.br\/site\/wp-content\/uploads\/2018\/10\/oab_out-2018.jpg?resize=250%2C184&amp;ssl=1 250w\" sizes=\"(max-width: 460px) 100vw, 460px\" \/><\/a><figcaption id=\"caption-attachment-28410\" class=\"wp-caption-text\">Foto: Divulga\u00e7\u00e3o<\/figcaption><\/figure>\n<p>Os presidentes de todas as seccionais da Ordem dos Advogados do Brasil (OAB) no Nordeste manifestarem rep\u00fadio \u00e0s diversas manifesta\u00e7\u00f5es discriminat\u00f3rias contra o povo nordestino. As manifesta\u00e7\u00f5es ofensivas foram divulgadas nas m\u00eddias sociais desde a publica\u00e7\u00e3o do resultado do primeiro turno das elei\u00e7\u00f5es presidenciais em curso, ocorridas no domingo (7). A nota \u00e9 assinada pela OAB da Bahia, Alagoas, Cear\u00e1, Maranh\u00e3o, Para\u00edba, Pernambuco, Piau\u00ed, Rio Grande do Norte e Sergipe.<\/p>\n<p>\u201c<em>O Brasil vive um momento crucial em sua democracia e, no processo eleitoral, \u00e9 leg\u00edtima a pluralidade de ideias e de projetos pol\u00edticos que expressem os diversos anseios e ideais da nossa popula\u00e7\u00e3o. Contudo, as manifesta\u00e7\u00f5es pol\u00edticas devem sempre respeitar os princ\u00edpios e valores fundamentais da ordem republicana, notadamente a toler\u00e2ncia, a dignidade da pessoa humana e o objetivo comum de constru\u00e7\u00e3o de uma sociedade livre, justa e solid\u00e1ria<\/em>\u201d, diz o comunicado das seccionais da Ordem.<\/p>\n<p>Para institui\u00e7\u00e3o, \u00e9 importante o confronto de ideias em campanhas eleitorais, mas n\u00e3o pode haver \u201c<em>discurso de \u00f3dio<\/em>\u201d e \u201c<em>manifesta\u00e7\u00f5es discriminat\u00f3rias<\/em>\u201d, por violar o \u201c<em>princ\u00edpio democr\u00e1tico<\/em>\u201d. \u201c<em>O crime de racismo, declarado inafian\u00e7\u00e1vel e imprescrit\u00edvel pelo Constituinte origin\u00e1rio, deve ser repudiado e combatido por todos os cidad\u00e3os brasileiros, independentemente de suas convic\u00e7\u00f5es pol\u00edticas e das correntes ideol\u00f3gicas que abracem<\/em>\u201d, frisa a nota. \u201c<em>O delicado momento vivido por nossa jovem democracia exige de todos o empenho por manter a uni\u00e3o do povo brasileiro em toda a sua diversidade, n\u00e3o apenas de ra\u00e7a, sexo e cor, mas tamb\u00e9m de origem. Os representantes da advocacia nordestina manifestam, pois, seu permanente e intransigente compromisso com os valores democr\u00e1ticos e com o combate a todas as formas de racismo e de discrimina\u00e7\u00e3o<\/em>\u201d.<\/p>\n<p><em><strong>*Bahia Not\u00edcias<\/strong><\/em><\/p>\n","protected":false},"excerpt":{"rendered":"<p>Os presidentes de todas as seccionais da Ordem dos Advogados do Brasil (OAB) no Nordeste manifestarem rep\u00fadio \u00e0s diversas manifesta\u00e7\u00f5es discriminat\u00f3rias contra o povo nordestino. As manifesta\u00e7\u00f5es ofensivas foram divulgadas nas m\u00eddias sociais desde a publica\u00e7\u00e3o do resultado do primeiro turno das elei\u00e7\u00f5es presidenciais em curso, ocorridas no domingo (7). A nota \u00e9 assinada pela [&hellip;]<\/p>\n","protected":false},"author":2,"featured_media":28410,"comment_status":"open","ping_status":"open","sticky":false,"template":"","format":"standard","meta":{"_acf_changed":false,"_monsterinsights_skip_tracking":false,"_monsterinsights_sitenote_active":false,"_monsterinsights_sitenote_note":"","_monsterinsights_sitenote_category":0,"_jetpack_memberships_contains_paid_content":false,"footnotes":"","jetpack_publicize_message":"","jetpack_publicize_feature_enabled":true,"jetpack_social_post_already_shared":true,"jetpack_social_options":{"image_generator_settings":{"template":"highway","default_image_id":0,"font":"","enabled":false},"version":2}},"categories":[5,1,3],"tags":[],"class_list":["post-28409","post","type-post","status-publish","format-standard","has-post-thumbnail","hentry","category-cotidiano","category-noticias","category-politica"],"acf":[],"jetpack_publicize_connections":[],"jetpack_featured_media_url":"https:\/\/i0.wp.com\/blogdoeloiltoncajuhy.com.br\/site\/wp-content\/uploads\/2018\/10\/oab_out-2018.jpg?fit=380%2C280&ssl=1","jetpack_sharing_enabled":true,"publishpress_future_workflow_manual_trigger":{"enabledWorkflows":[]},"_links":{"self":[{"href":"https:\/\/blogdoeloiltoncajuhy.com.br\/site\/wp-json\/wp\/v2\/posts\/28409","targetHints":{"allow":["GET"]}}],"collection":[{"href":"https:\/\/blogdoeloiltoncajuhy.com.br\/site\/wp-json\/wp\/v2\/posts"}],"about":[{"href":"https:\/\/blogdoeloiltoncajuhy.com.br\/site\/wp-json\/wp\/v2\/types\/post"}],"author":[{"embeddable":true,"href":"https:\/\/blogdoeloiltoncajuhy.com.br\/site\/wp-json\/wp\/v2\/users\/2"}],"replies":[{"embeddable":true,"href":"https:\/\/blogdoeloiltoncajuhy.com.br\/site\/wp-json\/wp\/v2\/comments?post=28409"}],"version-history":[{"count":1,"href":"https:\/\/blogdoeloiltoncajuhy.com.br\/site\/wp-json\/wp\/v2\/posts\/28409\/revisions"}],"predecessor-version":[{"id":28411,"href":"https:\/\/blogdoeloiltoncajuhy.com.br\/site\/wp-json\/wp\/v2\/posts\/28409\/revisions\/28411"}],"wp:featuredmedia":[{"embeddable":true,"href":"https:\/\/blogdoeloiltoncajuhy.com.br\/site\/wp-json\/wp\/v2\/media\/28410"}],"wp:attachment":[{"href":"https:\/\/blogdoeloiltoncajuhy.com.br\/site\/wp-json\/wp\/v2\/media?parent=28409"}],"wp:term":[{"taxonomy":"category","embeddable":true,"href":"https:\/\/blogdoeloiltoncajuhy.com.br\/site\/wp-json\/wp\/v2\/categories?post=28409"},{"taxonomy":"post_tag","embeddable":true,"href":"https:\/\/blogdoeloiltoncajuhy.com.br\/site\/wp-json\/wp\/v2\/tags?post=28409"}],"curies":[{"name":"wp","href":"https:\/\/api.w.org\/{rel}","templated":true}]}}