{"id":28402,"date":"2018-10-09T09:21:15","date_gmt":"2018-10-09T12:21:15","guid":{"rendered":"http:\/\/blogdoeloiltoncajuhy.com.br\/site\/?p=28402"},"modified":"2018-10-09T09:21:33","modified_gmt":"2018-10-09T12:21:33","slug":"pressao-social-como-os-pais-podem-ajudar-os-filhos-a-descobrirem-sua-vocacao","status":"publish","type":"post","link":"https:\/\/blogdoeloiltoncajuhy.com.br\/site\/pressao-social-como-os-pais-podem-ajudar-os-filhos-a-descobrirem-sua-vocacao\/","title":{"rendered":"Press\u00e3o social: Como os pais podem ajudar os filhos a descobrirem sua voca\u00e7\u00e3o?"},"content":{"rendered":"<h5 style=\"text-align: center;\"><em>Pais, tenham em mente que a voca\u00e7\u00e3o \u00e9 algo pessoal!<\/em><\/h5>\n<figure id=\"attachment_28404\" aria-describedby=\"caption-attachment-28404\" style=\"width: 768px\" class=\"wp-caption aligncenter\"><a href=\"https:\/\/i0.wp.com\/blogdoeloiltoncajuhy.com.br\/site\/wp-content\/uploads\/2018\/10\/can%C3%A7%C3%A3o-nova-forma%C3%A7%C3%A3o-titulo.jpg\"><img data-recalc-dims=\"1\" fetchpriority=\"high\" decoding=\"async\" class=\"wp-image-28404 size-full\" src=\"https:\/\/i0.wp.com\/blogdoeloiltoncajuhy.com.br\/site\/wp-content\/uploads\/2018\/10\/can%C3%A7%C3%A3o-nova-forma%C3%A7%C3%A3o-titulo.jpg?resize=768%2C576\" alt=\"\" width=\"768\" height=\"576\" srcset=\"https:\/\/i0.wp.com\/blogdoeloiltoncajuhy.com.br\/site\/wp-content\/uploads\/2018\/10\/can%C3%A7%C3%A3o-nova-forma%C3%A7%C3%A3o-titulo.jpg?w=768&amp;ssl=1 768w, https:\/\/i0.wp.com\/blogdoeloiltoncajuhy.com.br\/site\/wp-content\/uploads\/2018\/10\/can%C3%A7%C3%A3o-nova-forma%C3%A7%C3%A3o-titulo.jpg?resize=300%2C225&amp;ssl=1 300w, https:\/\/i0.wp.com\/blogdoeloiltoncajuhy.com.br\/site\/wp-content\/uploads\/2018\/10\/can%C3%A7%C3%A3o-nova-forma%C3%A7%C3%A3o-titulo.jpg?resize=250%2C188&amp;ssl=1 250w\" sizes=\"(max-width: 768px) 100vw, 768px\" \/><\/a><figcaption id=\"caption-attachment-28404\" class=\"wp-caption-text\">Foto ilustrativa: PeopleImages by Getty Images<\/figcaption><\/figure>\n<p>A voca\u00e7\u00e3o vem impressa em cada ser, e quando falamos em voca\u00e7\u00e3o, n\u00e3o nos referimos apenas ao \u00e2mbito espiritual e religioso, mas a todas as outras \u00e1reas. Todos n\u00f3s trazemos em n\u00f3s uma s\u00e9rie de aptid\u00f5es naturais, um certo chamamento e interesses espec\u00edficos, compet\u00eancias que nos movem e impulsionam a realizarmos atividades relacionadas ao que desejamos ou sentimos.<\/p>\n<p>A voca\u00e7\u00e3o, portanto, \u00e9 o talento, a vontade e o prazer de realizar aquele chamado. Isso acontece ainda quando jovem, e \u00e9 papel dos pais ajudar os filhos a descobri-los.<\/p>\n<p>Quando o jovem atinge a \u00e9poca de escolher qual caminho profissional seguir, nasce a\u00ed um grande conflito interno, pois ele se v\u00ea tendo de escolher entre o que ele gosta e o que \u00e9 mais conveniente, o que lhe garante um futuro est\u00e1vel. A press\u00e3o interna que este jovem passa \u00e9 regada por muitas d\u00favidas e quest\u00f5es. Nesse momento, \u00e9 bom e necess\u00e1rio algu\u00e9m com experi\u00eancia para orient\u00e1-lo; e os pais, nessa hora, s\u00e3o extremamente importantes.<\/p>\n<p>Algo muito importante e real \u00e9 os pais terem em mente que o jovem n\u00e3o \u00e9 obrigado a seguir a mesma profiss\u00e3o que a deles. Por mais que os pais desejem isso, que a profiss\u00e3o seja rent\u00e1vel ou algo assim, a escolha da profiss\u00e3o \u00e9 algo pessoal e intransfer\u00edvel. Portanto, a orienta\u00e7\u00e3o come\u00e7a por a\u00ed: faz\u00ea-los descobrir e despertar para o seu pr\u00f3prio \u201cchamado\u201d. Por\u00e9m, falar sobre as profiss\u00f5es da fam\u00edlia, dos pais, tios, av\u00f3s, faz com que o jovem amplie sua vis\u00e3o e tenha contato com os diferentes caminhos que sua fam\u00edlia tomou. \u00c9 tamb\u00e9m muito importante inserir nas conversas de fam\u00edlia o assunto carreira e profiss\u00f5es. Podemos dizer que sempre \u00e9 tempo de investir no di\u00e1logo e saber escutar o que seus filhos t\u00eam para dizer.<\/p>\n<p><strong>Procure especializa\u00e7\u00e3o<\/strong><\/p>\n<p>Pesquise com eles e se informe sobre as profiss\u00f5es atuais e as melhores perspectivas do mercado de trabalho, a realidade profissional de cada \u00e1rea. Se poss\u00edvel, visitem as faculdades e os ambientes universit\u00e1rios. Ajude-os a distinguir o curso e carreira profissional. Existem diferentes cursos que podem levar para a mesma \u00e1rea que seu filho se sente chamado. Por exemplo, se ele se sente chamado para a \u00e1rea de comunica\u00e7\u00e3o, ter\u00e1 como op\u00e7\u00e3o o jornalismo, a comunica\u00e7\u00e3o social, publicidade e propaganda, cinema e v\u00eddeo, lingu\u00edstica, rela\u00e7\u00f5es p\u00fablicas e por a\u00ed vai.<\/p>\n<p>A op\u00e7\u00e3o do curso deve ser vista como base na qual o jovem construir\u00e1 sua carreira profissional, que mais \u00e0 frente poder\u00e1 ser apoiada por cursos de especializa\u00e7\u00e3o e p\u00f3s-gradua\u00e7\u00e3o ou outra gradua\u00e7\u00e3o complementar.<\/p>\n<p><a href=\"https:\/\/i0.wp.com\/blogdoeloiltoncajuhy.com.br\/site\/wp-content\/uploads\/2018\/10\/can%C3%A7%C3%A3o-nova-forma%C3%A7%C3%A3o.jpg\"><img data-recalc-dims=\"1\" decoding=\"async\" class=\"aligncenter size-full wp-image-28403\" src=\"https:\/\/i0.wp.com\/blogdoeloiltoncajuhy.com.br\/site\/wp-content\/uploads\/2018\/10\/can%C3%A7%C3%A3o-nova-forma%C3%A7%C3%A3o.jpg?resize=740%2C264\" alt=\"\" width=\"740\" height=\"264\" srcset=\"https:\/\/i0.wp.com\/blogdoeloiltoncajuhy.com.br\/site\/wp-content\/uploads\/2018\/10\/can%C3%A7%C3%A3o-nova-forma%C3%A7%C3%A3o.jpg?w=740&amp;ssl=1 740w, https:\/\/i0.wp.com\/blogdoeloiltoncajuhy.com.br\/site\/wp-content\/uploads\/2018\/10\/can%C3%A7%C3%A3o-nova-forma%C3%A7%C3%A3o.jpg?resize=300%2C107&amp;ssl=1 300w, https:\/\/i0.wp.com\/blogdoeloiltoncajuhy.com.br\/site\/wp-content\/uploads\/2018\/10\/can%C3%A7%C3%A3o-nova-forma%C3%A7%C3%A3o.jpg?resize=250%2C89&amp;ssl=1 250w\" sizes=\"(max-width: 740px) 100vw, 740px\" \/><\/a><\/p>\n","protected":false},"excerpt":{"rendered":"<p>Pais, tenham em mente que a voca\u00e7\u00e3o \u00e9 algo pessoal! A voca\u00e7\u00e3o vem impressa em cada ser, e quando falamos em voca\u00e7\u00e3o, n\u00e3o nos referimos apenas ao \u00e2mbito espiritual e religioso, mas a todas as outras \u00e1reas. Todos n\u00f3s trazemos em n\u00f3s uma s\u00e9rie de aptid\u00f5es naturais, um certo chamamento e interesses espec\u00edficos, compet\u00eancias que [&hellip;]<\/p>\n","protected":false},"author":2,"featured_media":28404,"comment_status":"open","ping_status":"open","sticky":false,"template":"","format":"standard","meta":{"_acf_changed":false,"_monsterinsights_skip_tracking":false,"_monsterinsights_sitenote_active":false,"_monsterinsights_sitenote_note":"","_monsterinsights_sitenote_category":0,"_jetpack_memberships_contains_paid_content":false,"footnotes":"","jetpack_publicize_message":"","jetpack_publicize_feature_enabled":true,"jetpack_social_post_already_shared":true,"jetpack_social_options":{"image_generator_settings":{"template":"highway","default_image_id":0,"font":"","enabled":false},"version":2}},"categories":[5,1,2],"tags":[],"class_list":["post-28402","post","type-post","status-publish","format-standard","has-post-thumbnail","hentry","category-cotidiano","category-noticias","category-opiniao"],"acf":[],"jetpack_publicize_connections":[],"jetpack_featured_media_url":"https:\/\/i0.wp.com\/blogdoeloiltoncajuhy.com.br\/site\/wp-content\/uploads\/2018\/10\/can%C3%A7%C3%A3o-nova-forma%C3%A7%C3%A3o-titulo.jpg?fit=768%2C576&ssl=1","jetpack_sharing_enabled":true,"publishpress_future_workflow_manual_trigger":{"enabledWorkflows":[]},"_links":{"self":[{"href":"https:\/\/blogdoeloiltoncajuhy.com.br\/site\/wp-json\/wp\/v2\/posts\/28402","targetHints":{"allow":["GET"]}}],"collection":[{"href":"https:\/\/blogdoeloiltoncajuhy.com.br\/site\/wp-json\/wp\/v2\/posts"}],"about":[{"href":"https:\/\/blogdoeloiltoncajuhy.com.br\/site\/wp-json\/wp\/v2\/types\/post"}],"author":[{"embeddable":true,"href":"https:\/\/blogdoeloiltoncajuhy.com.br\/site\/wp-json\/wp\/v2\/users\/2"}],"replies":[{"embeddable":true,"href":"https:\/\/blogdoeloiltoncajuhy.com.br\/site\/wp-json\/wp\/v2\/comments?post=28402"}],"version-history":[{"count":1,"href":"https:\/\/blogdoeloiltoncajuhy.com.br\/site\/wp-json\/wp\/v2\/posts\/28402\/revisions"}],"predecessor-version":[{"id":28405,"href":"https:\/\/blogdoeloiltoncajuhy.com.br\/site\/wp-json\/wp\/v2\/posts\/28402\/revisions\/28405"}],"wp:featuredmedia":[{"embeddable":true,"href":"https:\/\/blogdoeloiltoncajuhy.com.br\/site\/wp-json\/wp\/v2\/media\/28404"}],"wp:attachment":[{"href":"https:\/\/blogdoeloiltoncajuhy.com.br\/site\/wp-json\/wp\/v2\/media?parent=28402"}],"wp:term":[{"taxonomy":"category","embeddable":true,"href":"https:\/\/blogdoeloiltoncajuhy.com.br\/site\/wp-json\/wp\/v2\/categories?post=28402"},{"taxonomy":"post_tag","embeddable":true,"href":"https:\/\/blogdoeloiltoncajuhy.com.br\/site\/wp-json\/wp\/v2\/tags?post=28402"}],"curies":[{"name":"wp","href":"https:\/\/api.w.org\/{rel}","templated":true}]}}