{"id":28386,"date":"2018-10-08T07:58:41","date_gmt":"2018-10-08T10:58:41","guid":{"rendered":"http:\/\/blogdoeloiltoncajuhy.com.br\/site\/?p=28386"},"modified":"2018-10-08T07:58:41","modified_gmt":"2018-10-08T10:58:41","slug":"nordestinos-sao-atacados-nas-redes-sociais-apos-resultado-do-primeiro-turno","status":"publish","type":"post","link":"https:\/\/blogdoeloiltoncajuhy.com.br\/site\/nordestinos-sao-atacados-nas-redes-sociais-apos-resultado-do-primeiro-turno\/","title":{"rendered":"Nordestinos s\u00e3o atacados nas redes sociais ap\u00f3s resultado do primeiro turno"},"content":{"rendered":"<h5 style=\"text-align: center;\"><em><strong>Xingamentos ficaram entre os assuntos mais comentados na web<\/strong><\/em><\/h5>\n<figure id=\"attachment_28387\" aria-describedby=\"caption-attachment-28387\" style=\"width: 666px\" class=\"wp-caption aligncenter\"><a href=\"https:\/\/i0.wp.com\/blogdoeloiltoncajuhy.com.br\/site\/wp-content\/uploads\/2018\/10\/ataques-a-nordestinos_2018-01.jpg\"><img data-recalc-dims=\"1\" fetchpriority=\"high\" decoding=\"async\" class=\"wp-image-28387 size-full\" src=\"https:\/\/i0.wp.com\/blogdoeloiltoncajuhy.com.br\/site\/wp-content\/uploads\/2018\/10\/ataques-a-nordestinos_2018-01.jpg?resize=666%2C375\" alt=\"\" width=\"666\" height=\"375\" srcset=\"https:\/\/i0.wp.com\/blogdoeloiltoncajuhy.com.br\/site\/wp-content\/uploads\/2018\/10\/ataques-a-nordestinos_2018-01.jpg?w=666&amp;ssl=1 666w, https:\/\/i0.wp.com\/blogdoeloiltoncajuhy.com.br\/site\/wp-content\/uploads\/2018\/10\/ataques-a-nordestinos_2018-01.jpg?resize=300%2C169&amp;ssl=1 300w, https:\/\/i0.wp.com\/blogdoeloiltoncajuhy.com.br\/site\/wp-content\/uploads\/2018\/10\/ataques-a-nordestinos_2018-01.jpg?resize=250%2C141&amp;ssl=1 250w\" sizes=\"(max-width: 666px) 100vw, 666px\" \/><\/a><figcaption id=\"caption-attachment-28387\" class=\"wp-caption-text\">Montagem com ataques aos nordestinos nas redes sociais. Foto: Reprodu\u00e7\u00e3o<\/figcaption><\/figure>\n<p>Com cerca de 95% das urnas apuradas e o resultado de segundo turno entre Jair Bolsonaro (PSL) e Fernando Haddad (PT) definido, internautas come\u00e7aram a atacar o Nordeste \u2014 regi\u00e3o em que o Partido dos Trabalhadores conseguiu seu melhor resultado \u2014 nas redes sociais. Xingamentos e pedidos para que os estados daquela regi\u00e3o do pa\u00eds fossem separados do Brasil ficaram entre os assuntos mais comentados na web na noite deste domingo: &#8220;<em>Haddad no segundo turno, voc\u00eas t\u00e3o de sacanagem. Algu\u00e9m tira o nordeste a\u00ed, por favor<\/em>&#8220;,<\/p>\n<p>&#8220;<em>Se o nordestino tivesse a cabe\u00e7a redonda pensaria melhor<\/em>&#8220;, constava de uma das mensagens publicadas no Twitter.<\/p>\n<figure id=\"attachment_28388\" aria-describedby=\"caption-attachment-28388\" style=\"width: 666px\" class=\"wp-caption aligncenter\"><a href=\"https:\/\/i0.wp.com\/blogdoeloiltoncajuhy.com.br\/site\/wp-content\/uploads\/2018\/10\/ataques-a-nordestinos_2018-02.jpg\"><img data-recalc-dims=\"1\" decoding=\"async\" class=\"wp-image-28388 size-full\" src=\"https:\/\/i0.wp.com\/blogdoeloiltoncajuhy.com.br\/site\/wp-content\/uploads\/2018\/10\/ataques-a-nordestinos_2018-02.jpg?resize=666%2C375\" alt=\"\" width=\"666\" height=\"375\" srcset=\"https:\/\/i0.wp.com\/blogdoeloiltoncajuhy.com.br\/site\/wp-content\/uploads\/2018\/10\/ataques-a-nordestinos_2018-02.jpg?w=666&amp;ssl=1 666w, https:\/\/i0.wp.com\/blogdoeloiltoncajuhy.com.br\/site\/wp-content\/uploads\/2018\/10\/ataques-a-nordestinos_2018-02.jpg?resize=300%2C169&amp;ssl=1 300w, https:\/\/i0.wp.com\/blogdoeloiltoncajuhy.com.br\/site\/wp-content\/uploads\/2018\/10\/ataques-a-nordestinos_2018-02.jpg?resize=250%2C141&amp;ssl=1 250w\" sizes=\"(max-width: 666px) 100vw, 666px\" \/><\/a><figcaption id=\"caption-attachment-28388\" class=\"wp-caption-text\">Mensagem nas redes. Foto: Reprodu\u00e7\u00e3o<\/figcaption><\/figure>\n<p>Outro usu\u00e1rio disse que o &#8220;<em>povo nordestino votou em Haddad s\u00f3 por causa do Bolsa Fam\u00edlia. Ningu\u00e9m quer trabalhar<\/em>&#8220;. &#8220;<em>Nordestino vota no PT, mas depois vem pro Sul procurar emprego<\/em>&#8220;, comentou outro internauta.<\/p>\n<p>&#8220;<em>Pelo amor de Deus, vamos separar o nordeste do resto do Brasil<\/em>&#8220;, postou ainda outro usu\u00e1rio. &#8220;<em>Nordestino n\u00e3o \u00e9 gente. Essa elei\u00e7\u00e3o foi s\u00f3 mais uma prova disso<\/em>&#8220;, escreveu um homem.<\/p>\n<p>Depois que as cr\u00edticas come\u00e7aram a ficar numerosas na web, internautas come\u00e7aram a postar mensagens de apoio aos nordestinos:<\/p>\n<p>&#8220;<em>Deveriam separar o nordeste do restante do pa\u00eds j\u00e1 que \u00e9 a \u00fanica regi\u00e3o que ainda tem intelig\u00eancia na hora de votar<\/em>&#8220;, escreveu um internauta.<\/p>\n<figure id=\"attachment_28389\" aria-describedby=\"caption-attachment-28389\" style=\"width: 666px\" class=\"wp-caption aligncenter\"><a href=\"https:\/\/i0.wp.com\/blogdoeloiltoncajuhy.com.br\/site\/wp-content\/uploads\/2018\/10\/ataques-a-nordestinos_2018-03.jpg\"><img data-recalc-dims=\"1\" decoding=\"async\" class=\"wp-image-28389 size-full\" src=\"https:\/\/i0.wp.com\/blogdoeloiltoncajuhy.com.br\/site\/wp-content\/uploads\/2018\/10\/ataques-a-nordestinos_2018-03.jpg?resize=666%2C375\" alt=\"\" width=\"666\" height=\"375\" srcset=\"https:\/\/i0.wp.com\/blogdoeloiltoncajuhy.com.br\/site\/wp-content\/uploads\/2018\/10\/ataques-a-nordestinos_2018-03.jpg?w=666&amp;ssl=1 666w, https:\/\/i0.wp.com\/blogdoeloiltoncajuhy.com.br\/site\/wp-content\/uploads\/2018\/10\/ataques-a-nordestinos_2018-03.jpg?resize=300%2C169&amp;ssl=1 300w, https:\/\/i0.wp.com\/blogdoeloiltoncajuhy.com.br\/site\/wp-content\/uploads\/2018\/10\/ataques-a-nordestinos_2018-03.jpg?resize=250%2C141&amp;ssl=1 250w\" sizes=\"(max-width: 666px) 100vw, 666px\" \/><\/a><figcaption id=\"caption-attachment-28389\" class=\"wp-caption-text\">Mensagem nas redes. Foto: Reprodu\u00e7\u00e3o<\/figcaption><\/figure>\n<p>O comportamento dos usu\u00e1rios ap\u00f3s a divulga\u00e7\u00e3o dos resultados repetiu o que j\u00e1 havia sido feito no pleito de 2014. Militantes tucanos e petistas continuaram a troca de ofensas que marcou o debate nas redes. Eleitores mais radicais do PSDB chegam a pedir a separa\u00e7\u00e3o dos estados que deram maioria a A\u00e9cio enquanto petista defendem a expuls\u00e3o dos advers\u00e1rio para Miami.<\/p>\n<p>Em alguns casos, os posicionamentos pol\u00edticos tiveram caracter\u00edsticas racistas e preconceituosas. O desempenho no Nordeste, a segunda mais populosa do pa\u00eds, foi o principal foco de ofensas nas redes.<\/p>\n<p><em><strong>*O Globo<\/strong><\/em><\/p>\n","protected":false},"excerpt":{"rendered":"<p>Xingamentos ficaram entre os assuntos mais comentados na web Com cerca de 95% das urnas apuradas e o resultado de segundo turno entre Jair Bolsonaro (PSL) e Fernando Haddad (PT) definido, internautas come\u00e7aram a atacar o Nordeste \u2014 regi\u00e3o em que o Partido dos Trabalhadores conseguiu seu melhor resultado \u2014 nas redes sociais. Xingamentos e [&hellip;]<\/p>\n","protected":false},"author":2,"featured_media":28389,"comment_status":"open","ping_status":"open","sticky":false,"template":"","format":"standard","meta":{"_acf_changed":false,"_monsterinsights_skip_tracking":false,"_monsterinsights_sitenote_active":false,"_monsterinsights_sitenote_note":"","_monsterinsights_sitenote_category":0,"_jetpack_memberships_contains_paid_content":false,"footnotes":"","jetpack_publicize_message":"","jetpack_publicize_feature_enabled":true,"jetpack_social_post_already_shared":true,"jetpack_social_options":{"image_generator_settings":{"template":"highway","default_image_id":0,"font":"","enabled":false},"version":2}},"categories":[1,3],"tags":[],"class_list":["post-28386","post","type-post","status-publish","format-standard","has-post-thumbnail","hentry","category-noticias","category-politica"],"acf":[],"jetpack_publicize_connections":[],"jetpack_featured_media_url":"https:\/\/i0.wp.com\/blogdoeloiltoncajuhy.com.br\/site\/wp-content\/uploads\/2018\/10\/ataques-a-nordestinos_2018-03.jpg?fit=666%2C375&ssl=1","jetpack_sharing_enabled":true,"publishpress_future_workflow_manual_trigger":{"enabledWorkflows":[]},"_links":{"self":[{"href":"https:\/\/blogdoeloiltoncajuhy.com.br\/site\/wp-json\/wp\/v2\/posts\/28386","targetHints":{"allow":["GET"]}}],"collection":[{"href":"https:\/\/blogdoeloiltoncajuhy.com.br\/site\/wp-json\/wp\/v2\/posts"}],"about":[{"href":"https:\/\/blogdoeloiltoncajuhy.com.br\/site\/wp-json\/wp\/v2\/types\/post"}],"author":[{"embeddable":true,"href":"https:\/\/blogdoeloiltoncajuhy.com.br\/site\/wp-json\/wp\/v2\/users\/2"}],"replies":[{"embeddable":true,"href":"https:\/\/blogdoeloiltoncajuhy.com.br\/site\/wp-json\/wp\/v2\/comments?post=28386"}],"version-history":[{"count":1,"href":"https:\/\/blogdoeloiltoncajuhy.com.br\/site\/wp-json\/wp\/v2\/posts\/28386\/revisions"}],"predecessor-version":[{"id":28390,"href":"https:\/\/blogdoeloiltoncajuhy.com.br\/site\/wp-json\/wp\/v2\/posts\/28386\/revisions\/28390"}],"wp:featuredmedia":[{"embeddable":true,"href":"https:\/\/blogdoeloiltoncajuhy.com.br\/site\/wp-json\/wp\/v2\/media\/28389"}],"wp:attachment":[{"href":"https:\/\/blogdoeloiltoncajuhy.com.br\/site\/wp-json\/wp\/v2\/media?parent=28386"}],"wp:term":[{"taxonomy":"category","embeddable":true,"href":"https:\/\/blogdoeloiltoncajuhy.com.br\/site\/wp-json\/wp\/v2\/categories?post=28386"},{"taxonomy":"post_tag","embeddable":true,"href":"https:\/\/blogdoeloiltoncajuhy.com.br\/site\/wp-json\/wp\/v2\/tags?post=28386"}],"curies":[{"name":"wp","href":"https:\/\/api.w.org\/{rel}","templated":true}]}}