{"id":28378,"date":"2018-10-07T10:06:36","date_gmt":"2018-10-07T13:06:36","guid":{"rendered":"http:\/\/blogdoeloiltoncajuhy.com.br\/site\/?p=28378"},"modified":"2018-10-07T10:10:33","modified_gmt":"2018-10-07T13:10:33","slug":"luto-morre-o-guarda-municipal-da-prefeitura-de-bonfim-robenilson-goes","status":"publish","type":"post","link":"https:\/\/blogdoeloiltoncajuhy.com.br\/site\/luto-morre-o-guarda-municipal-da-prefeitura-de-bonfim-robenilson-goes\/","title":{"rendered":"LUTO: Morre o Guarda Municipal da Prefeitura de Bonfim, Robenilson G\u00f3es"},"content":{"rendered":"<figure id=\"attachment_28379\" aria-describedby=\"caption-attachment-28379\" style=\"width: 480px\" class=\"wp-caption aligncenter\"><a href=\"https:\/\/i0.wp.com\/blogdoeloiltoncajuhy.com.br\/site\/wp-content\/uploads\/2018\/10\/guarda-municipal-robenilson.jpg\"><img data-recalc-dims=\"1\" fetchpriority=\"high\" decoding=\"async\" class=\"wp-image-28379 size-full\" src=\"https:\/\/i0.wp.com\/blogdoeloiltoncajuhy.com.br\/site\/wp-content\/uploads\/2018\/10\/guarda-municipal-robenilson.jpg?resize=480%2C480\" alt=\"\" width=\"480\" height=\"480\" srcset=\"https:\/\/i0.wp.com\/blogdoeloiltoncajuhy.com.br\/site\/wp-content\/uploads\/2018\/10\/guarda-municipal-robenilson.jpg?w=480&amp;ssl=1 480w, https:\/\/i0.wp.com\/blogdoeloiltoncajuhy.com.br\/site\/wp-content\/uploads\/2018\/10\/guarda-municipal-robenilson.jpg?resize=150%2C150&amp;ssl=1 150w, https:\/\/i0.wp.com\/blogdoeloiltoncajuhy.com.br\/site\/wp-content\/uploads\/2018\/10\/guarda-municipal-robenilson.jpg?resize=300%2C300&amp;ssl=1 300w, https:\/\/i0.wp.com\/blogdoeloiltoncajuhy.com.br\/site\/wp-content\/uploads\/2018\/10\/guarda-municipal-robenilson.jpg?resize=250%2C250&amp;ssl=1 250w, https:\/\/i0.wp.com\/blogdoeloiltoncajuhy.com.br\/site\/wp-content\/uploads\/2018\/10\/guarda-municipal-robenilson.jpg?resize=48%2C48&amp;ssl=1 48w\" sizes=\"(max-width: 480px) 100vw, 480px\" \/><\/a><figcaption id=\"caption-attachment-28379\" class=\"wp-caption-text\">Foto: Redes Sociais<\/figcaption><\/figure>\n<p>Faleceu na madrugada de hoje (07), o Guarda Municipal da Prefeitura de Senhor do Bonfim <strong>Robenilson G\u00f3es<\/strong>, de 51 anos. Segundo informa\u00e7\u00f5es, ele sofreu um infarto e n\u00e3o resistiu.<\/p>\n<p>Robenilson era concursado e trabalhava h\u00e1 v\u00e1rios anos na Secretaria de Assist\u00eancia Social. O vel\u00f3rio acontece em sua resid\u00eancia, na Rua Oper\u00e1rios da Leste, 499, nesta cidade. Seu sepultamento ser\u00e1 realizado no final da tarde, em local ainda n\u00e3o informado.<\/p>\n<p><em><strong>*BLOG DO ELOILTON CAJUHY<\/strong><\/em><\/p>\n","protected":false},"excerpt":{"rendered":"<p>Faleceu na madrugada de hoje (07), o Guarda Municipal da Prefeitura de Senhor do Bonfim Robenilson G\u00f3es, de 51 anos. Segundo informa\u00e7\u00f5es, ele sofreu um infarto e n\u00e3o resistiu. Robenilson era concursado e trabalhava h\u00e1 v\u00e1rios anos na Secretaria de Assist\u00eancia Social. O vel\u00f3rio acontece em sua resid\u00eancia, na Rua Oper\u00e1rios da Leste, 499, nesta [&hellip;]<\/p>\n","protected":false},"author":2,"featured_media":28379,"comment_status":"open","ping_status":"open","sticky":false,"template":"","format":"standard","meta":{"_acf_changed":false,"_monsterinsights_skip_tracking":false,"_monsterinsights_sitenote_active":false,"_monsterinsights_sitenote_note":"","_monsterinsights_sitenote_category":0,"_jetpack_memberships_contains_paid_content":false,"footnotes":"","jetpack_publicize_message":"","jetpack_publicize_feature_enabled":true,"jetpack_social_post_already_shared":true,"jetpack_social_options":{"image_generator_settings":{"template":"highway","default_image_id":0,"font":"","enabled":false},"version":2}},"categories":[1,4],"tags":[],"class_list":["post-28378","post","type-post","status-publish","format-standard","has-post-thumbnail","hentry","category-noticias","category-local"],"acf":[],"jetpack_publicize_connections":[],"jetpack_featured_media_url":"https:\/\/i0.wp.com\/blogdoeloiltoncajuhy.com.br\/site\/wp-content\/uploads\/2018\/10\/guarda-municipal-robenilson.jpg?fit=480%2C480&ssl=1","jetpack_sharing_enabled":true,"publishpress_future_workflow_manual_trigger":{"enabledWorkflows":[]},"_links":{"self":[{"href":"https:\/\/blogdoeloiltoncajuhy.com.br\/site\/wp-json\/wp\/v2\/posts\/28378","targetHints":{"allow":["GET"]}}],"collection":[{"href":"https:\/\/blogdoeloiltoncajuhy.com.br\/site\/wp-json\/wp\/v2\/posts"}],"about":[{"href":"https:\/\/blogdoeloiltoncajuhy.com.br\/site\/wp-json\/wp\/v2\/types\/post"}],"author":[{"embeddable":true,"href":"https:\/\/blogdoeloiltoncajuhy.com.br\/site\/wp-json\/wp\/v2\/users\/2"}],"replies":[{"embeddable":true,"href":"https:\/\/blogdoeloiltoncajuhy.com.br\/site\/wp-json\/wp\/v2\/comments?post=28378"}],"version-history":[{"count":2,"href":"https:\/\/blogdoeloiltoncajuhy.com.br\/site\/wp-json\/wp\/v2\/posts\/28378\/revisions"}],"predecessor-version":[{"id":28381,"href":"https:\/\/blogdoeloiltoncajuhy.com.br\/site\/wp-json\/wp\/v2\/posts\/28378\/revisions\/28381"}],"wp:featuredmedia":[{"embeddable":true,"href":"https:\/\/blogdoeloiltoncajuhy.com.br\/site\/wp-json\/wp\/v2\/media\/28379"}],"wp:attachment":[{"href":"https:\/\/blogdoeloiltoncajuhy.com.br\/site\/wp-json\/wp\/v2\/media?parent=28378"}],"wp:term":[{"taxonomy":"category","embeddable":true,"href":"https:\/\/blogdoeloiltoncajuhy.com.br\/site\/wp-json\/wp\/v2\/categories?post=28378"},{"taxonomy":"post_tag","embeddable":true,"href":"https:\/\/blogdoeloiltoncajuhy.com.br\/site\/wp-json\/wp\/v2\/tags?post=28378"}],"curies":[{"name":"wp","href":"https:\/\/api.w.org\/{rel}","templated":true}]}}