{"id":28365,"date":"2018-10-06T08:54:52","date_gmt":"2018-10-06T11:54:52","guid":{"rendered":"http:\/\/blogdoeloiltoncajuhy.com.br\/site\/?p=28365"},"modified":"2018-10-06T08:54:52","modified_gmt":"2018-10-06T11:54:52","slug":"prefeitura-de-senhor-do-bonfim-inaugura-unidade-de-estrategia-da-saude-da-familia-em-igara","status":"publish","type":"post","link":"https:\/\/blogdoeloiltoncajuhy.com.br\/site\/prefeitura-de-senhor-do-bonfim-inaugura-unidade-de-estrategia-da-saude-da-familia-em-igara\/","title":{"rendered":"Prefeitura de Senhor do Bonfim inaugura unidade de Estrat\u00e9gia da Sa\u00fade da Fam\u00edlia em Igara"},"content":{"rendered":"<p><a href=\"https:\/\/i0.wp.com\/blogdoeloiltoncajuhy.com.br\/site\/wp-content\/uploads\/2018\/10\/ESF-igara_out2018-01.jpg\"><img data-recalc-dims=\"1\" fetchpriority=\"high\" decoding=\"async\" class=\"size-full wp-image-28366 alignright\" src=\"https:\/\/i0.wp.com\/blogdoeloiltoncajuhy.com.br\/site\/wp-content\/uploads\/2018\/10\/ESF-igara_out2018-01.jpg?resize=420%2C280\" alt=\"\" width=\"420\" height=\"280\" srcset=\"https:\/\/i0.wp.com\/blogdoeloiltoncajuhy.com.br\/site\/wp-content\/uploads\/2018\/10\/ESF-igara_out2018-01.jpg?w=420&amp;ssl=1 420w, https:\/\/i0.wp.com\/blogdoeloiltoncajuhy.com.br\/site\/wp-content\/uploads\/2018\/10\/ESF-igara_out2018-01.jpg?resize=300%2C200&amp;ssl=1 300w, https:\/\/i0.wp.com\/blogdoeloiltoncajuhy.com.br\/site\/wp-content\/uploads\/2018\/10\/ESF-igara_out2018-01.jpg?resize=250%2C167&amp;ssl=1 250w\" sizes=\"(max-width: 420px) 100vw, 420px\" \/><\/a>Igara, o maior distrito de Senhor do Bonfim, ganhou uma Unidade de Estrat\u00e9gia da Fam\u00edlia (ESF) dia 4 de outubro. A nova unidade de sa\u00fade dever\u00e1 atender 1.140 fam\u00edlias.<\/p>\n<p>De acordo com a secretaria municipal de Sa\u00fade da Prefeitura de Senhor do Bonfim, essa unidade oferecer\u00e1 atendimento m\u00e9dico, odontol\u00f3gico e vacina\u00e7\u00e3o. O funcionamento ser\u00e1 de segunda a sexta-feira, das 8h \u00e0s 17h.<\/p>\n<p>\u201c<em>A Estrat\u00e9gia da Fam\u00edlia tem por objetivo o atendimento voltado \u00e0 preven\u00e7\u00e3o das doen\u00e7as de uma forma integral, n\u00e3o apenas com as consultas m\u00e9dicas, mas com a participa\u00e7\u00e3o efetiva de cada morador, com educa\u00e7\u00e3o em sa\u00fade, entre outras atividades<\/em>&#8220;, lembrou a secret\u00e1ria de sa\u00fade Angeli Matos.<\/p>\n<p>O aposentado Carlos Dias participou da solenidade de inaugura\u00e7\u00e3o e ficou maravilhado com a estrutura. \u201c<em>Uma obra bem-feita, bonita, t\u00e1 lindo. Isso \u00e9 uma grandeza para nossa popula\u00e7\u00e3o<\/em>\u201d, afirmou satisfeito.<\/p>\n<p><a href=\"https:\/\/i0.wp.com\/blogdoeloiltoncajuhy.com.br\/site\/wp-content\/uploads\/2018\/10\/ESF-igara_out2018-02.jpg\"><img data-recalc-dims=\"1\" decoding=\"async\" class=\"size-full wp-image-28367 alignleft\" src=\"https:\/\/i0.wp.com\/blogdoeloiltoncajuhy.com.br\/site\/wp-content\/uploads\/2018\/10\/ESF-igara_out2018-02.jpg?resize=420%2C280\" alt=\"\" width=\"420\" height=\"280\" srcset=\"https:\/\/i0.wp.com\/blogdoeloiltoncajuhy.com.br\/site\/wp-content\/uploads\/2018\/10\/ESF-igara_out2018-02.jpg?w=420&amp;ssl=1 420w, https:\/\/i0.wp.com\/blogdoeloiltoncajuhy.com.br\/site\/wp-content\/uploads\/2018\/10\/ESF-igara_out2018-02.jpg?resize=300%2C200&amp;ssl=1 300w, https:\/\/i0.wp.com\/blogdoeloiltoncajuhy.com.br\/site\/wp-content\/uploads\/2018\/10\/ESF-igara_out2018-02.jpg?resize=250%2C167&amp;ssl=1 250w\" sizes=\"(max-width: 420px) 100vw, 420px\" \/><\/a>A obra foi deixada inacabada pela gest\u00e3o anterior e retomada pelo governo do prefeito Carlos Brasileiro. No total, formam investidos R$ 407 mil.<\/p>\n<p>\u201c<em>\u00c9 mais uma conquista para esse governo que n\u00e3o para de trabalhar. Entregar essa unidade de sa\u00fade \u00e9 uma grande vit\u00f3ria para popula\u00e7\u00e3o de Igara<\/em>\u201d, destacou o prefeito Carlos Brasileiro.<\/p>\n<p>A cerim\u00f4nia de inaugura\u00e7\u00e3o contou tamb\u00e9m com a participa\u00e7\u00e3o do vice-prefeito Jos\u00e9 Ant\u00f4nio, secret\u00e1rios municipais, do vereador Mimo, da equipe de servidores da nova unidade de estrat\u00e9gia de sa\u00fade da fam\u00edlia e moradores da comunidade e adjac\u00eancias.<\/p>\n<p><em><strong>*ASCOM &#8211; Prefeitura Municipal de Senhor do Bonfim-BA<\/strong><\/em><\/p>\n","protected":false},"excerpt":{"rendered":"<p>Igara, o maior distrito de Senhor do Bonfim, ganhou uma Unidade de Estrat\u00e9gia da Fam\u00edlia (ESF) dia 4 de outubro. A nova unidade de sa\u00fade dever\u00e1 atender 1.140 fam\u00edlias. De acordo com a secretaria municipal de Sa\u00fade da Prefeitura de Senhor do Bonfim, essa unidade oferecer\u00e1 atendimento m\u00e9dico, odontol\u00f3gico e vacina\u00e7\u00e3o. O funcionamento ser\u00e1 de [&hellip;]<\/p>\n","protected":false},"author":2,"featured_media":28367,"comment_status":"open","ping_status":"open","sticky":false,"template":"","format":"standard","meta":{"_acf_changed":false,"_monsterinsights_skip_tracking":false,"_monsterinsights_sitenote_active":false,"_monsterinsights_sitenote_note":"","_monsterinsights_sitenote_category":0,"_jetpack_memberships_contains_paid_content":false,"footnotes":"","jetpack_publicize_message":"","jetpack_publicize_feature_enabled":true,"jetpack_social_post_already_shared":true,"jetpack_social_options":{"image_generator_settings":{"template":"highway","default_image_id":0,"font":"","enabled":false},"version":2}},"categories":[1,7,4],"tags":[],"class_list":["post-28365","post","type-post","status-publish","format-standard","has-post-thumbnail","hentry","category-noticias","category-saude","category-local"],"acf":[],"jetpack_publicize_connections":[],"jetpack_featured_media_url":"https:\/\/i0.wp.com\/blogdoeloiltoncajuhy.com.br\/site\/wp-content\/uploads\/2018\/10\/ESF-igara_out2018-02.jpg?fit=420%2C280&ssl=1","jetpack_sharing_enabled":true,"publishpress_future_workflow_manual_trigger":{"enabledWorkflows":[]},"_links":{"self":[{"href":"https:\/\/blogdoeloiltoncajuhy.com.br\/site\/wp-json\/wp\/v2\/posts\/28365","targetHints":{"allow":["GET"]}}],"collection":[{"href":"https:\/\/blogdoeloiltoncajuhy.com.br\/site\/wp-json\/wp\/v2\/posts"}],"about":[{"href":"https:\/\/blogdoeloiltoncajuhy.com.br\/site\/wp-json\/wp\/v2\/types\/post"}],"author":[{"embeddable":true,"href":"https:\/\/blogdoeloiltoncajuhy.com.br\/site\/wp-json\/wp\/v2\/users\/2"}],"replies":[{"embeddable":true,"href":"https:\/\/blogdoeloiltoncajuhy.com.br\/site\/wp-json\/wp\/v2\/comments?post=28365"}],"version-history":[{"count":1,"href":"https:\/\/blogdoeloiltoncajuhy.com.br\/site\/wp-json\/wp\/v2\/posts\/28365\/revisions"}],"predecessor-version":[{"id":28368,"href":"https:\/\/blogdoeloiltoncajuhy.com.br\/site\/wp-json\/wp\/v2\/posts\/28365\/revisions\/28368"}],"wp:featuredmedia":[{"embeddable":true,"href":"https:\/\/blogdoeloiltoncajuhy.com.br\/site\/wp-json\/wp\/v2\/media\/28367"}],"wp:attachment":[{"href":"https:\/\/blogdoeloiltoncajuhy.com.br\/site\/wp-json\/wp\/v2\/media?parent=28365"}],"wp:term":[{"taxonomy":"category","embeddable":true,"href":"https:\/\/blogdoeloiltoncajuhy.com.br\/site\/wp-json\/wp\/v2\/categories?post=28365"},{"taxonomy":"post_tag","embeddable":true,"href":"https:\/\/blogdoeloiltoncajuhy.com.br\/site\/wp-json\/wp\/v2\/tags?post=28365"}],"curies":[{"name":"wp","href":"https:\/\/api.w.org\/{rel}","templated":true}]}}