{"id":28363,"date":"2018-10-06T08:42:26","date_gmt":"2018-10-06T11:42:26","guid":{"rendered":"http:\/\/blogdoeloiltoncajuhy.com.br\/site\/?p=28363"},"modified":"2018-10-06T08:42:26","modified_gmt":"2018-10-06T11:42:26","slug":"padrasto-que-chutou-enteado-de-4-anos-se-apresenta-a-policia-apos-ser-agredido-em-sp","status":"publish","type":"post","link":"https:\/\/blogdoeloiltoncajuhy.com.br\/site\/padrasto-que-chutou-enteado-de-4-anos-se-apresenta-a-policia-apos-ser-agredido-em-sp\/","title":{"rendered":"Padrasto que chutou enteado de 4 anos se apresenta \u00e0 pol\u00edcia ap\u00f3s ser agredido em SP"},"content":{"rendered":"<h5 style=\"text-align: center;\"><em>Segundo delegado, suspeito disse que ficou nervoso ao saber que a crian\u00e7a tinha sido expulsa da escola, em Sert\u00e3ozinho. Inqu\u00e9rito foi instaurado para apurar crime de maus-tratos<\/em><\/h5>\n<figure id=\"attachment_28352\" aria-describedby=\"caption-attachment-28352\" style=\"width: 1000px\" class=\"wp-caption aligncenter\"><a href=\"https:\/\/i0.wp.com\/blogdoeloiltoncajuhy.com.br\/site\/wp-content\/uploads\/2018\/10\/agressao2.jpg\"><img data-recalc-dims=\"1\" fetchpriority=\"high\" decoding=\"async\" class=\"wp-image-28352 size-full\" src=\"https:\/\/i0.wp.com\/blogdoeloiltoncajuhy.com.br\/site\/wp-content\/uploads\/2018\/10\/agressao2.jpg?resize=800%2C501\" alt=\"\" width=\"800\" height=\"501\" srcset=\"https:\/\/i0.wp.com\/blogdoeloiltoncajuhy.com.br\/site\/wp-content\/uploads\/2018\/10\/agressao2.jpg?w=1000&amp;ssl=1 1000w, https:\/\/i0.wp.com\/blogdoeloiltoncajuhy.com.br\/site\/wp-content\/uploads\/2018\/10\/agressao2.jpg?resize=300%2C188&amp;ssl=1 300w, https:\/\/i0.wp.com\/blogdoeloiltoncajuhy.com.br\/site\/wp-content\/uploads\/2018\/10\/agressao2.jpg?resize=768%2C481&amp;ssl=1 768w, https:\/\/i0.wp.com\/blogdoeloiltoncajuhy.com.br\/site\/wp-content\/uploads\/2018\/10\/agressao2.jpg?resize=250%2C157&amp;ssl=1 250w\" sizes=\"(max-width: 800px) 100vw, 800px\" \/><\/a><figcaption id=\"caption-attachment-28352\" class=\"wp-caption-text\">Sequ\u00eancia de imagens mostra padrasto agredindo menino de 4 anos em Sert\u00e3ozinho, SP \u2014 Foto: Reprodu\u00e7\u00e3o<\/figcaption><\/figure>\n<p>O suspeito de agredir o enteado de 4 anos com um chute no peito em Sert\u00e3ozinho (SP) se apresentou na tarde desta sexta-feira (5) \u00e0 Pol\u00edcia Civil. De acordo com o delegado Ildon Pimenta de P\u00e1dua, respons\u00e1vel pelo caso, <strong>Diego de Souza Valente<\/strong> procurou a delegacia ap\u00f3s ser agredido por cinco homens.<\/p>\n<p>Em depoimento, ele afirmou que perdeu a cabe\u00e7a ao saber que o menino havia sido expulso da escola. De acordo com P\u00e1dua, ele n\u00e3o ficar\u00e1 preso, mas um inqu\u00e9rito foi instaurado para apurar o crime de maus-tratos. A den\u00fancia das agress\u00f5es contra Valente tamb\u00e9m ser\u00e1 investigada.\u00a0A m\u00e3e da crian\u00e7a, <strong>Gabriela dos Santos Batista<\/strong>, foi levada \u00e0 delegacia para prestar depoimento.<\/p>\n<p><strong>Flagrante<\/strong><\/p>\n<p>A agress\u00e3o foi registrada na quarta-feira (3) pelas c\u00e2meras de seguran\u00e7a de um im\u00f3vel no bairro Jardim Jamaica. Um morador testemunhou a cena e denunciou ao Conselho Tutelar.<\/p>\n<p>Nas imagens, o padrasto e a crian\u00e7a param de moto na Rua Yoshinobu Kobata. O menino desce da garupa, usando capacete e uma mochila, parece conversar com o homem e \u00e9 agredido com um chute no peito pelo padrasto, que continua no ve\u00edculo.\u00a0O menino cai no ch\u00e3o, levanta atordoado e sobe na moto. Em seguida, os dois v\u00e3o embora.<\/p>\n<figure id=\"attachment_28351\" aria-describedby=\"caption-attachment-28351\" style=\"width: 1000px\" class=\"wp-caption aligncenter\"><a href=\"https:\/\/i0.wp.com\/blogdoeloiltoncajuhy.com.br\/site\/wp-content\/uploads\/2018\/10\/agressao1.jpg\"><img data-recalc-dims=\"1\" decoding=\"async\" class=\"wp-image-28351 size-full\" src=\"https:\/\/i0.wp.com\/blogdoeloiltoncajuhy.com.br\/site\/wp-content\/uploads\/2018\/10\/agressao1.jpg?resize=800%2C501\" alt=\"\" width=\"800\" height=\"501\" srcset=\"https:\/\/i0.wp.com\/blogdoeloiltoncajuhy.com.br\/site\/wp-content\/uploads\/2018\/10\/agressao1.jpg?w=1000&amp;ssl=1 1000w, https:\/\/i0.wp.com\/blogdoeloiltoncajuhy.com.br\/site\/wp-content\/uploads\/2018\/10\/agressao1.jpg?resize=300%2C188&amp;ssl=1 300w, https:\/\/i0.wp.com\/blogdoeloiltoncajuhy.com.br\/site\/wp-content\/uploads\/2018\/10\/agressao1.jpg?resize=768%2C481&amp;ssl=1 768w, https:\/\/i0.wp.com\/blogdoeloiltoncajuhy.com.br\/site\/wp-content\/uploads\/2018\/10\/agressao1.jpg?resize=250%2C157&amp;ssl=1 250w\" sizes=\"(max-width: 800px) 100vw, 800px\" \/><\/a><figcaption id=\"caption-attachment-28351\" class=\"wp-caption-text\">Sequ\u00eancia de imagens mostra padrasto agredindo menino de 4 anos em Sert\u00e3ozinho, SP \u2014 Foto: Reprodu\u00e7\u00e3o<\/figcaption><\/figure>\n<p><strong>Suspeito se apresenta \u00e0 pol\u00edcia<\/strong><\/p>\n<p>Valente foi identificado ap\u00f3s o v\u00eddeo ser divulgado nas redes sociais pelo conselheiro tutelar Rodrigo Clemente. Na noite de quinta-feira (5), ele esteve com uma equipe da Guarda Civil Municipal na casa da fam\u00edlia, no Jardim Santa Rosa, mas o suspeito j\u00e1 havia fugido. A mulher dele, m\u00e3e do menino, negou as agress\u00f5es. Entretanto, vizinhos confirmaram os maus-tratos.<\/p>\n<p>No in\u00edcio da tarde desta sexta-feira, Valente se apresentou na delegacia. Segundo o delegado, ele disse que foi agredido por um grupo de cinco homens ap\u00f3s ser reconhecido nas imagens.<\/p>\n<p>\u00c0 pol\u00edcia, o homem afirmou que perdeu a cabe\u00e7a ao buscar o enteado na creche, porque foi comunicado que o menino havia sido expulso por causa do comportamento agressivo. Valente tamb\u00e9m disse que, ao chegar em casa, a crian\u00e7a apanhou da m\u00e3e.<\/p>\n<p>Em nota, a Secretaria de Educa\u00e7\u00e3o de Sert\u00e3ozinho informou que a crian\u00e7a frequenta as aulas no per\u00edodo matutino em uma escola municipal, mas que n\u00e3o h\u00e1 registros de que ela tenha agredido algum colega ou que tenha sido expulsa.<\/p>\n<p>O delegado afirmou que apesar do v\u00eddeo deixar clara a agress\u00e3o, Valente n\u00e3o ser\u00e1 preso. \u201c<em>N\u00f3s temos uma investiga\u00e7\u00e3o a fazer. Nem sempre os fatos chegam \u00e0s claras, chegam distorcidos. \u00c9 um fato bastante complicado e demanda uma investiga\u00e7\u00e3o mais prolongada<\/em>\u201d.<\/p>\n<p>O menino passou por atendimento m\u00e9dico na Unidade de Pronto Atendimento (UPA) e ficar\u00e1 com o pai at\u00e9 o fim das investiga\u00e7\u00f5es. O irm\u00e3o dele, um beb\u00ea de 6 meses, filho do suspeito, teve a guarda transferida para a av\u00f3 materna.<\/p>\n<p><em><strong>*Por EPTV 1<\/strong><\/em><\/p>\n","protected":false},"excerpt":{"rendered":"<p>Segundo delegado, suspeito disse que ficou nervoso ao saber que a crian\u00e7a tinha sido expulsa da escola, em Sert\u00e3ozinho. Inqu\u00e9rito foi instaurado para apurar crime de maus-tratos O suspeito de agredir o enteado de 4 anos com um chute no peito em Sert\u00e3ozinho (SP) se apresentou na tarde desta sexta-feira (5) \u00e0 Pol\u00edcia Civil. De [&hellip;]<\/p>\n","protected":false},"author":2,"featured_media":0,"comment_status":"open","ping_status":"open","sticky":false,"template":"","format":"standard","meta":{"_acf_changed":false,"_monsterinsights_skip_tracking":false,"_monsterinsights_sitenote_active":false,"_monsterinsights_sitenote_note":"","_monsterinsights_sitenote_category":0,"_jetpack_memberships_contains_paid_content":false,"footnotes":"","jetpack_publicize_message":"","jetpack_publicize_feature_enabled":true,"jetpack_social_post_already_shared":true,"jetpack_social_options":{"image_generator_settings":{"template":"highway","default_image_id":0,"font":"","enabled":false},"version":2}},"categories":[5,1],"tags":[],"class_list":["post-28363","post","type-post","status-publish","format-standard","hentry","category-cotidiano","category-noticias"],"acf":[],"jetpack_publicize_connections":[],"jetpack_featured_media_url":"","jetpack_sharing_enabled":true,"publishpress_future_workflow_manual_trigger":{"enabledWorkflows":[]},"_links":{"self":[{"href":"https:\/\/blogdoeloiltoncajuhy.com.br\/site\/wp-json\/wp\/v2\/posts\/28363","targetHints":{"allow":["GET"]}}],"collection":[{"href":"https:\/\/blogdoeloiltoncajuhy.com.br\/site\/wp-json\/wp\/v2\/posts"}],"about":[{"href":"https:\/\/blogdoeloiltoncajuhy.com.br\/site\/wp-json\/wp\/v2\/types\/post"}],"author":[{"embeddable":true,"href":"https:\/\/blogdoeloiltoncajuhy.com.br\/site\/wp-json\/wp\/v2\/users\/2"}],"replies":[{"embeddable":true,"href":"https:\/\/blogdoeloiltoncajuhy.com.br\/site\/wp-json\/wp\/v2\/comments?post=28363"}],"version-history":[{"count":1,"href":"https:\/\/blogdoeloiltoncajuhy.com.br\/site\/wp-json\/wp\/v2\/posts\/28363\/revisions"}],"predecessor-version":[{"id":28364,"href":"https:\/\/blogdoeloiltoncajuhy.com.br\/site\/wp-json\/wp\/v2\/posts\/28363\/revisions\/28364"}],"wp:attachment":[{"href":"https:\/\/blogdoeloiltoncajuhy.com.br\/site\/wp-json\/wp\/v2\/media?parent=28363"}],"wp:term":[{"taxonomy":"category","embeddable":true,"href":"https:\/\/blogdoeloiltoncajuhy.com.br\/site\/wp-json\/wp\/v2\/categories?post=28363"},{"taxonomy":"post_tag","embeddable":true,"href":"https:\/\/blogdoeloiltoncajuhy.com.br\/site\/wp-json\/wp\/v2\/tags?post=28363"}],"curies":[{"name":"wp","href":"https:\/\/api.w.org\/{rel}","templated":true}]}}