{"id":28354,"date":"2018-10-06T08:18:11","date_gmt":"2018-10-06T11:18:11","guid":{"rendered":"http:\/\/blogdoeloiltoncajuhy.com.br\/site\/?p=28354"},"modified":"2018-10-06T08:18:33","modified_gmt":"2018-10-06T11:18:33","slug":"homem-morre-e-outro-fica-ferido-em-grave-acidente-na-br-407-em-jaguarari","status":"publish","type":"post","link":"https:\/\/blogdoeloiltoncajuhy.com.br\/site\/homem-morre-e-outro-fica-ferido-em-grave-acidente-na-br-407-em-jaguarari\/","title":{"rendered":"Homem morre e outro fica ferido em grave acidente na BR 407, em Jaguarari"},"content":{"rendered":"<p><a href=\"https:\/\/i0.wp.com\/blogdoeloiltoncajuhy.com.br\/site\/wp-content\/uploads\/2018\/10\/ac-ladeira-catuni-01.jpg\"><img data-recalc-dims=\"1\" fetchpriority=\"high\" decoding=\"async\" class=\"aligncenter size-full wp-image-28355\" src=\"https:\/\/i0.wp.com\/blogdoeloiltoncajuhy.com.br\/site\/wp-content\/uploads\/2018\/10\/ac-ladeira-catuni-01.jpg?resize=640%2C441\" alt=\"\" width=\"640\" height=\"441\" srcset=\"https:\/\/i0.wp.com\/blogdoeloiltoncajuhy.com.br\/site\/wp-content\/uploads\/2018\/10\/ac-ladeira-catuni-01.jpg?w=640&amp;ssl=1 640w, https:\/\/i0.wp.com\/blogdoeloiltoncajuhy.com.br\/site\/wp-content\/uploads\/2018\/10\/ac-ladeira-catuni-01.jpg?resize=300%2C207&amp;ssl=1 300w, https:\/\/i0.wp.com\/blogdoeloiltoncajuhy.com.br\/site\/wp-content\/uploads\/2018\/10\/ac-ladeira-catuni-01.jpg?resize=250%2C172&amp;ssl=1 250w\" sizes=\"(max-width: 640px) 100vw, 640px\" \/><\/a>Um homem morreu e outro ficou ferido em mais um acidente registrado na BR 407, em Jaguarari, no inicio da noite desta sexta-feira (05). O fato ocorreu na altura do Km 112, entre os povoados de Olhos D&#8217;\u00e1gua e Catuni da Estrada.<\/p>\n<p>Segundo informa\u00e7\u00f5es, o acidente ocorreu por volta das 18h25, quando uma Van Fiat Ducato, placas PJA-9685, licen\u00e7a de Jaguarari, colidiu na traseira de uma carreta de dados n\u00e3o informados. Com o impacto, o passageiro da van, <strong>Ant\u00f4nio Cruz<\/strong>, conhecido como <strong>&#8220;Ant\u00f4nio Potinho&#8221;<\/strong>, residente em Jaguarari, faleceu no local, enquanto o condutor, de pr\u00e9 nome <strong>Gabriel<\/strong>, teve escoria\u00e7\u00f5es leves pelo corpo. N\u00e3o h\u00e1 informa\u00e7\u00f5es sobre o motorista da carreta.<\/p>\n<p>Ainda segundo as informa\u00e7\u00f5es, o Fiat Ducato seguia no sentido de Estiva (Senhor do Bonfim) com destino \u00e1 Jaguarari quando, em uma ladeira, a Van se deparou com a carreta em baixa velocidade. De acordo com relatos do motorista Gabriel para os policiais, ele ainda conseguiu livrar o lado esquerdo, mas o impacto foi inevit\u00e1vel, atingindo o lado do passageiro, destruindo totalmente o lado direito do veiculo que quase partiu ao meio.<\/p>\n<p>A Policia Rodovi\u00e1ria Federal esteve no local registrando a ocorr\u00eancia e organizando o transito que teve uma m\u00e3o interditada, deixando o fluxo de ve\u00edculos lento. O Departamento de Pol\u00edcia T\u00e9cnica foi acionado e removeu o corpo para o IML de Senhor do Bonfim.<\/p>\n<p><em><strong><a href=\"https:\/\/i0.wp.com\/blogdoeloiltoncajuhy.com.br\/site\/wp-content\/uploads\/2018\/10\/ac-ladeira-catuni-02.jpg\"><img data-recalc-dims=\"1\" decoding=\"async\" class=\"aligncenter size-full wp-image-28356\" src=\"https:\/\/i0.wp.com\/blogdoeloiltoncajuhy.com.br\/site\/wp-content\/uploads\/2018\/10\/ac-ladeira-catuni-02.jpg?resize=640%2C480\" alt=\"\" width=\"640\" height=\"480\" srcset=\"https:\/\/i0.wp.com\/blogdoeloiltoncajuhy.com.br\/site\/wp-content\/uploads\/2018\/10\/ac-ladeira-catuni-02.jpg?w=640&amp;ssl=1 640w, https:\/\/i0.wp.com\/blogdoeloiltoncajuhy.com.br\/site\/wp-content\/uploads\/2018\/10\/ac-ladeira-catuni-02.jpg?resize=300%2C225&amp;ssl=1 300w, https:\/\/i0.wp.com\/blogdoeloiltoncajuhy.com.br\/site\/wp-content\/uploads\/2018\/10\/ac-ladeira-catuni-02.jpg?resize=250%2C188&amp;ssl=1 250w\" sizes=\"(max-width: 640px) 100vw, 640px\" \/><\/a>*Portal Jaguarari<\/strong><\/em><br \/>\n<em>Adapta\u00e7\u00e3o: Eloilton Cajuhy &#8211; DRT 3621<\/em><\/p>\n","protected":false},"excerpt":{"rendered":"<p>Um homem morreu e outro ficou ferido em mais um acidente registrado na BR 407, em Jaguarari, no inicio da noite desta sexta-feira (05). O fato ocorreu na altura do Km 112, entre os povoados de Olhos D&#8217;\u00e1gua e Catuni da Estrada. Segundo informa\u00e7\u00f5es, o acidente ocorreu por volta das 18h25, quando uma Van Fiat [&hellip;]<\/p>\n","protected":false},"author":2,"featured_media":28356,"comment_status":"open","ping_status":"open","sticky":false,"template":"","format":"standard","meta":{"_acf_changed":false,"_monsterinsights_skip_tracking":false,"_monsterinsights_sitenote_active":false,"_monsterinsights_sitenote_note":"","_monsterinsights_sitenote_category":0,"_jetpack_memberships_contains_paid_content":false,"footnotes":"","jetpack_publicize_message":"","jetpack_publicize_feature_enabled":true,"jetpack_social_post_already_shared":true,"jetpack_social_options":{"image_generator_settings":{"template":"highway","default_image_id":0,"font":"","enabled":false},"version":2}},"categories":[5,1,11],"tags":[],"class_list":["post-28354","post","type-post","status-publish","format-standard","has-post-thumbnail","hentry","category-cotidiano","category-noticias","category-regional"],"acf":[],"jetpack_publicize_connections":[],"jetpack_featured_media_url":"https:\/\/i0.wp.com\/blogdoeloiltoncajuhy.com.br\/site\/wp-content\/uploads\/2018\/10\/ac-ladeira-catuni-02.jpg?fit=640%2C480&ssl=1","jetpack_sharing_enabled":true,"publishpress_future_workflow_manual_trigger":{"enabledWorkflows":[]},"_links":{"self":[{"href":"https:\/\/blogdoeloiltoncajuhy.com.br\/site\/wp-json\/wp\/v2\/posts\/28354","targetHints":{"allow":["GET"]}}],"collection":[{"href":"https:\/\/blogdoeloiltoncajuhy.com.br\/site\/wp-json\/wp\/v2\/posts"}],"about":[{"href":"https:\/\/blogdoeloiltoncajuhy.com.br\/site\/wp-json\/wp\/v2\/types\/post"}],"author":[{"embeddable":true,"href":"https:\/\/blogdoeloiltoncajuhy.com.br\/site\/wp-json\/wp\/v2\/users\/2"}],"replies":[{"embeddable":true,"href":"https:\/\/blogdoeloiltoncajuhy.com.br\/site\/wp-json\/wp\/v2\/comments?post=28354"}],"version-history":[{"count":2,"href":"https:\/\/blogdoeloiltoncajuhy.com.br\/site\/wp-json\/wp\/v2\/posts\/28354\/revisions"}],"predecessor-version":[{"id":28358,"href":"https:\/\/blogdoeloiltoncajuhy.com.br\/site\/wp-json\/wp\/v2\/posts\/28354\/revisions\/28358"}],"wp:featuredmedia":[{"embeddable":true,"href":"https:\/\/blogdoeloiltoncajuhy.com.br\/site\/wp-json\/wp\/v2\/media\/28356"}],"wp:attachment":[{"href":"https:\/\/blogdoeloiltoncajuhy.com.br\/site\/wp-json\/wp\/v2\/media?parent=28354"}],"wp:term":[{"taxonomy":"category","embeddable":true,"href":"https:\/\/blogdoeloiltoncajuhy.com.br\/site\/wp-json\/wp\/v2\/categories?post=28354"},{"taxonomy":"post_tag","embeddable":true,"href":"https:\/\/blogdoeloiltoncajuhy.com.br\/site\/wp-json\/wp\/v2\/tags?post=28354"}],"curies":[{"name":"wp","href":"https:\/\/api.w.org\/{rel}","templated":true}]}}