{"id":28350,"date":"2018-10-05T15:16:17","date_gmt":"2018-10-05T18:16:17","guid":{"rendered":"http:\/\/blogdoeloiltoncajuhy.com.br\/site\/?p=28350"},"modified":"2018-10-05T15:16:17","modified_gmt":"2018-10-05T18:16:17","slug":"padrasto-agride-menino-de-4-anos-com-chute-no-peito-no-meio-da-rua-em-sertaozinho-sp-veja-video","status":"publish","type":"post","link":"https:\/\/blogdoeloiltoncajuhy.com.br\/site\/padrasto-agride-menino-de-4-anos-com-chute-no-peito-no-meio-da-rua-em-sertaozinho-sp-veja-video\/","title":{"rendered":"Padrasto agride menino de 4 anos com chute no peito no meio da rua em Sert\u00e3ozinho, SP; veja v\u00eddeo"},"content":{"rendered":"<h5 style=\"text-align: center;\"><em>Agress\u00e3o foi flagrada por morador e Conselho Tutelar obteve v\u00eddeo de c\u00e2meras de seguran\u00e7a. Jovem, de 22 anos, fugiu ap\u00f3s repercuss\u00e3o do caso e conselheiro diz que m\u00e3e era conivente<\/em><\/h5>\n<figure id=\"attachment_28351\" aria-describedby=\"caption-attachment-28351\" style=\"width: 1000px\" class=\"wp-caption aligncenter\"><a href=\"https:\/\/i0.wp.com\/blogdoeloiltoncajuhy.com.br\/site\/wp-content\/uploads\/2018\/10\/agressao1.jpg\"><img data-recalc-dims=\"1\" fetchpriority=\"high\" decoding=\"async\" class=\"wp-image-28351 size-full\" src=\"https:\/\/i0.wp.com\/blogdoeloiltoncajuhy.com.br\/site\/wp-content\/uploads\/2018\/10\/agressao1.jpg?resize=800%2C501\" alt=\"\" width=\"800\" height=\"501\" srcset=\"https:\/\/i0.wp.com\/blogdoeloiltoncajuhy.com.br\/site\/wp-content\/uploads\/2018\/10\/agressao1.jpg?w=1000&amp;ssl=1 1000w, https:\/\/i0.wp.com\/blogdoeloiltoncajuhy.com.br\/site\/wp-content\/uploads\/2018\/10\/agressao1.jpg?resize=300%2C188&amp;ssl=1 300w, https:\/\/i0.wp.com\/blogdoeloiltoncajuhy.com.br\/site\/wp-content\/uploads\/2018\/10\/agressao1.jpg?resize=768%2C481&amp;ssl=1 768w, https:\/\/i0.wp.com\/blogdoeloiltoncajuhy.com.br\/site\/wp-content\/uploads\/2018\/10\/agressao1.jpg?resize=250%2C157&amp;ssl=1 250w\" sizes=\"(max-width: 800px) 100vw, 800px\" \/><\/a><figcaption id=\"caption-attachment-28351\" class=\"wp-caption-text\">Sequ\u00eancia de imagens mostra padrasto agredindo menino de 4 anos em Sert\u00e3ozinho, SP \u2014 Foto: Reprodu\u00e7\u00e3o<\/figcaption><\/figure>\n<p>Um jovem de 22 anos \u00e9 suspeito de agredir o enteado, de 4 anos, no meio da rua em Sert\u00e3ozinho (SP). Um morador flagrou a agress\u00e3o e denunciou o caso ao Conselho Tutelar, que obteve imagens da c\u00e2mera de seguran\u00e7a de uma casa que mostram os maus-tratos.<\/p>\n<p>No v\u00eddeo, o jovem e a crian\u00e7a est\u00e3o sobre uma moto parada na Rua Yoshinobu Kobata, no Jardim Jamaica. Usando capacete e com uma mochila nas costas, o menino desce e \u00e9 agredido com um chute no peito pelo padrasto, que continua no ve\u00edculo.<\/p>\n<p>Com o impacto, o garoto \u00e9 jogado no asfalto e cai sentado. Logo depois, ele se levanta e sobe na moto novamente. Os dois deixam o local. O conselheiro tutelar Rodrigo Clemente disse que a agress\u00e3o ocorreu depois que a crian\u00e7a saiu da creche, na tarde de quarta-feira (3).<\/p>\n<p>Ap\u00f3s a den\u00fancia de um morador, que flagrou a cena, Clemente foi ao endere\u00e7o e conseguiu as imagens da c\u00e2mera de seguran\u00e7a. O v\u00eddeo foi publicado no Facebook e recebeu den\u00fancias informando a identidade do suposto agressor.<\/p>\n<figure id=\"attachment_28352\" aria-describedby=\"caption-attachment-28352\" style=\"width: 1000px\" class=\"wp-caption aligncenter\"><a href=\"https:\/\/i0.wp.com\/blogdoeloiltoncajuhy.com.br\/site\/wp-content\/uploads\/2018\/10\/agressao2.jpg\"><img data-recalc-dims=\"1\" decoding=\"async\" class=\"wp-image-28352 size-full\" src=\"https:\/\/i0.wp.com\/blogdoeloiltoncajuhy.com.br\/site\/wp-content\/uploads\/2018\/10\/agressao2.jpg?resize=800%2C501\" alt=\"\" width=\"800\" height=\"501\" srcset=\"https:\/\/i0.wp.com\/blogdoeloiltoncajuhy.com.br\/site\/wp-content\/uploads\/2018\/10\/agressao2.jpg?w=1000&amp;ssl=1 1000w, https:\/\/i0.wp.com\/blogdoeloiltoncajuhy.com.br\/site\/wp-content\/uploads\/2018\/10\/agressao2.jpg?resize=300%2C188&amp;ssl=1 300w, https:\/\/i0.wp.com\/blogdoeloiltoncajuhy.com.br\/site\/wp-content\/uploads\/2018\/10\/agressao2.jpg?resize=768%2C481&amp;ssl=1 768w, https:\/\/i0.wp.com\/blogdoeloiltoncajuhy.com.br\/site\/wp-content\/uploads\/2018\/10\/agressao2.jpg?resize=250%2C157&amp;ssl=1 250w\" sizes=\"(max-width: 800px) 100vw, 800px\" \/><\/a><figcaption id=\"caption-attachment-28352\" class=\"wp-caption-text\">Imagens mostram menino de 4 anos agredido pelo padrasto em Sert\u00e3ozinho, SP \u2014 Foto: Reprodu\u00e7\u00e3o<\/figcaption><\/figure>\n<p>Na noite desta quinta-feira (5), o conselheiro e uma equipe da Guarda Civil Municipal foram at\u00e9 a casa da fam\u00edlia, no Jardim Santa Rosa, mas o jovem j\u00e1 havia fugido. A mulher dele, m\u00e3e do menino, negou as agress\u00f5es. Entretanto, vizinhos confirmaram os maus-tratos.<\/p>\n<p>\u201cEles est\u00e3o juntos h\u00e1 mais de quatro anos. Ela j\u00e1 tem outro filho com ele, de 6 meses. Essa crian\u00e7a que foi agredida \u00e9 filha do primeiro relacionamento. H\u00e1 relatos de vizinhos de que as agress\u00f5es eram constantes e que ela, a m\u00e3e, tamb\u00e9m agredia bastante a crian\u00e7a\u201d, disse.<\/p>\n<p>O menino passou por exame de corpo de delito na Unidade de Pronto Atendimento (UPA) e ficar\u00e1 sob a responsabilidade do pai at\u00e9 o fim das investiga\u00e7\u00f5es. O beb\u00ea de 6 meses, filho do suspeito, tamb\u00e9m teve a guarda transferida para a av\u00f3 materna.<\/p>\n<p>\u201cA crian\u00e7a relatou que o padrasto era bravo com ela e batia muito nela. A nossa linha de racioc\u00ednio \u00e9: se ele fez isso com o menino no meio da rua, imagina o que fazia em casa na aus\u00eancia da m\u00e3e. Ela era conivente\u201d, afirmou Clemente.<\/p>\n<p><em><strong><a href=\"https:\/\/g1.globo.com\/sp\/ribeirao-preto-franca\/noticia\/2018\/10\/05\/padrasto-agride-menino-de-4-anos-com-chute-no-peito-no-meio-da-rua-em-sertaozinho-sp-veja-video.ghtml\">Clique aqui e veja a mat\u00e9ria com o v\u00eddeo<\/a>.<\/strong><\/em><\/p>\n<p><em><strong>*Por EPTV 1<\/strong><\/em><\/p>\n","protected":false},"excerpt":{"rendered":"<p>Agress\u00e3o foi flagrada por morador e Conselho Tutelar obteve v\u00eddeo de c\u00e2meras de seguran\u00e7a. Jovem, de 22 anos, fugiu ap\u00f3s repercuss\u00e3o do caso e conselheiro diz que m\u00e3e era conivente Um jovem de 22 anos \u00e9 suspeito de agredir o enteado, de 4 anos, no meio da rua em Sert\u00e3ozinho (SP). Um morador flagrou a [&hellip;]<\/p>\n","protected":false},"author":2,"featured_media":28352,"comment_status":"open","ping_status":"open","sticky":false,"template":"","format":"standard","meta":{"_acf_changed":false,"_monsterinsights_skip_tracking":false,"_monsterinsights_sitenote_active":false,"_monsterinsights_sitenote_note":"","_monsterinsights_sitenote_category":0,"_jetpack_memberships_contains_paid_content":false,"footnotes":"","jetpack_publicize_message":"","jetpack_publicize_feature_enabled":true,"jetpack_social_post_already_shared":true,"jetpack_social_options":{"image_generator_settings":{"template":"highway","default_image_id":0,"font":"","enabled":false},"version":2}},"categories":[5,1],"tags":[],"class_list":["post-28350","post","type-post","status-publish","format-standard","has-post-thumbnail","hentry","category-cotidiano","category-noticias"],"acf":[],"jetpack_publicize_connections":[],"jetpack_featured_media_url":"https:\/\/i0.wp.com\/blogdoeloiltoncajuhy.com.br\/site\/wp-content\/uploads\/2018\/10\/agressao2.jpg?fit=1000%2C626&ssl=1","jetpack_sharing_enabled":true,"publishpress_future_workflow_manual_trigger":{"enabledWorkflows":[]},"_links":{"self":[{"href":"https:\/\/blogdoeloiltoncajuhy.com.br\/site\/wp-json\/wp\/v2\/posts\/28350","targetHints":{"allow":["GET"]}}],"collection":[{"href":"https:\/\/blogdoeloiltoncajuhy.com.br\/site\/wp-json\/wp\/v2\/posts"}],"about":[{"href":"https:\/\/blogdoeloiltoncajuhy.com.br\/site\/wp-json\/wp\/v2\/types\/post"}],"author":[{"embeddable":true,"href":"https:\/\/blogdoeloiltoncajuhy.com.br\/site\/wp-json\/wp\/v2\/users\/2"}],"replies":[{"embeddable":true,"href":"https:\/\/blogdoeloiltoncajuhy.com.br\/site\/wp-json\/wp\/v2\/comments?post=28350"}],"version-history":[{"count":1,"href":"https:\/\/blogdoeloiltoncajuhy.com.br\/site\/wp-json\/wp\/v2\/posts\/28350\/revisions"}],"predecessor-version":[{"id":28353,"href":"https:\/\/blogdoeloiltoncajuhy.com.br\/site\/wp-json\/wp\/v2\/posts\/28350\/revisions\/28353"}],"wp:featuredmedia":[{"embeddable":true,"href":"https:\/\/blogdoeloiltoncajuhy.com.br\/site\/wp-json\/wp\/v2\/media\/28352"}],"wp:attachment":[{"href":"https:\/\/blogdoeloiltoncajuhy.com.br\/site\/wp-json\/wp\/v2\/media?parent=28350"}],"wp:term":[{"taxonomy":"category","embeddable":true,"href":"https:\/\/blogdoeloiltoncajuhy.com.br\/site\/wp-json\/wp\/v2\/categories?post=28350"},{"taxonomy":"post_tag","embeddable":true,"href":"https:\/\/blogdoeloiltoncajuhy.com.br\/site\/wp-json\/wp\/v2\/tags?post=28350"}],"curies":[{"name":"wp","href":"https:\/\/api.w.org\/{rel}","templated":true}]}}