{"id":28347,"date":"2018-10-05T11:56:04","date_gmt":"2018-10-05T14:56:04","guid":{"rendered":"http:\/\/blogdoeloiltoncajuhy.com.br\/site\/?p=28347"},"modified":"2018-10-05T11:56:04","modified_gmt":"2018-10-05T14:56:04","slug":"prefeitura-inaugura-centro-de-atencao-psicossocial-caps-i-em-andorinha","status":"publish","type":"post","link":"https:\/\/blogdoeloiltoncajuhy.com.br\/site\/prefeitura-inaugura-centro-de-atencao-psicossocial-caps-i-em-andorinha\/","title":{"rendered":"Prefeitura inaugura Centro de Aten\u00e7\u00e3o Psicossocial (CAPS I) em Andorinha"},"content":{"rendered":"<p><a href=\"https:\/\/i0.wp.com\/blogdoeloiltoncajuhy.com.br\/site\/wp-content\/uploads\/2018\/10\/caps-inaugura%C3%A7%C3%A3o.png\"><img data-recalc-dims=\"1\" fetchpriority=\"high\" decoding=\"async\" class=\"aligncenter wp-image-28348\" src=\"https:\/\/i0.wp.com\/blogdoeloiltoncajuhy.com.br\/site\/wp-content\/uploads\/2018\/10\/caps-inaugura%C3%A7%C3%A3o.png?resize=700%2C436\" alt=\"\" width=\"700\" height=\"436\" srcset=\"https:\/\/i0.wp.com\/blogdoeloiltoncajuhy.com.br\/site\/wp-content\/uploads\/2018\/10\/caps-inaugura%C3%A7%C3%A3o.png?w=794&amp;ssl=1 794w, https:\/\/i0.wp.com\/blogdoeloiltoncajuhy.com.br\/site\/wp-content\/uploads\/2018\/10\/caps-inaugura%C3%A7%C3%A3o.png?resize=300%2C187&amp;ssl=1 300w, https:\/\/i0.wp.com\/blogdoeloiltoncajuhy.com.br\/site\/wp-content\/uploads\/2018\/10\/caps-inaugura%C3%A7%C3%A3o.png?resize=768%2C478&amp;ssl=1 768w, https:\/\/i0.wp.com\/blogdoeloiltoncajuhy.com.br\/site\/wp-content\/uploads\/2018\/10\/caps-inaugura%C3%A7%C3%A3o.png?resize=250%2C156&amp;ssl=1 250w\" sizes=\"(max-width: 700px) 100vw, 700px\" \/><\/a>A popula\u00e7\u00e3o de Andorinha j\u00e1 pode celebrar a implanta\u00e7\u00e3o de mais um servi\u00e7o de grande import\u00e2ncia na \u00e1rea da sa\u00fade. Trata-se do Centro de Aten\u00e7\u00e3o Psicossocial \u2013 CAPS I &#8211; Greg\u00f3rio Viana da Silva, inaugurado pela prefeitura na noite da \u00faltima quarta-feira, 3 de outubro.<\/p>\n<p>\u201c<em>A cria\u00e7\u00e3o do CAPS promove uma grande mudan\u00e7a no atendimento de sa\u00fade para reinser\u00e7\u00e3o de pacientes com problemas psiqui\u00e1tricos na sociedade<\/em>\u201d, falou o psic\u00f3logo Muriylo L\u00f4bo.<\/p>\n<p>O CAPS conta com uma equipe multiprofissional completa, formada por m\u00e9dico, psic\u00f3logo, enfermeiro, terapeuta ocupacional, t\u00e9cnico de enfermagem, assistente social, entre outros profissionais que auxiliam o acompanhamento dos pacientes.<\/p>\n<p>\u201c<em>Hoje \u00e9 um dia muito especial. Ter uma unidade de sa\u00fade para pessoas que tem transtorno mental ou precisam de terapia em nossa cidade \u00e9 uma grande conquista para nosso povo<\/em>\u201d, disse o secret\u00e1rio de Sa\u00fade, Pablo Campos.<\/p>\n<p>A solenidade de inaugura\u00e7\u00e3o contou com a presen\u00e7a do Prefeito Renato Brand\u00e3o e do vice Zelitinho, vereadores, secret\u00e1rios de governo, servidores municipais e o povo em geral. O evento foi animado pela filarm\u00f4nica do 6\u00ba Batalh\u00e3o da Policia Militar.<\/p>\n<p>O senhor Acelino Ferreira da Silva participou da solenidade de inaugura\u00e7\u00e3o. Ele \u00e9 pai de dois filhos com transtornos mentais. &#8220;<em>\u00c9 um sonho realizado em nossa cidade. Os moradores devem reconhecer a gest\u00e3o do prefeito Renato. Estou muito agradecido<\/em>&#8220;, destacou Acelino.<\/p>\n<p>Depois do corte simb\u00f3lico da fita de inaugura\u00e7\u00e3o do pr\u00e9dio, que fica na Travessa Tanque Novo, e ap\u00f3s o descerramento da placa de inaugura\u00e7\u00e3o, todos os presentes foram convidados a conhecer as depend\u00eancias do CAPS e participar de um coquetel.<\/p>\n<p>&#8220;<em>N\u00f3s temos em Andorinha muitas pessoas com transtornos mentais. Esse centro de tratamento vai dar mais conforto, tranquilidade, e, principalmente, evitar o transporte para outras cidades. O CAPS vai dar suporte e facilitar a vida dos pacientes com um tratamento humanizado<\/em>\u201d, salientou o prefeito Renato Brand\u00e3o.<\/p>\n<p>A unidade de tratamento leva o nome de Greg\u00f3rio Viana da Silva (1938 -2009), saudoso andorinhense portador de problemas de sa\u00fade metal. O funcionamento do CAPS ser\u00e1 de segunda a sexta-feira, das 8h \u00e0s 16 horas.<\/p>\n<p><em><strong>*Prefeitura Municipal de Andorinha-BA<\/strong><\/em><\/p>\n","protected":false},"excerpt":{"rendered":"<p>A popula\u00e7\u00e3o de Andorinha j\u00e1 pode celebrar a implanta\u00e7\u00e3o de mais um servi\u00e7o de grande import\u00e2ncia na \u00e1rea da sa\u00fade. Trata-se do Centro de Aten\u00e7\u00e3o Psicossocial \u2013 CAPS I &#8211; Greg\u00f3rio Viana da Silva, inaugurado pela prefeitura na noite da \u00faltima quarta-feira, 3 de outubro. \u201cA cria\u00e7\u00e3o do CAPS promove uma grande mudan\u00e7a no atendimento [&hellip;]<\/p>\n","protected":false},"author":2,"featured_media":28348,"comment_status":"open","ping_status":"open","sticky":false,"template":"","format":"standard","meta":{"_acf_changed":false,"_monsterinsights_skip_tracking":false,"_monsterinsights_sitenote_active":false,"_monsterinsights_sitenote_note":"","_monsterinsights_sitenote_category":0,"_jetpack_memberships_contains_paid_content":false,"footnotes":"","jetpack_publicize_message":"","jetpack_publicize_feature_enabled":true,"jetpack_social_post_already_shared":true,"jetpack_social_options":{"image_generator_settings":{"template":"highway","default_image_id":0,"font":"","enabled":false},"version":2}},"categories":[1,11,7],"tags":[],"class_list":["post-28347","post","type-post","status-publish","format-standard","has-post-thumbnail","hentry","category-noticias","category-regional","category-saude"],"acf":[],"jetpack_publicize_connections":[],"jetpack_featured_media_url":"https:\/\/i0.wp.com\/blogdoeloiltoncajuhy.com.br\/site\/wp-content\/uploads\/2018\/10\/caps-inaugura%C3%A7%C3%A3o.png?fit=794%2C494&ssl=1","jetpack_sharing_enabled":true,"publishpress_future_workflow_manual_trigger":{"enabledWorkflows":[]},"_links":{"self":[{"href":"https:\/\/blogdoeloiltoncajuhy.com.br\/site\/wp-json\/wp\/v2\/posts\/28347","targetHints":{"allow":["GET"]}}],"collection":[{"href":"https:\/\/blogdoeloiltoncajuhy.com.br\/site\/wp-json\/wp\/v2\/posts"}],"about":[{"href":"https:\/\/blogdoeloiltoncajuhy.com.br\/site\/wp-json\/wp\/v2\/types\/post"}],"author":[{"embeddable":true,"href":"https:\/\/blogdoeloiltoncajuhy.com.br\/site\/wp-json\/wp\/v2\/users\/2"}],"replies":[{"embeddable":true,"href":"https:\/\/blogdoeloiltoncajuhy.com.br\/site\/wp-json\/wp\/v2\/comments?post=28347"}],"version-history":[{"count":1,"href":"https:\/\/blogdoeloiltoncajuhy.com.br\/site\/wp-json\/wp\/v2\/posts\/28347\/revisions"}],"predecessor-version":[{"id":28349,"href":"https:\/\/blogdoeloiltoncajuhy.com.br\/site\/wp-json\/wp\/v2\/posts\/28347\/revisions\/28349"}],"wp:featuredmedia":[{"embeddable":true,"href":"https:\/\/blogdoeloiltoncajuhy.com.br\/site\/wp-json\/wp\/v2\/media\/28348"}],"wp:attachment":[{"href":"https:\/\/blogdoeloiltoncajuhy.com.br\/site\/wp-json\/wp\/v2\/media?parent=28347"}],"wp:term":[{"taxonomy":"category","embeddable":true,"href":"https:\/\/blogdoeloiltoncajuhy.com.br\/site\/wp-json\/wp\/v2\/categories?post=28347"},{"taxonomy":"post_tag","embeddable":true,"href":"https:\/\/blogdoeloiltoncajuhy.com.br\/site\/wp-json\/wp\/v2\/tags?post=28347"}],"curies":[{"name":"wp","href":"https:\/\/api.w.org\/{rel}","templated":true}]}}