{"id":28344,"date":"2018-10-05T07:34:31","date_gmt":"2018-10-05T10:34:31","guid":{"rendered":"http:\/\/blogdoeloiltoncajuhy.com.br\/site\/?p=28344"},"modified":"2018-10-05T07:34:31","modified_gmt":"2018-10-05T10:34:31","slug":"luto-comunidade-catolica-lamenta-morte-de-maria-jose","status":"publish","type":"post","link":"https:\/\/blogdoeloiltoncajuhy.com.br\/site\/luto-comunidade-catolica-lamenta-morte-de-maria-jose\/","title":{"rendered":"LUTO: Comunidade cat\u00f3lica lamenta morte de Maria Jos\u00e9"},"content":{"rendered":"<p><strong><a href=\"https:\/\/i0.wp.com\/blogdoeloiltoncajuhy.com.br\/site\/wp-content\/uploads\/2018\/10\/dona-maria-jos%C3%A9.jpg\"><img data-recalc-dims=\"1\" fetchpriority=\"high\" decoding=\"async\" class=\"size-full wp-image-28345 alignleft\" src=\"https:\/\/i0.wp.com\/blogdoeloiltoncajuhy.com.br\/site\/wp-content\/uploads\/2018\/10\/dona-maria-jos%C3%A9.jpg?resize=216%2C460\" alt=\"\" width=\"216\" height=\"460\" srcset=\"https:\/\/i0.wp.com\/blogdoeloiltoncajuhy.com.br\/site\/wp-content\/uploads\/2018\/10\/dona-maria-jos%C3%A9.jpg?w=216&amp;ssl=1 216w, https:\/\/i0.wp.com\/blogdoeloiltoncajuhy.com.br\/site\/wp-content\/uploads\/2018\/10\/dona-maria-jos%C3%A9.jpg?resize=141%2C300&amp;ssl=1 141w, https:\/\/i0.wp.com\/blogdoeloiltoncajuhy.com.br\/site\/wp-content\/uploads\/2018\/10\/dona-maria-jos%C3%A9.jpg?resize=117%2C250&amp;ssl=1 117w\" sizes=\"(max-width: 216px) 100vw, 216px\" \/><\/a>Faleceu na noite desta quinta-feira (04), no Hospital e Maternidade Dr. Paulo Hilari\u00e3o, a Senhora Maria Jos\u00e9.\u00a0O vel\u00f3rio est\u00e1 acontecendo no Memorial Vila Nova, at\u00e9 as 14h, e depois ir\u00e1 para a capela de Miss\u00e3o do Sahy, onde ficar\u00e1 at\u00e9 \u00e0s 16h, quando ser\u00e1 sepultada no cemit\u00e9rio daquela localidade.<\/strong><\/p>\n<p><strong>Maria Jos\u00e9, ilustre moradora da Rua Irec\u00ea, centro de Senhor do Bonfim, trabalhou no Col\u00e9gio Isabel de Queiroz, onde foi amada por toda dire\u00e7\u00e3o, professores e alunos. \u00c0 noite, trabalhava no Col\u00e9gio Carlos Santana.<\/strong><\/p>\n<p><strong>Muito religiosa, era amiga dos padres, principalmente dos redentoristas. Foi at\u00e9 a Pol\u00f4nia visitar a fam\u00edlia de um padre que morava aqui em Senhor do Bonfim. Maria Jose era solteira e dedicou sua vida \u00e0 Igreja.<\/strong><\/p>\n<p><em><strong>*Blog do Cleber Vieira<\/strong><\/em><\/p>\n","protected":false},"excerpt":{"rendered":"<p>Faleceu na noite desta quinta-feira (04), no Hospital e Maternidade Dr. Paulo Hilari\u00e3o, a Senhora Maria Jos\u00e9.\u00a0O vel\u00f3rio est\u00e1 acontecendo no Memorial Vila Nova, at\u00e9 as 14h, e depois ir\u00e1 para a capela de Miss\u00e3o do Sahy, onde ficar\u00e1 at\u00e9 \u00e0s 16h, quando ser\u00e1 sepultada no cemit\u00e9rio daquela localidade. Maria Jos\u00e9, ilustre moradora da Rua [&hellip;]<\/p>\n","protected":false},"author":2,"featured_media":28345,"comment_status":"open","ping_status":"open","sticky":false,"template":"","format":"standard","meta":{"_acf_changed":false,"_monsterinsights_skip_tracking":false,"_monsterinsights_sitenote_active":false,"_monsterinsights_sitenote_note":"","_monsterinsights_sitenote_category":0,"_jetpack_memberships_contains_paid_content":false,"footnotes":"","jetpack_publicize_message":"","jetpack_publicize_feature_enabled":true,"jetpack_social_post_already_shared":true,"jetpack_social_options":{"image_generator_settings":{"template":"highway","default_image_id":0,"font":"","enabled":false},"version":2}},"categories":[1,4],"tags":[],"class_list":["post-28344","post","type-post","status-publish","format-standard","has-post-thumbnail","hentry","category-noticias","category-local"],"acf":[],"jetpack_publicize_connections":[],"jetpack_featured_media_url":"https:\/\/i0.wp.com\/blogdoeloiltoncajuhy.com.br\/site\/wp-content\/uploads\/2018\/10\/dona-maria-jos%C3%A9.jpg?fit=216%2C460&ssl=1","jetpack_sharing_enabled":true,"publishpress_future_workflow_manual_trigger":{"enabledWorkflows":[]},"_links":{"self":[{"href":"https:\/\/blogdoeloiltoncajuhy.com.br\/site\/wp-json\/wp\/v2\/posts\/28344","targetHints":{"allow":["GET"]}}],"collection":[{"href":"https:\/\/blogdoeloiltoncajuhy.com.br\/site\/wp-json\/wp\/v2\/posts"}],"about":[{"href":"https:\/\/blogdoeloiltoncajuhy.com.br\/site\/wp-json\/wp\/v2\/types\/post"}],"author":[{"embeddable":true,"href":"https:\/\/blogdoeloiltoncajuhy.com.br\/site\/wp-json\/wp\/v2\/users\/2"}],"replies":[{"embeddable":true,"href":"https:\/\/blogdoeloiltoncajuhy.com.br\/site\/wp-json\/wp\/v2\/comments?post=28344"}],"version-history":[{"count":1,"href":"https:\/\/blogdoeloiltoncajuhy.com.br\/site\/wp-json\/wp\/v2\/posts\/28344\/revisions"}],"predecessor-version":[{"id":28346,"href":"https:\/\/blogdoeloiltoncajuhy.com.br\/site\/wp-json\/wp\/v2\/posts\/28344\/revisions\/28346"}],"wp:featuredmedia":[{"embeddable":true,"href":"https:\/\/blogdoeloiltoncajuhy.com.br\/site\/wp-json\/wp\/v2\/media\/28345"}],"wp:attachment":[{"href":"https:\/\/blogdoeloiltoncajuhy.com.br\/site\/wp-json\/wp\/v2\/media?parent=28344"}],"wp:term":[{"taxonomy":"category","embeddable":true,"href":"https:\/\/blogdoeloiltoncajuhy.com.br\/site\/wp-json\/wp\/v2\/categories?post=28344"},{"taxonomy":"post_tag","embeddable":true,"href":"https:\/\/blogdoeloiltoncajuhy.com.br\/site\/wp-json\/wp\/v2\/tags?post=28344"}],"curies":[{"name":"wp","href":"https:\/\/api.w.org\/{rel}","templated":true}]}}