{"id":28314,"date":"2018-10-03T19:25:24","date_gmt":"2018-10-03T22:25:24","guid":{"rendered":"http:\/\/blogdoeloiltoncajuhy.com.br\/site\/?p=28314"},"modified":"2018-10-03T19:25:24","modified_gmt":"2018-10-03T22:25:24","slug":"unidade-da-estrategia-saude-da-familia-vai-ser-inaugurada-nesta-quinta-feira-4-em-igara","status":"publish","type":"post","link":"https:\/\/blogdoeloiltoncajuhy.com.br\/site\/unidade-da-estrategia-saude-da-familia-vai-ser-inaugurada-nesta-quinta-feira-4-em-igara\/","title":{"rendered":"Unidade da Estrat\u00e9gia Sa\u00fade da Fam\u00edlia vai ser inaugurada nesta quinta-feira (4) em Igara"},"content":{"rendered":"<p><a href=\"https:\/\/i0.wp.com\/blogdoeloiltoncajuhy.com.br\/site\/wp-content\/uploads\/2018\/10\/saude-igara-2.png\"><img data-recalc-dims=\"1\" fetchpriority=\"high\" decoding=\"async\" class=\"size-full wp-image-28315 alignleft\" src=\"https:\/\/i0.wp.com\/blogdoeloiltoncajuhy.com.br\/site\/wp-content\/uploads\/2018\/10\/saude-igara-2.png?resize=420%2C233\" alt=\"\" width=\"420\" height=\"233\" srcset=\"https:\/\/i0.wp.com\/blogdoeloiltoncajuhy.com.br\/site\/wp-content\/uploads\/2018\/10\/saude-igara-2.png?w=420&amp;ssl=1 420w, https:\/\/i0.wp.com\/blogdoeloiltoncajuhy.com.br\/site\/wp-content\/uploads\/2018\/10\/saude-igara-2.png?resize=300%2C166&amp;ssl=1 300w, https:\/\/i0.wp.com\/blogdoeloiltoncajuhy.com.br\/site\/wp-content\/uploads\/2018\/10\/saude-igara-2.png?resize=250%2C139&amp;ssl=1 250w\" sizes=\"(max-width: 420px) 100vw, 420px\" \/><\/a>Com o objetivo de dar sa\u00fade com dignidade para a popula\u00e7\u00e3o, a nova unidade possui um espa\u00e7o amplo, com consult\u00f3rio m\u00e9dico, consult\u00f3rio de enfermagem, consult\u00f3rio odontol\u00f3gico, sala de procedimentos, triagem, soroterapia, agentes comunit\u00e1rios e farm\u00e1cia.<\/p>\n<p>A solenidade de inaugura\u00e7\u00e3o vai acontecer a partir das 8h30. A nova unidade de sa\u00fade fica na Rua Pedro Filho e faz parte do programa Bonfim em Desenvolvimento. A unidade da Estrat\u00e9gia Sa\u00fade da Fam\u00edlia (ESF) que antes era chamado de PSF, funcionar\u00e1 de segunda a sexta\u2013feira, das 8h \u00e0s 17h.<\/p>\n<p><em><strong>*ASCOM &#8211; Prefeitura Municipal de Senhor do Bonfim &#8211; BA<\/strong><\/em><br \/>\n<em>Telefones: 74 3541-8366 \/ 99110-9117<\/em><br \/>\n<em>Endere\u00e7o: Pra\u00e7a Juracy Magalh\u00e3es, 126<\/em><br \/>\n<em>E-MAIL: ascom@pmsb.ba.gov.br <\/em><br \/>\n<em>SITE OFICIAL: www.pmsb.ba.gov.br<\/em><br \/>\n<em>FAN PAGE: www.facebook.com\/oficialpmsb<\/em><\/p>\n","protected":false},"excerpt":{"rendered":"<p>Com o objetivo de dar sa\u00fade com dignidade para a popula\u00e7\u00e3o, a nova unidade possui um espa\u00e7o amplo, com consult\u00f3rio m\u00e9dico, consult\u00f3rio de enfermagem, consult\u00f3rio odontol\u00f3gico, sala de procedimentos, triagem, soroterapia, agentes comunit\u00e1rios e farm\u00e1cia. A solenidade de inaugura\u00e7\u00e3o vai acontecer a partir das 8h30. A nova unidade de sa\u00fade fica na Rua Pedro Filho [&hellip;]<\/p>\n","protected":false},"author":2,"featured_media":28315,"comment_status":"open","ping_status":"open","sticky":false,"template":"","format":"standard","meta":{"_acf_changed":false,"_monsterinsights_skip_tracking":false,"_monsterinsights_sitenote_active":false,"_monsterinsights_sitenote_note":"","_monsterinsights_sitenote_category":0,"_jetpack_memberships_contains_paid_content":false,"footnotes":"","jetpack_publicize_message":"","jetpack_publicize_feature_enabled":true,"jetpack_social_post_already_shared":true,"jetpack_social_options":{"image_generator_settings":{"template":"highway","default_image_id":0,"font":"","enabled":false},"version":2}},"categories":[1,7,4],"tags":[],"class_list":["post-28314","post","type-post","status-publish","format-standard","has-post-thumbnail","hentry","category-noticias","category-saude","category-local"],"acf":[],"jetpack_publicize_connections":[],"jetpack_featured_media_url":"https:\/\/i0.wp.com\/blogdoeloiltoncajuhy.com.br\/site\/wp-content\/uploads\/2018\/10\/saude-igara-2.png?fit=420%2C233&ssl=1","jetpack_sharing_enabled":true,"publishpress_future_workflow_manual_trigger":{"enabledWorkflows":[]},"_links":{"self":[{"href":"https:\/\/blogdoeloiltoncajuhy.com.br\/site\/wp-json\/wp\/v2\/posts\/28314","targetHints":{"allow":["GET"]}}],"collection":[{"href":"https:\/\/blogdoeloiltoncajuhy.com.br\/site\/wp-json\/wp\/v2\/posts"}],"about":[{"href":"https:\/\/blogdoeloiltoncajuhy.com.br\/site\/wp-json\/wp\/v2\/types\/post"}],"author":[{"embeddable":true,"href":"https:\/\/blogdoeloiltoncajuhy.com.br\/site\/wp-json\/wp\/v2\/users\/2"}],"replies":[{"embeddable":true,"href":"https:\/\/blogdoeloiltoncajuhy.com.br\/site\/wp-json\/wp\/v2\/comments?post=28314"}],"version-history":[{"count":1,"href":"https:\/\/blogdoeloiltoncajuhy.com.br\/site\/wp-json\/wp\/v2\/posts\/28314\/revisions"}],"predecessor-version":[{"id":28316,"href":"https:\/\/blogdoeloiltoncajuhy.com.br\/site\/wp-json\/wp\/v2\/posts\/28314\/revisions\/28316"}],"wp:featuredmedia":[{"embeddable":true,"href":"https:\/\/blogdoeloiltoncajuhy.com.br\/site\/wp-json\/wp\/v2\/media\/28315"}],"wp:attachment":[{"href":"https:\/\/blogdoeloiltoncajuhy.com.br\/site\/wp-json\/wp\/v2\/media?parent=28314"}],"wp:term":[{"taxonomy":"category","embeddable":true,"href":"https:\/\/blogdoeloiltoncajuhy.com.br\/site\/wp-json\/wp\/v2\/categories?post=28314"},{"taxonomy":"post_tag","embeddable":true,"href":"https:\/\/blogdoeloiltoncajuhy.com.br\/site\/wp-json\/wp\/v2\/tags?post=28314"}],"curies":[{"name":"wp","href":"https:\/\/api.w.org\/{rel}","templated":true}]}}