{"id":28306,"date":"2018-10-03T15:30:37","date_gmt":"2018-10-03T18:30:37","guid":{"rendered":"http:\/\/blogdoeloiltoncajuhy.com.br\/site\/?p=28306"},"modified":"2018-10-03T15:30:37","modified_gmt":"2018-10-03T18:30:37","slug":"preso-por-estupro-homem-deixa-a-cadeia-e-e-suspeito-de-matar-a-filha","status":"publish","type":"post","link":"https:\/\/blogdoeloiltoncajuhy.com.br\/site\/preso-por-estupro-homem-deixa-a-cadeia-e-e-suspeito-de-matar-a-filha\/","title":{"rendered":"Preso por estupro, homem deixa a cadeia e \u00e9 suspeito de matar a filha"},"content":{"rendered":"<h5 style=\"text-align: center;\"><em>Hor\u00e1cio Nazareno Lucas estava preso desde julho por ter estuprado a cunhada em 2012. Ap\u00f3s a pris\u00e3o, a fam\u00edlia descobriu que o suspeito tamb\u00e9m tinha estuprado a filha de 13 anos e denunciou o crime \u00e0 pol\u00edcia. Ao ser solto para apelar em liberdade, ele foi para casa, agrediu a mulher e matou a adolescente<\/em><\/h5>\n<figure id=\"attachment_28307\" aria-describedby=\"caption-attachment-28307\" style=\"width: 1000px\" class=\"wp-caption aligncenter\"><a href=\"https:\/\/i0.wp.com\/blogdoeloiltoncajuhy.com.br\/site\/wp-content\/uploads\/2018\/10\/leticia1.jpg\"><img data-recalc-dims=\"1\" fetchpriority=\"high\" decoding=\"async\" class=\"wp-image-28307 size-full\" src=\"https:\/\/i0.wp.com\/blogdoeloiltoncajuhy.com.br\/site\/wp-content\/uploads\/2018\/10\/leticia1.jpg?resize=800%2C617\" alt=\"\" width=\"800\" height=\"617\" srcset=\"https:\/\/i0.wp.com\/blogdoeloiltoncajuhy.com.br\/site\/wp-content\/uploads\/2018\/10\/leticia1.jpg?w=1000&amp;ssl=1 1000w, https:\/\/i0.wp.com\/blogdoeloiltoncajuhy.com.br\/site\/wp-content\/uploads\/2018\/10\/leticia1.jpg?resize=300%2C231&amp;ssl=1 300w, https:\/\/i0.wp.com\/blogdoeloiltoncajuhy.com.br\/site\/wp-content\/uploads\/2018\/10\/leticia1.jpg?resize=768%2C592&amp;ssl=1 768w, https:\/\/i0.wp.com\/blogdoeloiltoncajuhy.com.br\/site\/wp-content\/uploads\/2018\/10\/leticia1.jpg?resize=250%2C193&amp;ssl=1 250w\" sizes=\"(max-width: 800px) 100vw, 800px\" \/><\/a><figcaption id=\"caption-attachment-28307\" class=\"wp-caption-text\">Garota tinha 13 anos e morava em S\u00e3o Roque\/SP \u2014 Foto: Facebook\/Reprodu\u00e7\u00e3o<\/figcaption><\/figure>\n<p>A Pol\u00edcia Civil procura por um homem de 28 anos suspeito de matar a filha de 13 anos a facadas, na madrugada desta quarta-feira (3), no bairro Mailasque, em S\u00e3o Roque (SP). <strong>Hor\u00e1cio Nazareno Lucas<\/strong> estava preso desde julho, quando passou a cumprir pena por estuprar a cunhada em 2012. Ao ser solto, nesta ter\u00e7a-feira (2), ele foi para casa, matou a filha e fugiu.<\/p>\n<p>De acordo com a pol\u00edcia, uma viatura foi acionada para atender a uma ocorr\u00eancia de viol\u00eancia dom\u00e9stica, por\u00e9m, quando a equipe estava \u00e0 caminho do bairro, foi surpreendida por um menino de 6 anos pedindo socorro, dizendo o pai havia matado a irm\u00e3.<\/p>\n<p>Os policiais militares foram at\u00e9 o s\u00edtio da fam\u00edlia e encontraram <strong>Let\u00edcia Tanzi Lucas<\/strong>, de 13 anos, inconsciente e ferida na sala. A estudante foi socorrida pelo Corpo de Bombeiros e levada \u00e0 Santa Casa, mas n\u00e3o resistiu aos ferimentos.<\/p>\n<p><strong>Pai foi denunciado por estuprar a filha<\/strong><\/p>\n<p>Hor\u00e1cio foi preso em julho deste ano, ap\u00f3s ser condenado por estuprar a cunhada &#8211; irm\u00e3 da mulher dele -, que tem problemas mentais, em 2012.\u00a0O advogado de defesa da fam\u00edlia entrou com um pedido na Justi\u00e7a para que o homem continuasse respondendo em liberdade.<\/p>\n<p>Dias depois da pris\u00e3o, no entanto, a fam\u00edlia descobriu que a filha era abusada pelo pai e registrou um boletim de ocorr\u00eancia contra ele.\u00a0Nesta ter\u00e7a-feira o juiz acatou o pedido do advogado de defesa e concedeu ao suspeito o direito de apelar em liberdade.<\/p>\n<figure id=\"attachment_28308\" aria-describedby=\"caption-attachment-28308\" style=\"width: 1000px\" class=\"wp-caption aligncenter\"><a href=\"https:\/\/i0.wp.com\/blogdoeloiltoncajuhy.com.br\/site\/wp-content\/uploads\/2018\/10\/leticia3.jpg\"><img data-recalc-dims=\"1\" decoding=\"async\" class=\"wp-image-28308 size-full\" src=\"https:\/\/i0.wp.com\/blogdoeloiltoncajuhy.com.br\/site\/wp-content\/uploads\/2018\/10\/leticia3.jpg?resize=800%2C537\" alt=\"\" width=\"800\" height=\"537\" srcset=\"https:\/\/i0.wp.com\/blogdoeloiltoncajuhy.com.br\/site\/wp-content\/uploads\/2018\/10\/leticia3.jpg?w=1000&amp;ssl=1 1000w, https:\/\/i0.wp.com\/blogdoeloiltoncajuhy.com.br\/site\/wp-content\/uploads\/2018\/10\/leticia3.jpg?resize=300%2C201&amp;ssl=1 300w, https:\/\/i0.wp.com\/blogdoeloiltoncajuhy.com.br\/site\/wp-content\/uploads\/2018\/10\/leticia3.jpg?resize=768%2C515&amp;ssl=1 768w, https:\/\/i0.wp.com\/blogdoeloiltoncajuhy.com.br\/site\/wp-content\/uploads\/2018\/10\/leticia3.jpg?resize=250%2C168&amp;ssl=1 250w\" sizes=\"(max-width: 800px) 100vw, 800px\" \/><\/a><figcaption id=\"caption-attachment-28308\" class=\"wp-caption-text\">Jovem foi morta a facadas pelo pai em S\u00e3o Roque\/SP \u2014 Foto: Facebook\/Reprodu\u00e7\u00e3o<\/figcaption><\/figure>\n<p>Segundo consta no boletim de ocorr\u00eancia, ao ir para casa, ele come\u00e7ou a discutir com a mulher sobre o motivo dela e da filha terem aberto uma den\u00fancia contra ele. Hor\u00e1cio ficou nervoso, agrediu a mulher com socos e tentou esgan\u00e1-la. Ela conseguiu se desvencilhar e fugir para a casa de uma vizinha, para pedir socorro.<\/p>\n<p>O documento policial relata que o homem trancou o filho mais novo no quarto e deu v\u00e1rias facadas na filha, que estava na sala. Em seguida, o criminoso fugiu por um matagal.\u00a0Quando o garoto ouviu os barulhos, conseguiu sair do quarto e foi para a rua, onde encontrou a viatura policial.<\/p>\n<p>A m\u00e3e precisou ser medicada e vai passar por exames no Instituto M\u00e9dico Legal (IML) por conta das agress\u00f5es. O corpo da estudante est\u00e1 no IML de Sorocaba e deve ser enterrado no Cemit\u00e9rio da Paz.<\/p>\n<p><em><strong>*Por G1 Sorocaba e Jundia\u00ed, S\u00e3o Paulo<\/strong><\/em><\/p>\n","protected":false},"excerpt":{"rendered":"<p>Hor\u00e1cio Nazareno Lucas estava preso desde julho por ter estuprado a cunhada em 2012. Ap\u00f3s a pris\u00e3o, a fam\u00edlia descobriu que o suspeito tamb\u00e9m tinha estuprado a filha de 13 anos e denunciou o crime \u00e0 pol\u00edcia. Ao ser solto para apelar em liberdade, ele foi para casa, agrediu a mulher e matou a adolescente [&hellip;]<\/p>\n","protected":false},"author":2,"featured_media":28308,"comment_status":"open","ping_status":"open","sticky":false,"template":"","format":"standard","meta":{"_acf_changed":false,"_monsterinsights_skip_tracking":false,"_monsterinsights_sitenote_active":false,"_monsterinsights_sitenote_note":"","_monsterinsights_sitenote_category":0,"_jetpack_memberships_contains_paid_content":false,"footnotes":"","jetpack_publicize_message":"","jetpack_publicize_feature_enabled":true,"jetpack_social_post_already_shared":true,"jetpack_social_options":{"image_generator_settings":{"template":"highway","default_image_id":0,"font":"","enabled":false},"version":2}},"categories":[5,1],"tags":[],"class_list":["post-28306","post","type-post","status-publish","format-standard","has-post-thumbnail","hentry","category-cotidiano","category-noticias"],"acf":[],"jetpack_publicize_connections":[],"jetpack_featured_media_url":"https:\/\/i0.wp.com\/blogdoeloiltoncajuhy.com.br\/site\/wp-content\/uploads\/2018\/10\/leticia3.jpg?fit=1000%2C671&ssl=1","jetpack_sharing_enabled":true,"publishpress_future_workflow_manual_trigger":{"enabledWorkflows":[]},"_links":{"self":[{"href":"https:\/\/blogdoeloiltoncajuhy.com.br\/site\/wp-json\/wp\/v2\/posts\/28306","targetHints":{"allow":["GET"]}}],"collection":[{"href":"https:\/\/blogdoeloiltoncajuhy.com.br\/site\/wp-json\/wp\/v2\/posts"}],"about":[{"href":"https:\/\/blogdoeloiltoncajuhy.com.br\/site\/wp-json\/wp\/v2\/types\/post"}],"author":[{"embeddable":true,"href":"https:\/\/blogdoeloiltoncajuhy.com.br\/site\/wp-json\/wp\/v2\/users\/2"}],"replies":[{"embeddable":true,"href":"https:\/\/blogdoeloiltoncajuhy.com.br\/site\/wp-json\/wp\/v2\/comments?post=28306"}],"version-history":[{"count":1,"href":"https:\/\/blogdoeloiltoncajuhy.com.br\/site\/wp-json\/wp\/v2\/posts\/28306\/revisions"}],"predecessor-version":[{"id":28309,"href":"https:\/\/blogdoeloiltoncajuhy.com.br\/site\/wp-json\/wp\/v2\/posts\/28306\/revisions\/28309"}],"wp:featuredmedia":[{"embeddable":true,"href":"https:\/\/blogdoeloiltoncajuhy.com.br\/site\/wp-json\/wp\/v2\/media\/28308"}],"wp:attachment":[{"href":"https:\/\/blogdoeloiltoncajuhy.com.br\/site\/wp-json\/wp\/v2\/media?parent=28306"}],"wp:term":[{"taxonomy":"category","embeddable":true,"href":"https:\/\/blogdoeloiltoncajuhy.com.br\/site\/wp-json\/wp\/v2\/categories?post=28306"},{"taxonomy":"post_tag","embeddable":true,"href":"https:\/\/blogdoeloiltoncajuhy.com.br\/site\/wp-json\/wp\/v2\/tags?post=28306"}],"curies":[{"name":"wp","href":"https:\/\/api.w.org\/{rel}","templated":true}]}}