{"id":28300,"date":"2018-10-03T08:28:35","date_gmt":"2018-10-03T11:28:35","guid":{"rendered":"http:\/\/blogdoeloiltoncajuhy.com.br\/site\/?p=28300"},"modified":"2018-10-03T08:29:40","modified_gmt":"2018-10-03T11:29:40","slug":"trio-e-inocentado-em-caso-de-desmanche-de-carretas-em-senhor-do-bonfim","status":"publish","type":"post","link":"https:\/\/blogdoeloiltoncajuhy.com.br\/site\/trio-e-inocentado-em-caso-de-desmanche-de-carretas-em-senhor-do-bonfim\/","title":{"rendered":"Trio \u00e9 inocentado em caso de desmanche de carretas em Senhor do Bonfim"},"content":{"rendered":"<figure id=\"attachment_28301\" aria-describedby=\"caption-attachment-28301\" style=\"width: 500px\" class=\"wp-caption aligncenter\"><a href=\"https:\/\/i0.wp.com\/blogdoeloiltoncajuhy.com.br\/site\/wp-content\/uploads\/2018\/10\/desmanche-ilustrativo.jpg\"><img data-recalc-dims=\"1\" fetchpriority=\"high\" decoding=\"async\" class=\"wp-image-28301 size-full\" src=\"https:\/\/i0.wp.com\/blogdoeloiltoncajuhy.com.br\/site\/wp-content\/uploads\/2018\/10\/desmanche-ilustrativo.jpg?resize=500%2C375\" alt=\"\" width=\"500\" height=\"375\" srcset=\"https:\/\/i0.wp.com\/blogdoeloiltoncajuhy.com.br\/site\/wp-content\/uploads\/2018\/10\/desmanche-ilustrativo.jpg?w=500&amp;ssl=1 500w, https:\/\/i0.wp.com\/blogdoeloiltoncajuhy.com.br\/site\/wp-content\/uploads\/2018\/10\/desmanche-ilustrativo.jpg?resize=300%2C225&amp;ssl=1 300w, https:\/\/i0.wp.com\/blogdoeloiltoncajuhy.com.br\/site\/wp-content\/uploads\/2018\/10\/desmanche-ilustrativo.jpg?resize=250%2C188&amp;ssl=1 250w\" sizes=\"(max-width: 500px) 100vw, 500px\" \/><\/a><figcaption id=\"caption-attachment-28301\" class=\"wp-caption-text\">Foto Ilustrativa<\/figcaption><\/figure>\n<p>Foram inocentados pelo Juiz da Vara Crime de Senhor do Bonfim, Dr. Teomar Oliveira, os acusados <strong>Odair Vitor Gon\u00e7alves<\/strong>, de 33 anos, <strong>Paulo Roberto Oliveira<\/strong>, de 45 anos e <strong>Uilque Vitor Concei\u00e7\u00e3o<\/strong>, de 27 anos, idade que tinham quando ocorreram os fatos. Na defesa de Uilque e Odair atuou o advogado Jaelson Bonfim, e na de Paulo Roberto o advogado Pedro Cordeiro.<\/p>\n<p>O trio tinha sido acusado de desmanche de carretas em dezembro de 2015 em uma oficina nas proximidades do distrito de Carrapichel, munic\u00edpio de Senhor do Bonfim. Com eles, foram encontrados tr\u00eas carretas, sendo duas com chassi adulterado e o lacre da placa violado e uma com chassi adulterado, al\u00e9m de v\u00e1rias pe\u00e7as de carretas sem origem. A opera\u00e7\u00e3o foi realizada pela Pol\u00edcia Civil depois de dois meses de investiga\u00e7\u00e3o.<\/p>\n<p>O empres\u00e1rio Paulo Roberto Oliveira informou, atrav\u00e9s de seu advogado, Dr. Pedro Cordeiro, que vai entrar com a\u00e7\u00e3o contra o estado e ainda colocou sob suspei\u00e7\u00e3o a per\u00edcia local, na \u00e9poca dos fatos.<\/p>\n<p>De acordo com os advogados, os chassis que a principio foram anunciados pela Pol\u00edcia Civil como adulterados, s\u00e3o originais. O documento que comprovaria a regularidade dos chassis foi encaminhado pela fabricante atrav\u00e9s de um of\u00edcio.\u00a0A Pol\u00edcia Civil informa que ir\u00e1 se pronunciar ap\u00f3s a conclus\u00e3o da per\u00edcia.<\/p>\n<p><em><strong>*Bonfim Not\u00edcias<\/strong><\/em><\/p>\n","protected":false},"excerpt":{"rendered":"<p>Foram inocentados pelo Juiz da Vara Crime de Senhor do Bonfim, Dr. Teomar Oliveira, os acusados Odair Vitor Gon\u00e7alves, de 33 anos, Paulo Roberto Oliveira, de 45 anos e Uilque Vitor Concei\u00e7\u00e3o, de 27 anos, idade que tinham quando ocorreram os fatos. Na defesa de Uilque e Odair atuou o advogado Jaelson Bonfim, e na [&hellip;]<\/p>\n","protected":false},"author":2,"featured_media":28301,"comment_status":"open","ping_status":"open","sticky":false,"template":"","format":"standard","meta":{"_acf_changed":false,"_monsterinsights_skip_tracking":false,"_monsterinsights_sitenote_active":false,"_monsterinsights_sitenote_note":"","_monsterinsights_sitenote_category":0,"_jetpack_memberships_contains_paid_content":false,"footnotes":"","jetpack_publicize_message":"","jetpack_publicize_feature_enabled":true,"jetpack_social_post_already_shared":true,"jetpack_social_options":{"image_generator_settings":{"template":"highway","default_image_id":0,"font":"","enabled":false},"version":2}},"categories":[1,4],"tags":[],"class_list":["post-28300","post","type-post","status-publish","format-standard","has-post-thumbnail","hentry","category-noticias","category-local"],"acf":[],"jetpack_publicize_connections":[],"jetpack_featured_media_url":"https:\/\/i0.wp.com\/blogdoeloiltoncajuhy.com.br\/site\/wp-content\/uploads\/2018\/10\/desmanche-ilustrativo.jpg?fit=500%2C375&ssl=1","jetpack_sharing_enabled":true,"publishpress_future_workflow_manual_trigger":{"enabledWorkflows":[]},"_links":{"self":[{"href":"https:\/\/blogdoeloiltoncajuhy.com.br\/site\/wp-json\/wp\/v2\/posts\/28300","targetHints":{"allow":["GET"]}}],"collection":[{"href":"https:\/\/blogdoeloiltoncajuhy.com.br\/site\/wp-json\/wp\/v2\/posts"}],"about":[{"href":"https:\/\/blogdoeloiltoncajuhy.com.br\/site\/wp-json\/wp\/v2\/types\/post"}],"author":[{"embeddable":true,"href":"https:\/\/blogdoeloiltoncajuhy.com.br\/site\/wp-json\/wp\/v2\/users\/2"}],"replies":[{"embeddable":true,"href":"https:\/\/blogdoeloiltoncajuhy.com.br\/site\/wp-json\/wp\/v2\/comments?post=28300"}],"version-history":[{"count":2,"href":"https:\/\/blogdoeloiltoncajuhy.com.br\/site\/wp-json\/wp\/v2\/posts\/28300\/revisions"}],"predecessor-version":[{"id":28303,"href":"https:\/\/blogdoeloiltoncajuhy.com.br\/site\/wp-json\/wp\/v2\/posts\/28300\/revisions\/28303"}],"wp:featuredmedia":[{"embeddable":true,"href":"https:\/\/blogdoeloiltoncajuhy.com.br\/site\/wp-json\/wp\/v2\/media\/28301"}],"wp:attachment":[{"href":"https:\/\/blogdoeloiltoncajuhy.com.br\/site\/wp-json\/wp\/v2\/media?parent=28300"}],"wp:term":[{"taxonomy":"category","embeddable":true,"href":"https:\/\/blogdoeloiltoncajuhy.com.br\/site\/wp-json\/wp\/v2\/categories?post=28300"},{"taxonomy":"post_tag","embeddable":true,"href":"https:\/\/blogdoeloiltoncajuhy.com.br\/site\/wp-json\/wp\/v2\/tags?post=28300"}],"curies":[{"name":"wp","href":"https:\/\/api.w.org\/{rel}","templated":true}]}}