{"id":28291,"date":"2018-10-02T19:14:32","date_gmt":"2018-10-02T22:14:32","guid":{"rendered":"http:\/\/blogdoeloiltoncajuhy.com.br\/site\/?p=28291"},"modified":"2018-10-02T19:14:32","modified_gmt":"2018-10-02T22:14:32","slug":"brasileiro-assina-ordem-de-servico-para-construcao-de-praca-na-rua-euclides-da-cunha","status":"publish","type":"post","link":"https:\/\/blogdoeloiltoncajuhy.com.br\/site\/brasileiro-assina-ordem-de-servico-para-construcao-de-praca-na-rua-euclides-da-cunha\/","title":{"rendered":"Brasileiro assina ordem de servi\u00e7o para constru\u00e7\u00e3o de Pra\u00e7a na Rua Euclides da Cunha"},"content":{"rendered":"<p><a href=\"https:\/\/i0.wp.com\/blogdoeloiltoncajuhy.com.br\/site\/wp-content\/uploads\/2018\/10\/OS_pra%C3%A7a-da-rua-euclides-da-cunha.jpg\"><img data-recalc-dims=\"1\" fetchpriority=\"high\" decoding=\"async\" class=\"size-full wp-image-28292 alignright\" src=\"https:\/\/i0.wp.com\/blogdoeloiltoncajuhy.com.br\/site\/wp-content\/uploads\/2018\/10\/OS_pra%C3%A7a-da-rua-euclides-da-cunha.jpg?resize=420%2C280\" alt=\"\" width=\"420\" height=\"280\" srcset=\"https:\/\/i0.wp.com\/blogdoeloiltoncajuhy.com.br\/site\/wp-content\/uploads\/2018\/10\/OS_pra%C3%A7a-da-rua-euclides-da-cunha.jpg?w=420&amp;ssl=1 420w, https:\/\/i0.wp.com\/blogdoeloiltoncajuhy.com.br\/site\/wp-content\/uploads\/2018\/10\/OS_pra%C3%A7a-da-rua-euclides-da-cunha.jpg?resize=300%2C200&amp;ssl=1 300w, https:\/\/i0.wp.com\/blogdoeloiltoncajuhy.com.br\/site\/wp-content\/uploads\/2018\/10\/OS_pra%C3%A7a-da-rua-euclides-da-cunha.jpg?resize=250%2C167&amp;ssl=1 250w\" sizes=\"(max-width: 420px) 100vw, 420px\" \/><\/a>O prefeito de Senhor do Bonfim, Carlos Brasileiro, assinou na noite de segunda-feira, 1\u00ba de outubro, a ordem de servi\u00e7o para constru\u00e7\u00e3o da futura Pra\u00e7a Cec\u00eddio Porcino da Silva, na Rua Euclides da Cunha \u2013 Largo do Cemit\u00e9rio S\u00e3o Marcos.<\/p>\n<p>O ato faz parte do conjunto de a\u00e7\u00f5es integradas do Programa Bonfim em Desenvolvimento e foi prestigiado pelos vereadores Andreilton Almeida, Reinaldo Jos\u00e9 e Cleiton Vieira \u2013 este \u00faltimo, solicitante do projeto, al\u00e9m de secret\u00e1rios municipais, moradores da comunidade e adjac\u00eancias.<\/p>\n<p>\u201c<em>Teremos uma pra\u00e7a nova e bonita. \u00c9 um prazer receber essa obra em nossa comunidade<\/em>\u201d, exaltou o morador Emerson Castro. No projeto arquitet\u00f4nico do engenheiro Andr\u00e9 Gon\u00e7alves, os moradores poder\u00e3o usufruir de uma pra\u00e7a com novo tipo de piso, nova ilumina\u00e7\u00e3o, arboriza\u00e7\u00e3o e jardinagem, e mesas com banquinhos.<\/p>\n<p>A empresa vencedora da licita\u00e7\u00e3o foi a LRS Engenharia e Construtora \u2013 representada pelo engenheiro civil Leonardo Rodrigues Santiago. A pra\u00e7a ser\u00e1 constru\u00edda com investimentos na ordem de R$ 34.760,56. A previs\u00e3o \u00e9 que a pra\u00e7a fique pronta at\u00e9 o final do ano.<\/p>\n<p>\u201c<em>\u00c9 uma alegria n\u00e3o s\u00f3 para mim como morador e vereador, mas para todos os moradores. Aproveito a oportunidade para agradecer o prefeito Carlos Brasileiro e o Deputado Bob\u00f4 pelo empenho e apoio<\/em>\u201d, disse o vereador Clayton Vieira.<\/p>\n<p>Nos pr\u00f3ximos dias um projeto de lei ser\u00e1 votado na C\u00e2mara de Vereadores e posteriormente sancionado pelo prefeito com a nova nomenclatura do logradouro p\u00fablico. A denomina\u00e7\u00e3o da pra\u00e7a contempla o saudoso morador Cec\u00eddio Porcino da Silva ( In memoriam).<\/p>\n<p>Durante o ato de assinatura, o prefeito ainda anunciou mais duas importantes interven\u00e7\u00f5es que v\u00e3o acontecer em logradouros adjacentes ao Alto da Maravilha. \u201c<em>A constru\u00e7\u00e3o dessa pra\u00e7a \u00e9 o pren\u00fancio de duas outras que vamos revitalizar em 2019: a Pra\u00e7a da Cerqueira Campos e a Pra\u00e7a da Usina, conhecida tamb\u00e9m como Pra\u00e7a do Tanque &#8211; onde vamos reformar e construir um Campo Society<\/em>&#8220;, confirmou o prefeito Carlos Brasileiro.<\/p>\n<p><em><strong>*Ascom Prefeitura Municipal de Senhor do Bonfim-BA<\/strong><\/em><\/p>\n","protected":false},"excerpt":{"rendered":"<p>O prefeito de Senhor do Bonfim, Carlos Brasileiro, assinou na noite de segunda-feira, 1\u00ba de outubro, a ordem de servi\u00e7o para constru\u00e7\u00e3o da futura Pra\u00e7a Cec\u00eddio Porcino da Silva, na Rua Euclides da Cunha \u2013 Largo do Cemit\u00e9rio S\u00e3o Marcos. O ato faz parte do conjunto de a\u00e7\u00f5es integradas do Programa Bonfim em Desenvolvimento e [&hellip;]<\/p>\n","protected":false},"author":2,"featured_media":28292,"comment_status":"open","ping_status":"open","sticky":false,"template":"","format":"standard","meta":{"_acf_changed":false,"_monsterinsights_skip_tracking":false,"_monsterinsights_sitenote_active":false,"_monsterinsights_sitenote_note":"","_monsterinsights_sitenote_category":0,"_jetpack_memberships_contains_paid_content":false,"footnotes":"","jetpack_publicize_message":"","jetpack_publicize_feature_enabled":true,"jetpack_social_post_already_shared":true,"jetpack_social_options":{"image_generator_settings":{"template":"highway","default_image_id":0,"font":"","enabled":false},"version":2}},"categories":[1,3,4],"tags":[],"class_list":["post-28291","post","type-post","status-publish","format-standard","has-post-thumbnail","hentry","category-noticias","category-politica","category-local"],"acf":[],"jetpack_publicize_connections":[],"jetpack_featured_media_url":"https:\/\/i0.wp.com\/blogdoeloiltoncajuhy.com.br\/site\/wp-content\/uploads\/2018\/10\/OS_pra%C3%A7a-da-rua-euclides-da-cunha.jpg?fit=420%2C280&ssl=1","jetpack_sharing_enabled":true,"publishpress_future_workflow_manual_trigger":{"enabledWorkflows":[]},"_links":{"self":[{"href":"https:\/\/blogdoeloiltoncajuhy.com.br\/site\/wp-json\/wp\/v2\/posts\/28291","targetHints":{"allow":["GET"]}}],"collection":[{"href":"https:\/\/blogdoeloiltoncajuhy.com.br\/site\/wp-json\/wp\/v2\/posts"}],"about":[{"href":"https:\/\/blogdoeloiltoncajuhy.com.br\/site\/wp-json\/wp\/v2\/types\/post"}],"author":[{"embeddable":true,"href":"https:\/\/blogdoeloiltoncajuhy.com.br\/site\/wp-json\/wp\/v2\/users\/2"}],"replies":[{"embeddable":true,"href":"https:\/\/blogdoeloiltoncajuhy.com.br\/site\/wp-json\/wp\/v2\/comments?post=28291"}],"version-history":[{"count":1,"href":"https:\/\/blogdoeloiltoncajuhy.com.br\/site\/wp-json\/wp\/v2\/posts\/28291\/revisions"}],"predecessor-version":[{"id":28293,"href":"https:\/\/blogdoeloiltoncajuhy.com.br\/site\/wp-json\/wp\/v2\/posts\/28291\/revisions\/28293"}],"wp:featuredmedia":[{"embeddable":true,"href":"https:\/\/blogdoeloiltoncajuhy.com.br\/site\/wp-json\/wp\/v2\/media\/28292"}],"wp:attachment":[{"href":"https:\/\/blogdoeloiltoncajuhy.com.br\/site\/wp-json\/wp\/v2\/media?parent=28291"}],"wp:term":[{"taxonomy":"category","embeddable":true,"href":"https:\/\/blogdoeloiltoncajuhy.com.br\/site\/wp-json\/wp\/v2\/categories?post=28291"},{"taxonomy":"post_tag","embeddable":true,"href":"https:\/\/blogdoeloiltoncajuhy.com.br\/site\/wp-json\/wp\/v2\/tags?post=28291"}],"curies":[{"name":"wp","href":"https:\/\/api.w.org\/{rel}","templated":true}]}}