{"id":28285,"date":"2018-10-02T18:47:13","date_gmt":"2018-10-02T21:47:13","guid":{"rendered":"http:\/\/blogdoeloiltoncajuhy.com.br\/site\/?p=28285"},"modified":"2018-10-02T19:15:49","modified_gmt":"2018-10-02T22:15:49","slug":"prefeitura-de-andorinha-vai-inaugurar-centro-de-atencao-psicossocial-nesta-quarta-feira-3","status":"publish","type":"post","link":"https:\/\/blogdoeloiltoncajuhy.com.br\/site\/prefeitura-de-andorinha-vai-inaugurar-centro-de-atencao-psicossocial-nesta-quarta-feira-3\/","title":{"rendered":"Prefeitura de Andorinha vai inaugurar Centro de Aten\u00e7\u00e3o Psicossocial nesta quarta-feira (3)"},"content":{"rendered":"<p><a href=\"https:\/\/i0.wp.com\/blogdoeloiltoncajuhy.com.br\/site\/wp-content\/uploads\/2018\/10\/caps-foto024.png\"><img data-recalc-dims=\"1\" fetchpriority=\"high\" decoding=\"async\" class=\"aligncenter size-full wp-image-28286\" src=\"https:\/\/i0.wp.com\/blogdoeloiltoncajuhy.com.br\/site\/wp-content\/uploads\/2018\/10\/caps-foto024.png?resize=500%2C333\" alt=\"\" width=\"500\" height=\"333\" srcset=\"https:\/\/i0.wp.com\/blogdoeloiltoncajuhy.com.br\/site\/wp-content\/uploads\/2018\/10\/caps-foto024.png?w=500&amp;ssl=1 500w, https:\/\/i0.wp.com\/blogdoeloiltoncajuhy.com.br\/site\/wp-content\/uploads\/2018\/10\/caps-foto024.png?resize=300%2C200&amp;ssl=1 300w, https:\/\/i0.wp.com\/blogdoeloiltoncajuhy.com.br\/site\/wp-content\/uploads\/2018\/10\/caps-foto024.png?resize=250%2C167&amp;ssl=1 250w\" sizes=\"(max-width: 500px) 100vw, 500px\" \/><\/a>A Prefeitura de Andorinha, por meio da Secretaria Municipal de Sa\u00fade, vai inaugurar nesta quarta-feira, 3 de outubro, o Centro de Aten\u00e7\u00e3o Psicossocial (CAPS), Greg\u00f3rio Viana da Silva.<\/p>\n<p>A solenidade de inaugura\u00e7\u00e3o do primeiro CAPS de Andorinha contar\u00e1 com a presen\u00e7a do prefeito Renato Brand\u00e3o e acontecer\u00e1 \u00e0s 16 horas. O CAPS fica localizado na Travessa Tanque Novo e vai funcionar de segunda a sexta-feira, das 8h \u00e0s 16. A previs\u00e3o da unidade de sa\u00fade \u00e9 atender 450 pacientes por m\u00eas.<\/p>\n<p>O CAPS oferece servi\u00e7os de sa\u00fade voltado para \u00e0s pessoas com sofrimento ou transtorno mental, inclusive as com necessidades decorrentes do uso de \u00e1lcool e outras drogas.<\/p>\n<p>A equipe multiprofissional \u00e9 formada por m\u00e9dico, psic\u00f3logo, enfermeiro, terapeuta ocupacional, t\u00e9cnico de enfermagem, assistente social, entre outros profissionais que auxiliam o acompanhamento dos usu\u00e1rios.<\/p>\n<p><em><strong>*Ascom Prefeitura Municipal de Andorinha-BA<\/strong><\/em><\/p>\n","protected":false},"excerpt":{"rendered":"<p>A Prefeitura de Andorinha, por meio da Secretaria Municipal de Sa\u00fade, vai inaugurar nesta quarta-feira, 3 de outubro, o Centro de Aten\u00e7\u00e3o Psicossocial (CAPS), Greg\u00f3rio Viana da Silva. A solenidade de inaugura\u00e7\u00e3o do primeiro CAPS de Andorinha contar\u00e1 com a presen\u00e7a do prefeito Renato Brand\u00e3o e acontecer\u00e1 \u00e0s 16 horas. O CAPS fica localizado na [&hellip;]<\/p>\n","protected":false},"author":2,"featured_media":28286,"comment_status":"open","ping_status":"open","sticky":false,"template":"","format":"standard","meta":{"_acf_changed":false,"_monsterinsights_skip_tracking":false,"_monsterinsights_sitenote_active":false,"_monsterinsights_sitenote_note":"","_monsterinsights_sitenote_category":0,"_jetpack_memberships_contains_paid_content":false,"footnotes":"","jetpack_publicize_message":"","jetpack_publicize_feature_enabled":true,"jetpack_social_post_already_shared":true,"jetpack_social_options":{"image_generator_settings":{"template":"highway","default_image_id":0,"font":"","enabled":false},"version":2}},"categories":[1,11,7],"tags":[],"class_list":["post-28285","post","type-post","status-publish","format-standard","has-post-thumbnail","hentry","category-noticias","category-regional","category-saude"],"acf":[],"jetpack_publicize_connections":[],"jetpack_featured_media_url":"https:\/\/i0.wp.com\/blogdoeloiltoncajuhy.com.br\/site\/wp-content\/uploads\/2018\/10\/caps-foto024.png?fit=500%2C333&ssl=1","jetpack_sharing_enabled":true,"publishpress_future_workflow_manual_trigger":{"enabledWorkflows":[]},"_links":{"self":[{"href":"https:\/\/blogdoeloiltoncajuhy.com.br\/site\/wp-json\/wp\/v2\/posts\/28285","targetHints":{"allow":["GET"]}}],"collection":[{"href":"https:\/\/blogdoeloiltoncajuhy.com.br\/site\/wp-json\/wp\/v2\/posts"}],"about":[{"href":"https:\/\/blogdoeloiltoncajuhy.com.br\/site\/wp-json\/wp\/v2\/types\/post"}],"author":[{"embeddable":true,"href":"https:\/\/blogdoeloiltoncajuhy.com.br\/site\/wp-json\/wp\/v2\/users\/2"}],"replies":[{"embeddable":true,"href":"https:\/\/blogdoeloiltoncajuhy.com.br\/site\/wp-json\/wp\/v2\/comments?post=28285"}],"version-history":[{"count":2,"href":"https:\/\/blogdoeloiltoncajuhy.com.br\/site\/wp-json\/wp\/v2\/posts\/28285\/revisions"}],"predecessor-version":[{"id":28295,"href":"https:\/\/blogdoeloiltoncajuhy.com.br\/site\/wp-json\/wp\/v2\/posts\/28285\/revisions\/28295"}],"wp:featuredmedia":[{"embeddable":true,"href":"https:\/\/blogdoeloiltoncajuhy.com.br\/site\/wp-json\/wp\/v2\/media\/28286"}],"wp:attachment":[{"href":"https:\/\/blogdoeloiltoncajuhy.com.br\/site\/wp-json\/wp\/v2\/media?parent=28285"}],"wp:term":[{"taxonomy":"category","embeddable":true,"href":"https:\/\/blogdoeloiltoncajuhy.com.br\/site\/wp-json\/wp\/v2\/categories?post=28285"},{"taxonomy":"post_tag","embeddable":true,"href":"https:\/\/blogdoeloiltoncajuhy.com.br\/site\/wp-json\/wp\/v2\/tags?post=28285"}],"curies":[{"name":"wp","href":"https:\/\/api.w.org\/{rel}","templated":true}]}}