{"id":28282,"date":"2018-10-02T08:43:19","date_gmt":"2018-10-02T11:43:19","guid":{"rendered":"http:\/\/blogdoeloiltoncajuhy.com.br\/site\/?p=28282"},"modified":"2018-10-02T08:43:19","modified_gmt":"2018-10-02T11:43:19","slug":"veja-as-ocorrencias-registradas-pela-pm-de-bonfim-nas-ultimas-horas","status":"publish","type":"post","link":"https:\/\/blogdoeloiltoncajuhy.com.br\/site\/veja-as-ocorrencias-registradas-pela-pm-de-bonfim-nas-ultimas-horas\/","title":{"rendered":"Veja as ocorr\u00eancias registradas pela PM de Bonfim nas \u00faltimas horas"},"content":{"rendered":"<p><strong><a href=\"https:\/\/i0.wp.com\/blogdoeloiltoncajuhy.com.br\/site\/wp-content\/uploads\/2017\/01\/6-BPM.jpg\"><img data-recalc-dims=\"1\" fetchpriority=\"high\" decoding=\"async\" class=\"aligncenter wp-image-14937\" src=\"https:\/\/i0.wp.com\/blogdoeloiltoncajuhy.com.br\/site\/wp-content\/uploads\/2017\/01\/6-BPM.jpg?resize=460%2C273\" alt=\"\" width=\"460\" height=\"273\" srcset=\"https:\/\/i0.wp.com\/blogdoeloiltoncajuhy.com.br\/site\/wp-content\/uploads\/2017\/01\/6-BPM.jpg?w=400&amp;ssl=1 400w, https:\/\/i0.wp.com\/blogdoeloiltoncajuhy.com.br\/site\/wp-content\/uploads\/2017\/01\/6-BPM.jpg?resize=300%2C178&amp;ssl=1 300w, https:\/\/i0.wp.com\/blogdoeloiltoncajuhy.com.br\/site\/wp-content\/uploads\/2017\/01\/6-BPM.jpg?resize=250%2C148&amp;ssl=1 250w\" sizes=\"(max-width: 460px) 100vw, 460px\" \/><\/a>POLICIAIS DO 6\u00ba BATALH\u00c3O AUXILIAM OFICIAL DE JUSTI\u00c7A E IMPEDEM FUGA DE INDIV\u00cdDUO COM MANDADO DE PRIS\u00c3O JUDICIAL<\/strong><\/p>\n<p>Na manh\u00e3 de segunda-feira, 01, a Guarni\u00e7\u00e3o T\u00e1tica Urbana, deslocou-se at\u00e9 o distrito da Igara, acompanhada por um oficial de justi\u00e7a, para cumprir mandado de pris\u00e3o, sendo que o acusado ao, perceber a presen\u00e7a da Guarni\u00e7\u00e3o, buscando fuga, entrou em sua resid\u00eancia e logo em seguida come\u00e7ou a pular os muros das casas vizinhas. Entretanto, os policiais conseguiram prender o individuo no quintal de uma das resid\u00eancias, sendo imediatamente conduzido para delegacia em cumprimento ao mandado judicial.<\/p>\n<p><strong>GUARNI\u00c7\u00c3O DO 6\u00ba BATALH\u00c3O EVITA FURTO ATENDENDO PEDIDO DA POPULA\u00c7\u00c3O<\/strong><\/p>\n<p>No in\u00edcio da tarde de segunda-feira, 01, a guarni\u00e7\u00e3o T\u00e1tica Urbana, no bairro da Lagoa, foi acionada por populares, pois um indiv\u00edduo tentou furtar o estabelecimento comercial, Padaria do D\u00e3o, abrindo a gaveta do caixa, na tentativa de subtrair valores. Todavia, teve sua a\u00e7\u00e3o frustrada pela dona do estabelecimento, que percebendo a atitude suspeita do indiv\u00edduo, chamou a aten\u00e7\u00e3o de populares pr\u00f3ximos e a presen\u00e7a da policia. O indiv\u00edduo evadiu-se do local do fato e a guarni\u00e7\u00e3o fez buscas nas proximidades, encontrando o acusado que foi conduzido \u00e0 Delegacia de Pol\u00edcia para lavratura do flagrante delito.<\/p>\n<p><strong>ABORDAGEM CONTINUA SENDO A FERRAMENTA PRINCIPAL DO 6\u00ba BATALH\u00c3O NO COMBATE \u00c0S DROGAS EM SENHOR DO BONFIM<\/strong><\/p>\n<p>A noite de segunda-feira, 01, foi marcada por apreens\u00e3o de drogas no bairro do Alto da Maravilha e Rua Carrapichel, quando a Guarni\u00e7\u00e3o T\u00e1tica Rural, em rondas ostensivas, percebeu a atitude suspeita de um indiv\u00edduo e, ao se aproximar para realiza\u00e7\u00e3o da busca pessoal, notou que ele dispensou um material ao ch\u00e3o, sendo identificado como substancia semelhante \u00e0 maconha. Diante do fato, o menor foi conduzido para o Complexo Policial juntamente com material apreendido.<\/p>\n<p><em><strong>*Fonte: Ascom\/6\u00ba BPM<\/strong><\/em><\/p>\n","protected":false},"excerpt":{"rendered":"<p>POLICIAIS DO 6\u00ba BATALH\u00c3O AUXILIAM OFICIAL DE JUSTI\u00c7A E IMPEDEM FUGA DE INDIV\u00cdDUO COM MANDADO DE PRIS\u00c3O JUDICIAL Na manh\u00e3 de segunda-feira, 01, a Guarni\u00e7\u00e3o T\u00e1tica Urbana, deslocou-se at\u00e9 o distrito da Igara, acompanhada por um oficial de justi\u00e7a, para cumprir mandado de pris\u00e3o, sendo que o acusado ao, perceber a presen\u00e7a da Guarni\u00e7\u00e3o, buscando [&hellip;]<\/p>\n","protected":false},"author":2,"featured_media":0,"comment_status":"open","ping_status":"open","sticky":false,"template":"","format":"standard","meta":{"_acf_changed":false,"_monsterinsights_skip_tracking":false,"_monsterinsights_sitenote_active":false,"_monsterinsights_sitenote_note":"","_monsterinsights_sitenote_category":0,"_jetpack_memberships_contains_paid_content":false,"footnotes":"","jetpack_publicize_message":"","jetpack_publicize_feature_enabled":true,"jetpack_social_post_already_shared":true,"jetpack_social_options":{"image_generator_settings":{"template":"highway","default_image_id":0,"font":"","enabled":false},"version":2}},"categories":[5,1,4],"tags":[],"class_list":["post-28282","post","type-post","status-publish","format-standard","hentry","category-cotidiano","category-noticias","category-local"],"acf":[],"jetpack_publicize_connections":[],"jetpack_featured_media_url":"","jetpack_sharing_enabled":true,"publishpress_future_workflow_manual_trigger":{"enabledWorkflows":[]},"_links":{"self":[{"href":"https:\/\/blogdoeloiltoncajuhy.com.br\/site\/wp-json\/wp\/v2\/posts\/28282","targetHints":{"allow":["GET"]}}],"collection":[{"href":"https:\/\/blogdoeloiltoncajuhy.com.br\/site\/wp-json\/wp\/v2\/posts"}],"about":[{"href":"https:\/\/blogdoeloiltoncajuhy.com.br\/site\/wp-json\/wp\/v2\/types\/post"}],"author":[{"embeddable":true,"href":"https:\/\/blogdoeloiltoncajuhy.com.br\/site\/wp-json\/wp\/v2\/users\/2"}],"replies":[{"embeddable":true,"href":"https:\/\/blogdoeloiltoncajuhy.com.br\/site\/wp-json\/wp\/v2\/comments?post=28282"}],"version-history":[{"count":1,"href":"https:\/\/blogdoeloiltoncajuhy.com.br\/site\/wp-json\/wp\/v2\/posts\/28282\/revisions"}],"predecessor-version":[{"id":28283,"href":"https:\/\/blogdoeloiltoncajuhy.com.br\/site\/wp-json\/wp\/v2\/posts\/28282\/revisions\/28283"}],"wp:attachment":[{"href":"https:\/\/blogdoeloiltoncajuhy.com.br\/site\/wp-json\/wp\/v2\/media?parent=28282"}],"wp:term":[{"taxonomy":"category","embeddable":true,"href":"https:\/\/blogdoeloiltoncajuhy.com.br\/site\/wp-json\/wp\/v2\/categories?post=28282"},{"taxonomy":"post_tag","embeddable":true,"href":"https:\/\/blogdoeloiltoncajuhy.com.br\/site\/wp-json\/wp\/v2\/tags?post=28282"}],"curies":[{"name":"wp","href":"https:\/\/api.w.org\/{rel}","templated":true}]}}