{"id":28266,"date":"2018-10-01T11:52:33","date_gmt":"2018-10-01T14:52:33","guid":{"rendered":"http:\/\/blogdoeloiltoncajuhy.com.br\/site\/?p=28266"},"modified":"2018-10-01T11:57:03","modified_gmt":"2018-10-01T14:57:03","slug":"bonfim-crianca-encontrada-em-coma-alcoolico-e-atendida-na-upa","status":"publish","type":"post","link":"https:\/\/blogdoeloiltoncajuhy.com.br\/site\/bonfim-crianca-encontrada-em-coma-alcoolico-e-atendida-na-upa\/","title":{"rendered":"BONFIM: Crian\u00e7a encontrada em coma alco\u00f3lico \u00e9 atendida na UPA"},"content":{"rendered":"<p><a href=\"https:\/\/i0.wp.com\/blogdoeloiltoncajuhy.com.br\/site\/wp-content\/uploads\/2018\/07\/UPA_func01.jpg\"><img data-recalc-dims=\"1\" fetchpriority=\"high\" decoding=\"async\" class=\"aligncenter wp-image-26859\" src=\"https:\/\/i0.wp.com\/blogdoeloiltoncajuhy.com.br\/site\/wp-content\/uploads\/2018\/07\/UPA_func01.jpg?resize=400%2C266\" alt=\"\" width=\"400\" height=\"266\" srcset=\"https:\/\/i0.wp.com\/blogdoeloiltoncajuhy.com.br\/site\/wp-content\/uploads\/2018\/07\/UPA_func01.jpg?w=560&amp;ssl=1 560w, https:\/\/i0.wp.com\/blogdoeloiltoncajuhy.com.br\/site\/wp-content\/uploads\/2018\/07\/UPA_func01.jpg?resize=300%2C200&amp;ssl=1 300w, https:\/\/i0.wp.com\/blogdoeloiltoncajuhy.com.br\/site\/wp-content\/uploads\/2018\/07\/UPA_func01.jpg?resize=250%2C167&amp;ssl=1 250w\" sizes=\"(max-width: 400px) 100vw, 400px\" \/><\/a>Agentes de prote\u00e7\u00e3o ao menor encontraram uma crian\u00e7a desacordada em frente a Embasa, por volta das 22h30 do \u00faltimo s\u00e1bado, 29 de setembro. Segundo o <strong>BLOG DO NETTO MARAVILHA<\/strong>, os agentes informaram que a crian\u00e7a apresentava sintomas de embriagues alco\u00f3lica e foi socorrida para a UPA 24 horas, onde foi medicada.<\/p>\n<p>Ainda de acordo com Netto Maravilha, os agentes entraram em contato com a m\u00e3e da crian\u00e7a e esta informou que n\u00e3o sabia onde seu filho se encontrava, por\u00e9m ela foi intimada a prestar depoimento na pr\u00f3xima quarta-feira (03). A reportagem do Blog conversou com o Conselho Tutelar que informou que, a depender da situa\u00e7\u00e3o, a m\u00e3e pode at\u00e9 perder a guarda da crian\u00e7a.<\/p>\n<p><em><strong>*BLOG DO ELOILTON CAJUHY<\/strong><\/em><\/p>\n","protected":false},"excerpt":{"rendered":"<p>Agentes de prote\u00e7\u00e3o ao menor encontraram uma crian\u00e7a desacordada em frente a Embasa, por volta das 22h30 do \u00faltimo s\u00e1bado, 29 de setembro. Segundo o BLOG DO NETTO MARAVILHA, os agentes informaram que a crian\u00e7a apresentava sintomas de embriagues alco\u00f3lica e foi socorrida para a UPA 24 horas, onde foi medicada. Ainda de acordo com [&hellip;]<\/p>\n","protected":false},"author":2,"featured_media":0,"comment_status":"open","ping_status":"open","sticky":false,"template":"","format":"standard","meta":{"_acf_changed":false,"_monsterinsights_skip_tracking":false,"_monsterinsights_sitenote_active":false,"_monsterinsights_sitenote_note":"","_monsterinsights_sitenote_category":0,"_jetpack_memberships_contains_paid_content":false,"footnotes":"","jetpack_publicize_message":"","jetpack_publicize_feature_enabled":true,"jetpack_social_post_already_shared":true,"jetpack_social_options":{"image_generator_settings":{"template":"highway","default_image_id":0,"font":"","enabled":false},"version":2}},"categories":[5,1,4],"tags":[],"class_list":["post-28266","post","type-post","status-publish","format-standard","hentry","category-cotidiano","category-noticias","category-local"],"acf":[],"jetpack_publicize_connections":[],"jetpack_featured_media_url":"","jetpack_sharing_enabled":true,"publishpress_future_workflow_manual_trigger":{"enabledWorkflows":[]},"_links":{"self":[{"href":"https:\/\/blogdoeloiltoncajuhy.com.br\/site\/wp-json\/wp\/v2\/posts\/28266","targetHints":{"allow":["GET"]}}],"collection":[{"href":"https:\/\/blogdoeloiltoncajuhy.com.br\/site\/wp-json\/wp\/v2\/posts"}],"about":[{"href":"https:\/\/blogdoeloiltoncajuhy.com.br\/site\/wp-json\/wp\/v2\/types\/post"}],"author":[{"embeddable":true,"href":"https:\/\/blogdoeloiltoncajuhy.com.br\/site\/wp-json\/wp\/v2\/users\/2"}],"replies":[{"embeddable":true,"href":"https:\/\/blogdoeloiltoncajuhy.com.br\/site\/wp-json\/wp\/v2\/comments?post=28266"}],"version-history":[{"count":2,"href":"https:\/\/blogdoeloiltoncajuhy.com.br\/site\/wp-json\/wp\/v2\/posts\/28266\/revisions"}],"predecessor-version":[{"id":28268,"href":"https:\/\/blogdoeloiltoncajuhy.com.br\/site\/wp-json\/wp\/v2\/posts\/28266\/revisions\/28268"}],"wp:attachment":[{"href":"https:\/\/blogdoeloiltoncajuhy.com.br\/site\/wp-json\/wp\/v2\/media?parent=28266"}],"wp:term":[{"taxonomy":"category","embeddable":true,"href":"https:\/\/blogdoeloiltoncajuhy.com.br\/site\/wp-json\/wp\/v2\/categories?post=28266"},{"taxonomy":"post_tag","embeddable":true,"href":"https:\/\/blogdoeloiltoncajuhy.com.br\/site\/wp-json\/wp\/v2\/tags?post=28266"}],"curies":[{"name":"wp","href":"https:\/\/api.w.org\/{rel}","templated":true}]}}