{"id":28260,"date":"2018-10-01T06:40:31","date_gmt":"2018-10-01T09:40:31","guid":{"rendered":"http:\/\/blogdoeloiltoncajuhy.com.br\/site\/?p=28260"},"modified":"2018-10-01T06:40:31","modified_gmt":"2018-10-01T09:40:31","slug":"semana-nacional-de-conciliacao-inscreve-processos-ate-quinta-dia-4","status":"publish","type":"post","link":"https:\/\/blogdoeloiltoncajuhy.com.br\/site\/semana-nacional-de-conciliacao-inscreve-processos-ate-quinta-dia-4\/","title":{"rendered":"Semana Nacional de Concilia\u00e7\u00e3o inscreve processos at\u00e9 quinta, dia 4"},"content":{"rendered":"<figure id=\"attachment_28261\" aria-describedby=\"caption-attachment-28261\" style=\"width: 500px\" class=\"wp-caption aligncenter\"><a href=\"https:\/\/i0.wp.com\/blogdoeloiltoncajuhy.com.br\/site\/wp-content\/uploads\/2018\/10\/conicliacao-inscricoes-processos-tj-ba.jpg\"><img data-recalc-dims=\"1\" fetchpriority=\"high\" decoding=\"async\" class=\"wp-image-28261\" src=\"https:\/\/i0.wp.com\/blogdoeloiltoncajuhy.com.br\/site\/wp-content\/uploads\/2018\/10\/conicliacao-inscricoes-processos-tj-ba.jpg?resize=500%2C323\" alt=\"\" width=\"500\" height=\"323\" srcset=\"https:\/\/i0.wp.com\/blogdoeloiltoncajuhy.com.br\/site\/wp-content\/uploads\/2018\/10\/conicliacao-inscricoes-processos-tj-ba.jpg?w=750&amp;ssl=1 750w, https:\/\/i0.wp.com\/blogdoeloiltoncajuhy.com.br\/site\/wp-content\/uploads\/2018\/10\/conicliacao-inscricoes-processos-tj-ba.jpg?resize=300%2C194&amp;ssl=1 300w, https:\/\/i0.wp.com\/blogdoeloiltoncajuhy.com.br\/site\/wp-content\/uploads\/2018\/10\/conicliacao-inscricoes-processos-tj-ba.jpg?resize=250%2C161&amp;ssl=1 250w\" sizes=\"(max-width: 500px) 100vw, 500px\" \/><\/a><figcaption id=\"caption-attachment-28261\" class=\"wp-caption-text\">Semana Nacional de Concilia\u00e7\u00e3o tem a proposta de mediar o di\u00e1logo entre as partes de um conflito (Foto: Gil Ferreira \/ Ag\u00eancia CNJ)<\/figcaption><\/figure>\n<p>Seguem at\u00e9 quinta-feira, 4, as inscri\u00e7\u00f5es de processos para a XII Semana Nacional de Concilia\u00e7\u00e3o do Tribunal de Justi\u00e7a da Bahia. Os interessados devem realizar o procedimento no\u00a0<a href=\"http:\/\/www7.tj.ba.gov.br\/formulario_online_conciliacao\/formulario_abertura.wsp\" target=\"_blank\" rel=\"noopener\"><strong>site do N\u00facleo Permanente de M\u00e9todos Consensuais de Conflitos (Nupemec)<\/strong><\/a>.\u00a0H\u00e1 op\u00e7\u00e3o tanto para empresas inscreverem processos (Pessoa Jur\u00eddica) ou o cidad\u00e3o como Pessoa F\u00edsica.<\/p>\n<p>Criada em 2006, a Semana Nacional de Concilia\u00e7\u00e3o tem a proposta de mediar o di\u00e1logo entre as partes de um conflito.<\/p>\n<p>Para realizar a inscri\u00e7\u00e3o, a empresa deve ser pr\u00e9-cadastrada atrav\u00e9s da p\u00e1gina do Nupemec. Os dados s\u00e3o conferidos e a institui\u00e7\u00e3o fica apta para inscrever os processos, que podem ser individual ou em lote, de acordo com o\u00a0<a href=\"http:\/\/www5.tjba.jus.br\/conciliacao\/images\/manual_de_utilizacao_do_formulario_de_inscricao_em_lote.pdf\" target=\"_blank\" rel=\"noopener\"><strong>manual do N\u00facleo<\/strong><\/a>.<\/p>\n<p><em><strong>*A Tarde<\/strong><\/em><\/p>\n","protected":false},"excerpt":{"rendered":"<p>Seguem at\u00e9 quinta-feira, 4, as inscri\u00e7\u00f5es de processos para a XII Semana Nacional de Concilia\u00e7\u00e3o do Tribunal de Justi\u00e7a da Bahia. Os interessados devem realizar o procedimento no\u00a0site do N\u00facleo Permanente de M\u00e9todos Consensuais de Conflitos (Nupemec).\u00a0H\u00e1 op\u00e7\u00e3o tanto para empresas inscreverem processos (Pessoa Jur\u00eddica) ou o cidad\u00e3o como Pessoa F\u00edsica. Criada em 2006, a [&hellip;]<\/p>\n","protected":false},"author":2,"featured_media":28261,"comment_status":"open","ping_status":"open","sticky":false,"template":"","format":"standard","meta":{"_acf_changed":false,"_monsterinsights_skip_tracking":false,"_monsterinsights_sitenote_active":false,"_monsterinsights_sitenote_note":"","_monsterinsights_sitenote_category":0,"_jetpack_memberships_contains_paid_content":false,"footnotes":"","jetpack_publicize_message":"","jetpack_publicize_feature_enabled":true,"jetpack_social_post_already_shared":true,"jetpack_social_options":{"image_generator_settings":{"template":"highway","default_image_id":0,"font":"","enabled":false},"version":2}},"categories":[5,1],"tags":[],"class_list":["post-28260","post","type-post","status-publish","format-standard","has-post-thumbnail","hentry","category-cotidiano","category-noticias"],"acf":[],"jetpack_publicize_connections":[],"jetpack_featured_media_url":"https:\/\/i0.wp.com\/blogdoeloiltoncajuhy.com.br\/site\/wp-content\/uploads\/2018\/10\/conicliacao-inscricoes-processos-tj-ba.jpg?fit=750%2C484&ssl=1","jetpack_sharing_enabled":true,"publishpress_future_workflow_manual_trigger":{"enabledWorkflows":[]},"_links":{"self":[{"href":"https:\/\/blogdoeloiltoncajuhy.com.br\/site\/wp-json\/wp\/v2\/posts\/28260","targetHints":{"allow":["GET"]}}],"collection":[{"href":"https:\/\/blogdoeloiltoncajuhy.com.br\/site\/wp-json\/wp\/v2\/posts"}],"about":[{"href":"https:\/\/blogdoeloiltoncajuhy.com.br\/site\/wp-json\/wp\/v2\/types\/post"}],"author":[{"embeddable":true,"href":"https:\/\/blogdoeloiltoncajuhy.com.br\/site\/wp-json\/wp\/v2\/users\/2"}],"replies":[{"embeddable":true,"href":"https:\/\/blogdoeloiltoncajuhy.com.br\/site\/wp-json\/wp\/v2\/comments?post=28260"}],"version-history":[{"count":1,"href":"https:\/\/blogdoeloiltoncajuhy.com.br\/site\/wp-json\/wp\/v2\/posts\/28260\/revisions"}],"predecessor-version":[{"id":28262,"href":"https:\/\/blogdoeloiltoncajuhy.com.br\/site\/wp-json\/wp\/v2\/posts\/28260\/revisions\/28262"}],"wp:featuredmedia":[{"embeddable":true,"href":"https:\/\/blogdoeloiltoncajuhy.com.br\/site\/wp-json\/wp\/v2\/media\/28261"}],"wp:attachment":[{"href":"https:\/\/blogdoeloiltoncajuhy.com.br\/site\/wp-json\/wp\/v2\/media?parent=28260"}],"wp:term":[{"taxonomy":"category","embeddable":true,"href":"https:\/\/blogdoeloiltoncajuhy.com.br\/site\/wp-json\/wp\/v2\/categories?post=28260"},{"taxonomy":"post_tag","embeddable":true,"href":"https:\/\/blogdoeloiltoncajuhy.com.br\/site\/wp-json\/wp\/v2\/tags?post=28260"}],"curies":[{"name":"wp","href":"https:\/\/api.w.org\/{rel}","templated":true}]}}