{"id":28221,"date":"2018-09-29T09:05:10","date_gmt":"2018-09-29T12:05:10","guid":{"rendered":"http:\/\/blogdoeloiltoncajuhy.com.br\/site\/?p=28221"},"modified":"2018-09-29T09:06:54","modified_gmt":"2018-09-29T12:06:54","slug":"eleicoes-2018-veja-quem-os-candidatos-ao-governo-da-bahia-apoiam-para-a-presidencia","status":"publish","type":"post","link":"https:\/\/blogdoeloiltoncajuhy.com.br\/site\/eleicoes-2018-veja-quem-os-candidatos-ao-governo-da-bahia-apoiam-para-a-presidencia\/","title":{"rendered":"Elei\u00e7\u00f5es 2018: Veja quem os candidatos ao governo da Bahia apoiam para a Presid\u00eancia"},"content":{"rendered":"<h5 style=\"text-align: center;\"><em><strong>G1<\/strong> checou declara\u00e7\u00f5es em p\u00fablico, santinhos, postagens e redes sociais de cada candidato para ver quem est\u00e1 com quem nas elei\u00e7\u00f5es de 2018<\/em><\/h5>\n<p><a href=\"https:\/\/i0.wp.com\/blogdoeloiltoncajuhy.com.br\/site\/wp-content\/uploads\/2018\/09\/elei%C3%A7%C3%B5es-2018.png\"><img data-recalc-dims=\"1\" fetchpriority=\"high\" decoding=\"async\" class=\"aligncenter size-full wp-image-28222\" src=\"https:\/\/i0.wp.com\/blogdoeloiltoncajuhy.com.br\/site\/wp-content\/uploads\/2018\/09\/elei%C3%A7%C3%B5es-2018.png?resize=550%2C340\" alt=\"\" width=\"550\" height=\"340\" srcset=\"https:\/\/i0.wp.com\/blogdoeloiltoncajuhy.com.br\/site\/wp-content\/uploads\/2018\/09\/elei%C3%A7%C3%B5es-2018.png?w=550&amp;ssl=1 550w, https:\/\/i0.wp.com\/blogdoeloiltoncajuhy.com.br\/site\/wp-content\/uploads\/2018\/09\/elei%C3%A7%C3%B5es-2018.png?resize=300%2C185&amp;ssl=1 300w, https:\/\/i0.wp.com\/blogdoeloiltoncajuhy.com.br\/site\/wp-content\/uploads\/2018\/09\/elei%C3%A7%C3%B5es-2018.png?resize=250%2C155&amp;ssl=1 250w\" sizes=\"(max-width: 550px) 100vw, 550px\" \/><\/a>O <strong>G1<\/strong> levantou, entre segunda (24) e quinta-feira (27), quais s\u00e3o os presidenci\u00e1veis que cada candidato ao governo da Bahia apoia.<\/p>\n<p><strong>Veja na tabela abaixo (em ordem alfab\u00e9tica):<\/strong><\/p>\n<table class=\"show-table__content show-table__content--highlight-top \">\n<tbody>\n<tr>\n<td><strong>Candidato<\/strong><\/td>\n<td><strong>Quem apoia<\/strong><\/td>\n<\/tr>\n<tr>\n<td>C\u00e9lia Sacramento (Rede)<\/td>\n<td>Marina Silva (Rede)<\/td>\n<\/tr>\n<tr>\n<td>Jo\u00e3o Henrique (PRTB)<\/td>\n<td>Jair Bolsonaro (PSL)<\/td>\n<\/tr>\n<tr>\n<td>Jo\u00e3o Santana (MDB)<\/td>\n<td>Henrique Meirelles (MDB)<\/td>\n<\/tr>\n<tr>\n<td>Marcos Mendes (PSOL)<\/td>\n<td>Guilherme Boulos (PSOL)<\/td>\n<\/tr>\n<tr>\n<td>Orlando Andrade (PCO)<\/td>\n<td>N\u00e3o definiu<\/td>\n<\/tr>\n<tr>\n<td>Rui Costa (PT)<\/td>\n<td>Fernando Haddad (PT)<\/td>\n<\/tr>\n<tr>\n<td>Z\u00e9 Ronaldo (DEM)<\/td>\n<td>Geraldo Alckmin (PSDB)<\/td>\n<\/tr>\n<\/tbody>\n<\/table>\n<p><em><strong>Por G1 BA<\/strong><\/em><\/p>\n","protected":false},"excerpt":{"rendered":"<p>G1 checou declara\u00e7\u00f5es em p\u00fablico, santinhos, postagens e redes sociais de cada candidato para ver quem est\u00e1 com quem nas elei\u00e7\u00f5es de 2018 O G1 levantou, entre segunda (24) e quinta-feira (27), quais s\u00e3o os presidenci\u00e1veis que cada candidato ao governo da Bahia apoia. Veja na tabela abaixo (em ordem alfab\u00e9tica): Candidato Quem apoia C\u00e9lia [&hellip;]<\/p>\n","protected":false},"author":2,"featured_media":28222,"comment_status":"open","ping_status":"open","sticky":false,"template":"","format":"standard","meta":{"_acf_changed":false,"_monsterinsights_skip_tracking":false,"_monsterinsights_sitenote_active":false,"_monsterinsights_sitenote_note":"","_monsterinsights_sitenote_category":0,"_jetpack_memberships_contains_paid_content":false,"footnotes":"","jetpack_publicize_message":"","jetpack_publicize_feature_enabled":true,"jetpack_social_post_already_shared":true,"jetpack_social_options":{"image_generator_settings":{"template":"highway","default_image_id":0,"font":"","enabled":false},"version":2}},"categories":[1,3],"tags":[],"class_list":["post-28221","post","type-post","status-publish","format-standard","has-post-thumbnail","hentry","category-noticias","category-politica"],"acf":[],"jetpack_publicize_connections":[],"jetpack_featured_media_url":"https:\/\/i0.wp.com\/blogdoeloiltoncajuhy.com.br\/site\/wp-content\/uploads\/2018\/09\/elei%C3%A7%C3%B5es-2018.png?fit=550%2C340&ssl=1","jetpack_sharing_enabled":true,"publishpress_future_workflow_manual_trigger":{"enabledWorkflows":[]},"_links":{"self":[{"href":"https:\/\/blogdoeloiltoncajuhy.com.br\/site\/wp-json\/wp\/v2\/posts\/28221","targetHints":{"allow":["GET"]}}],"collection":[{"href":"https:\/\/blogdoeloiltoncajuhy.com.br\/site\/wp-json\/wp\/v2\/posts"}],"about":[{"href":"https:\/\/blogdoeloiltoncajuhy.com.br\/site\/wp-json\/wp\/v2\/types\/post"}],"author":[{"embeddable":true,"href":"https:\/\/blogdoeloiltoncajuhy.com.br\/site\/wp-json\/wp\/v2\/users\/2"}],"replies":[{"embeddable":true,"href":"https:\/\/blogdoeloiltoncajuhy.com.br\/site\/wp-json\/wp\/v2\/comments?post=28221"}],"version-history":[{"count":3,"href":"https:\/\/blogdoeloiltoncajuhy.com.br\/site\/wp-json\/wp\/v2\/posts\/28221\/revisions"}],"predecessor-version":[{"id":28225,"href":"https:\/\/blogdoeloiltoncajuhy.com.br\/site\/wp-json\/wp\/v2\/posts\/28221\/revisions\/28225"}],"wp:featuredmedia":[{"embeddable":true,"href":"https:\/\/blogdoeloiltoncajuhy.com.br\/site\/wp-json\/wp\/v2\/media\/28222"}],"wp:attachment":[{"href":"https:\/\/blogdoeloiltoncajuhy.com.br\/site\/wp-json\/wp\/v2\/media?parent=28221"}],"wp:term":[{"taxonomy":"category","embeddable":true,"href":"https:\/\/blogdoeloiltoncajuhy.com.br\/site\/wp-json\/wp\/v2\/categories?post=28221"},{"taxonomy":"post_tag","embeddable":true,"href":"https:\/\/blogdoeloiltoncajuhy.com.br\/site\/wp-json\/wp\/v2\/tags?post=28221"}],"curies":[{"name":"wp","href":"https:\/\/api.w.org\/{rel}","templated":true}]}}