{"id":28208,"date":"2018-09-28T09:30:39","date_gmt":"2018-09-28T12:30:39","guid":{"rendered":"http:\/\/blogdoeloiltoncajuhy.com.br\/site\/?p=28208"},"modified":"2018-09-28T09:30:39","modified_gmt":"2018-09-28T12:30:39","slug":"passar-pouco-tempo-ao-ar-livre-aumenta-risco-de-desenvolver-miopia","status":"publish","type":"post","link":"https:\/\/blogdoeloiltoncajuhy.com.br\/site\/passar-pouco-tempo-ao-ar-livre-aumenta-risco-de-desenvolver-miopia\/","title":{"rendered":"Passar pouco tempo ao ar livre aumenta risco de desenvolver miopia"},"content":{"rendered":"<p><a href=\"https:\/\/i0.wp.com\/blogdoeloiltoncajuhy.com.br\/site\/wp-content\/uploads\/2018\/09\/miopia-800x490.jpg\"><img data-recalc-dims=\"1\" fetchpriority=\"high\" decoding=\"async\" class=\"aligncenter size-full wp-image-28209\" src=\"https:\/\/i0.wp.com\/blogdoeloiltoncajuhy.com.br\/site\/wp-content\/uploads\/2018\/09\/miopia-800x490.jpg?resize=600%2C368\" alt=\"\" width=\"600\" height=\"368\" srcset=\"https:\/\/i0.wp.com\/blogdoeloiltoncajuhy.com.br\/site\/wp-content\/uploads\/2018\/09\/miopia-800x490.jpg?w=600&amp;ssl=1 600w, https:\/\/i0.wp.com\/blogdoeloiltoncajuhy.com.br\/site\/wp-content\/uploads\/2018\/09\/miopia-800x490.jpg?resize=300%2C184&amp;ssl=1 300w, https:\/\/i0.wp.com\/blogdoeloiltoncajuhy.com.br\/site\/wp-content\/uploads\/2018\/09\/miopia-800x490.jpg?resize=250%2C153&amp;ssl=1 250w\" sizes=\"(max-width: 600px) 100vw, 600px\" \/><\/a>Voc\u00ea sabia que crian\u00e7as e adolescentes que passam mais tempo em espa\u00e7os fechados e menos tempo ao ar livre correm um risco maior de desenvolver a miopia?<\/p>\n<p>Estima-se que hoje as crian\u00e7as passam mais de cinco horas vendo TV ou usando dispositivos eletr\u00f4nicos em casa. Somando o per\u00edodo que elas passam na escola, podemos dizer que praticamente o tempo gasto em espa\u00e7os abertos \u00e9 m\u00ednimo.<\/p>\n<p>Por\u00e9m, estudos recentes apontaram que a falta de exposi\u00e7\u00e3o \u00e0 luz solar \u00e9 um fator de risco importante para o desenvolvimento da miopia ou para a progress\u00e3o deste erro refrativo em quem j\u00e1 tem o diagn\u00f3stico.<\/p>\n<p>A explica\u00e7\u00e3o \u00e9 que a exposi\u00e7\u00e3o aos raios solares estimula a produ\u00e7\u00e3o da dopamina, um neurotransmissor que previne que o olho cres\u00e7a alongado, o que leva \u00e0 distor\u00e7\u00e3o do foco de luz que entra no globo ocular, causando a miopia. Al\u00e9m disso, lugares abertos ajudam a treinar a vis\u00e3o de longe.<\/p>\n<p>De acordo com a <strong>oftalmopediatra, Dr\u00aa Marcela Barreira<\/strong>, outra descoberta importante ligada \u00e0s atividades ao ar livre \u00e9 que a dopamina \u00e9 produzida durante o dia, sendo o neurotransmissor respons\u00e1vel por dar o comando para o olho mudar da vis\u00e3o diurna para a vis\u00e3o noturna. &#8220;<em>A pouca exposi\u00e7\u00e3o \u00e0 luz solar interrompe esse ciclo, causando modifica\u00e7\u00f5es no crescimento do olho, outro fator de risco para desenvolver a miopia<\/em>&#8220;, comenta Dr\u00aa Marcela.<\/p>\n<p><strong>Casos de miopia aumentam em todo o mundo<\/strong><\/p>\n<p>Segundo a Academia Americana de Oftalmologia (AAO), estima-se que em 2050 cerca de metade da popula\u00e7\u00e3o mundial ser\u00e1 m\u00edope. Isso significa que se nada for feito, haver\u00e1 um aumento de 83% dos casos de miopia nos pr\u00f3ximos 34 anos. \u201c<em>Atualmente, a preval\u00eancia da miopia \u00e9 de 11% a 36%<\/em>.<\/p>\n<p>\u201c<em>Como o desenvolvimento visual ocorre na inf\u00e2ncia, at\u00e9 por volta dos 7 anos, \u00e9 fundamental atuar na preven\u00e7\u00e3o do problema, assim como levar as crian\u00e7as ao oftalmopediatra ainda no primeiro ano de vida<\/em>\u201d, ressalta Dr\u00aa Marcela.<\/p>\n<p><strong>Miopia n\u00e3o \u00e9 s\u00f3 heredit\u00e1ria<\/strong><\/p>\n<p>A miopia tem um fator gen\u00e9tico importante, pois algumas pessoas nascem com uma predisposi\u00e7\u00e3o maior de serem m\u00edopes. \u201c<em>Mas, de acordo com a exposi\u00e7\u00e3o aos fatores de risco, como leitura excessiva, uso prolongado de equipamentos eletr\u00f4nicos e pouca exposi\u00e7\u00e3o \u00e0 luz solar, a miopia pode ou n\u00e3o se desenvolver<\/em>\u201d, explica Dr\u00aa Marcela.<\/p>\n<p>Um estudo da Universidade de Columbia, nos Estados Unidos, mostrou que pessoas que carregavam a variante do gene chamado APLP2, ligado \u00e0 miopia, tinham cinco vezes mais chance de desenvolver a condi\u00e7\u00e3o na adolesc\u00eancia quando submetidos a uma hora ou mais de leitura na inf\u00e2ncia, por dia. J\u00e1 as pessoas com o mesmo gene que gastaram menos tempo em atividades que precisam da vis\u00e3o de perto, n\u00e3o tinham o risco adicional de se tornarem m\u00edopes.<\/p>\n<p><strong>Dicas<\/strong><\/p>\n<p>Como tudo na vida, vale sempre usar o bom senso. Naturalmente, \u00e9 preciso estimular as crian\u00e7as a se dedicarem \u00e0 vida escolar e \u00e0 leitura, desde que as atividades ao ar livre tamb\u00e9m fa\u00e7am parte do dia a dia.<\/p>\n<p>\u201c<em>A atividade f\u00edsica \u00e9 o est\u00edmulo ideal, pois influencia n\u00e3o s\u00f3 na preven\u00e7\u00e3o da miopia, como tamb\u00e9m ajuda a crian\u00e7a a manter o peso, controlar os n\u00edveis de a\u00e7\u00facar, a press\u00e3o arterial, al\u00e9m da influ\u00eancia no desenvolvimento motor, cognitivo e na intera\u00e7\u00e3o social, entre outros benef\u00edcios. O ideal \u00e9 passar de duas a tr\u00eas horas por dia em ambientes externos, o que pode incluir brincadeiras, esportes, lazer, caminhadas de ida e volta da escola, passeios com o cachorro, entre outros<\/em>\u201d, recomenda a oftalmopediatra.<\/p>\n<p>\u201c<em>A miopia pode ser corrigida com \u00f3culos, lentes de contato ou cirurgia, por\u00e9m nenhuma dessas terapias ir\u00e1 corrigir o alongamento do globo ocular. Quando o grau da miopia \u00e9 alto, acima de 6, a deforma\u00e7\u00e3o do globo ocular aumenta o risco de desenvolver condi\u00e7\u00f5es como o descolamento de retina, catarata e glaucoma, por exemplo<\/em>\u201d, conclui Dr\u00aa Marcela.<\/p>\n<p><em><strong>*Leda Sangiorgio<\/strong><\/em><br \/>\n<em>Assessoria de Imprensa<\/em><br \/>\n<em>(11) 98902-0053<\/em><br \/>\n<em>leda@agenciahealth.com.br<\/em><\/p>\n","protected":false},"excerpt":{"rendered":"<p>Voc\u00ea sabia que crian\u00e7as e adolescentes que passam mais tempo em espa\u00e7os fechados e menos tempo ao ar livre correm um risco maior de desenvolver a miopia? Estima-se que hoje as crian\u00e7as passam mais de cinco horas vendo TV ou usando dispositivos eletr\u00f4nicos em casa. Somando o per\u00edodo que elas passam na escola, podemos dizer [&hellip;]<\/p>\n","protected":false},"author":2,"featured_media":28209,"comment_status":"open","ping_status":"open","sticky":false,"template":"","format":"standard","meta":{"_acf_changed":false,"_monsterinsights_skip_tracking":false,"_monsterinsights_sitenote_active":false,"_monsterinsights_sitenote_note":"","_monsterinsights_sitenote_category":0,"_jetpack_memberships_contains_paid_content":false,"footnotes":"","jetpack_publicize_message":"","jetpack_publicize_feature_enabled":true,"jetpack_social_post_already_shared":true,"jetpack_social_options":{"image_generator_settings":{"template":"highway","default_image_id":0,"font":"","enabled":false},"version":2}},"categories":[1,7],"tags":[],"class_list":["post-28208","post","type-post","status-publish","format-standard","has-post-thumbnail","hentry","category-noticias","category-saude"],"acf":[],"jetpack_publicize_connections":[],"jetpack_featured_media_url":"https:\/\/i0.wp.com\/blogdoeloiltoncajuhy.com.br\/site\/wp-content\/uploads\/2018\/09\/miopia-800x490.jpg?fit=600%2C368&ssl=1","jetpack_sharing_enabled":true,"publishpress_future_workflow_manual_trigger":{"enabledWorkflows":[]},"_links":{"self":[{"href":"https:\/\/blogdoeloiltoncajuhy.com.br\/site\/wp-json\/wp\/v2\/posts\/28208","targetHints":{"allow":["GET"]}}],"collection":[{"href":"https:\/\/blogdoeloiltoncajuhy.com.br\/site\/wp-json\/wp\/v2\/posts"}],"about":[{"href":"https:\/\/blogdoeloiltoncajuhy.com.br\/site\/wp-json\/wp\/v2\/types\/post"}],"author":[{"embeddable":true,"href":"https:\/\/blogdoeloiltoncajuhy.com.br\/site\/wp-json\/wp\/v2\/users\/2"}],"replies":[{"embeddable":true,"href":"https:\/\/blogdoeloiltoncajuhy.com.br\/site\/wp-json\/wp\/v2\/comments?post=28208"}],"version-history":[{"count":1,"href":"https:\/\/blogdoeloiltoncajuhy.com.br\/site\/wp-json\/wp\/v2\/posts\/28208\/revisions"}],"predecessor-version":[{"id":28210,"href":"https:\/\/blogdoeloiltoncajuhy.com.br\/site\/wp-json\/wp\/v2\/posts\/28208\/revisions\/28210"}],"wp:featuredmedia":[{"embeddable":true,"href":"https:\/\/blogdoeloiltoncajuhy.com.br\/site\/wp-json\/wp\/v2\/media\/28209"}],"wp:attachment":[{"href":"https:\/\/blogdoeloiltoncajuhy.com.br\/site\/wp-json\/wp\/v2\/media?parent=28208"}],"wp:term":[{"taxonomy":"category","embeddable":true,"href":"https:\/\/blogdoeloiltoncajuhy.com.br\/site\/wp-json\/wp\/v2\/categories?post=28208"},{"taxonomy":"post_tag","embeddable":true,"href":"https:\/\/blogdoeloiltoncajuhy.com.br\/site\/wp-json\/wp\/v2\/tags?post=28208"}],"curies":[{"name":"wp","href":"https:\/\/api.w.org\/{rel}","templated":true}]}}