{"id":28205,"date":"2018-09-28T09:14:07","date_gmt":"2018-09-28T12:14:07","guid":{"rendered":"http:\/\/blogdoeloiltoncajuhy.com.br\/site\/?p=28205"},"modified":"2018-09-28T09:14:07","modified_gmt":"2018-09-28T12:14:07","slug":"programa-do-governo-vai-disponibilizar-r-22-bilhoes-para-financiar-energia-limpa","status":"publish","type":"post","link":"https:\/\/blogdoeloiltoncajuhy.com.br\/site\/programa-do-governo-vai-disponibilizar-r-22-bilhoes-para-financiar-energia-limpa\/","title":{"rendered":"Programa do governo vai disponibilizar R$ 2,2 bilh\u00f5es para financiar energia limpa"},"content":{"rendered":"<figure id=\"attachment_28206\" aria-describedby=\"caption-attachment-28206\" style=\"width: 460px\" class=\"wp-caption aligncenter\"><a href=\"https:\/\/i0.wp.com\/blogdoeloiltoncajuhy.com.br\/site\/wp-content\/uploads\/2018\/09\/energia-solar.jpg\"><img data-recalc-dims=\"1\" fetchpriority=\"high\" decoding=\"async\" class=\"wp-image-28206\" src=\"https:\/\/i0.wp.com\/blogdoeloiltoncajuhy.com.br\/site\/wp-content\/uploads\/2018\/09\/energia-solar.jpg?resize=460%2C339\" alt=\"\" width=\"460\" height=\"339\" srcset=\"https:\/\/i0.wp.com\/blogdoeloiltoncajuhy.com.br\/site\/wp-content\/uploads\/2018\/09\/energia-solar.jpg?w=380&amp;ssl=1 380w, https:\/\/i0.wp.com\/blogdoeloiltoncajuhy.com.br\/site\/wp-content\/uploads\/2018\/09\/energia-solar.jpg?resize=300%2C221&amp;ssl=1 300w, https:\/\/i0.wp.com\/blogdoeloiltoncajuhy.com.br\/site\/wp-content\/uploads\/2018\/09\/energia-solar.jpg?resize=250%2C184&amp;ssl=1 250w\" sizes=\"(max-width: 460px) 100vw, 460px\" \/><\/a><figcaption id=\"caption-attachment-28206\" class=\"wp-caption-text\">Foto: Reprodu\u00e7\u00e3o \/ EBC<\/figcaption><\/figure>\n<p>O governo federal fez o an\u00fancio de um novo programa do Banco Nacional de Desenvolvimento Econ\u00f4mico e Social (BNDES) que vai financiar empresas e pessoas f\u00edsicas que tenham a inten\u00e7\u00e3o de investir em energia renov\u00e1vel. O programa ter\u00e1 duas linhas de cr\u00e9dito no valor total de cerca de R$ 2,2 bilh\u00f5es, segundo comunicado do minist\u00e9rio do Meio Ambiente.<\/p>\n<p>De acordo com informa\u00e7\u00f5es do portal <strong>G1<\/strong>, uma das linhas do programa Finame ter\u00e1 a dota\u00e7\u00e3o or\u00e7ament\u00e1ria de R$ 2 bilh\u00f5es para bens e equipamentos de gera\u00e7\u00e3o e\u00f3lica e solar. Ser\u00e3o contemplados nesta linha os condom\u00ednios, empresas, cooperativas, produtores rurais e pessoas f\u00edsicas, que poder\u00e3o financiar at\u00e9 100% do total a ser aplicado nos equipamentos, com prazo de pagamento de at\u00e9 120 meses e car\u00eancia de 24 meses.<\/p>\n<p>Quanto a segunda linha, contemplar\u00e1 pessoas f\u00edsicas e microempresas que poder\u00e3o acessar um outro financiamento para instala\u00e7\u00f5es de energias renov\u00e1veis com recursos oriundos do Fundo Clima. Para essa linha, o or\u00e7amento ser\u00e1 de R$ 228 milh\u00f5es e a taxa de juros ser\u00e1 de 4 por cento para quem tem renda anual de at\u00e9 R$ 90 mil e de 4,5% nos demais casos. A car\u00eancia ser\u00e1 de at\u00e9 24 meses e a amortiza\u00e7\u00e3o poder\u00e1 ocorrer em at\u00e9 12 anos.<\/p>\n<p><em><strong>*Bahia Not\u00edcias<\/strong><\/em><\/p>\n","protected":false},"excerpt":{"rendered":"<p>O governo federal fez o an\u00fancio de um novo programa do Banco Nacional de Desenvolvimento Econ\u00f4mico e Social (BNDES) que vai financiar empresas e pessoas f\u00edsicas que tenham a inten\u00e7\u00e3o de investir em energia renov\u00e1vel. O programa ter\u00e1 duas linhas de cr\u00e9dito no valor total de cerca de R$ 2,2 bilh\u00f5es, segundo comunicado do minist\u00e9rio [&hellip;]<\/p>\n","protected":false},"author":2,"featured_media":28206,"comment_status":"open","ping_status":"open","sticky":false,"template":"","format":"standard","meta":{"_acf_changed":false,"_monsterinsights_skip_tracking":false,"_monsterinsights_sitenote_active":false,"_monsterinsights_sitenote_note":"","_monsterinsights_sitenote_category":0,"_jetpack_memberships_contains_paid_content":false,"footnotes":"","jetpack_publicize_message":"","jetpack_publicize_feature_enabled":true,"jetpack_social_post_already_shared":true,"jetpack_social_options":{"image_generator_settings":{"template":"highway","default_image_id":0,"font":"","enabled":false},"version":2}},"categories":[5,1,3],"tags":[],"class_list":["post-28205","post","type-post","status-publish","format-standard","has-post-thumbnail","hentry","category-cotidiano","category-noticias","category-politica"],"acf":[],"jetpack_publicize_connections":[],"jetpack_featured_media_url":"https:\/\/i0.wp.com\/blogdoeloiltoncajuhy.com.br\/site\/wp-content\/uploads\/2018\/09\/energia-solar.jpg?fit=380%2C280&ssl=1","jetpack_sharing_enabled":true,"publishpress_future_workflow_manual_trigger":{"enabledWorkflows":[]},"_links":{"self":[{"href":"https:\/\/blogdoeloiltoncajuhy.com.br\/site\/wp-json\/wp\/v2\/posts\/28205","targetHints":{"allow":["GET"]}}],"collection":[{"href":"https:\/\/blogdoeloiltoncajuhy.com.br\/site\/wp-json\/wp\/v2\/posts"}],"about":[{"href":"https:\/\/blogdoeloiltoncajuhy.com.br\/site\/wp-json\/wp\/v2\/types\/post"}],"author":[{"embeddable":true,"href":"https:\/\/blogdoeloiltoncajuhy.com.br\/site\/wp-json\/wp\/v2\/users\/2"}],"replies":[{"embeddable":true,"href":"https:\/\/blogdoeloiltoncajuhy.com.br\/site\/wp-json\/wp\/v2\/comments?post=28205"}],"version-history":[{"count":1,"href":"https:\/\/blogdoeloiltoncajuhy.com.br\/site\/wp-json\/wp\/v2\/posts\/28205\/revisions"}],"predecessor-version":[{"id":28207,"href":"https:\/\/blogdoeloiltoncajuhy.com.br\/site\/wp-json\/wp\/v2\/posts\/28205\/revisions\/28207"}],"wp:featuredmedia":[{"embeddable":true,"href":"https:\/\/blogdoeloiltoncajuhy.com.br\/site\/wp-json\/wp\/v2\/media\/28206"}],"wp:attachment":[{"href":"https:\/\/blogdoeloiltoncajuhy.com.br\/site\/wp-json\/wp\/v2\/media?parent=28205"}],"wp:term":[{"taxonomy":"category","embeddable":true,"href":"https:\/\/blogdoeloiltoncajuhy.com.br\/site\/wp-json\/wp\/v2\/categories?post=28205"},{"taxonomy":"post_tag","embeddable":true,"href":"https:\/\/blogdoeloiltoncajuhy.com.br\/site\/wp-json\/wp\/v2\/tags?post=28205"}],"curies":[{"name":"wp","href":"https:\/\/api.w.org\/{rel}","templated":true}]}}