{"id":28202,"date":"2018-09-28T07:44:07","date_gmt":"2018-09-28T10:44:07","guid":{"rendered":"http:\/\/blogdoeloiltoncajuhy.com.br\/site\/?p=28202"},"modified":"2018-09-28T07:44:07","modified_gmt":"2018-09-28T10:44:07","slug":"bonfim-brasileiro-anuncia-investimentos-em-igara-recursos-em-saneamento-ultrapassam-r-1-milhao","status":"publish","type":"post","link":"https:\/\/blogdoeloiltoncajuhy.com.br\/site\/bonfim-brasileiro-anuncia-investimentos-em-igara-recursos-em-saneamento-ultrapassam-r-1-milhao\/","title":{"rendered":"BONFIM: Brasileiro anuncia investimentos em Igara; recursos em saneamento ultrapassam R$ 1 milh\u00e3o"},"content":{"rendered":"<p><a href=\"https:\/\/i0.wp.com\/blogdoeloiltoncajuhy.com.br\/site\/wp-content\/uploads\/2018\/09\/IGARA_apresenta%C3%A7%C3%A3o-de-obras.jpg\"><img data-recalc-dims=\"1\" fetchpriority=\"high\" decoding=\"async\" class=\"aligncenter size-full wp-image-28203\" src=\"https:\/\/i0.wp.com\/blogdoeloiltoncajuhy.com.br\/site\/wp-content\/uploads\/2018\/09\/IGARA_apresenta%C3%A7%C3%A3o-de-obras.jpg?resize=600%2C338\" alt=\"\" width=\"600\" height=\"338\" srcset=\"https:\/\/i0.wp.com\/blogdoeloiltoncajuhy.com.br\/site\/wp-content\/uploads\/2018\/09\/IGARA_apresenta%C3%A7%C3%A3o-de-obras.jpg?w=600&amp;ssl=1 600w, https:\/\/i0.wp.com\/blogdoeloiltoncajuhy.com.br\/site\/wp-content\/uploads\/2018\/09\/IGARA_apresenta%C3%A7%C3%A3o-de-obras.jpg?resize=300%2C169&amp;ssl=1 300w, https:\/\/i0.wp.com\/blogdoeloiltoncajuhy.com.br\/site\/wp-content\/uploads\/2018\/09\/IGARA_apresenta%C3%A7%C3%A3o-de-obras.jpg?resize=250%2C141&amp;ssl=1 250w\" sizes=\"(max-width: 600px) 100vw, 600px\" \/><\/a>Os investimentos fazem parte do Programa Bonfim em Desenvolvimento e foram apresentados pelo prefeito Carlos Brasileiro, na quarta-feira, 26 de setembro, na sede de Associa\u00e7\u00e3o de Moradores de Igara.<\/p>\n<p>A explana\u00e7\u00e3o do pacote de obras contou com a presen\u00e7a do secret\u00e1rio de Infraestrutura e Meio Ambiente, Ivan Barbosa, do vereador Mimo, lideran\u00e7as comunit\u00e1rias e moradores.<\/p>\n<p>Entre as a\u00e7\u00f5es previstas est\u00e1 a revitaliza\u00e7\u00e3o da <em>\u201cLagoa do Fedor\u201d<\/em> &#8211; uma antiga reivindica\u00e7\u00e3o dos moradores. A execu\u00e7\u00e3o est\u00e1 prevista para come\u00e7ar em novembro. Os recursos, na ordem de R$ 500 mil, s\u00e3o provenientes de emenda parlamentar do deputado federal Afonso Florence.<\/p>\n<p>A dona de casa Ros\u00e2ngela Concei\u00e7\u00e3o foi uma das moradoras que prestigiou a reuni\u00e3o. \u201c<em>Muito bom, gostei muito! Ele[Brasileiro] mostra que \u00e9 um prefeito s\u00e9rio e trabalha para todos<\/em>&#8220;, destaca.<\/p>\n<p>O projeto prev\u00ea a constru\u00e7\u00e3o de duas esta\u00e7\u00f5es de tratamento, rede de esgoto e pavimenta\u00e7\u00e3o de ruas. A \u00e1rea ainda receber\u00e1 arboriza\u00e7\u00e3o, jardinagem e um parque infantil. Ap\u00f3s a revitaliza\u00e7\u00e3o, est\u00e1 previsto a doa\u00e7\u00e3o de terrenos para fam\u00edlias de baixa renda constru\u00edrem moradias no local. A obra est\u00e1 projetada para ser executada em duas etapas e deve chegar a mais de R$ 1 milh\u00e3o.<\/p>\n<p>A rede de esgoto da Rua Arapiraca e adjac\u00eancias tamb\u00e9m foi outro desejo dos moradores anunciado pelo prefeito. A obra ser\u00e1 executada com recursos pr\u00f3prios e deve chegar a aproximadamente R$ 45 mil. O saneamento do Loteamento Santo Ant\u00f4nio \u00e9 outra obra importante que est\u00e1 em andamento no maior distrito de Senhor do Bonfim.<\/p>\n<p>Durante a reuni\u00e3o, o prefeito anunciou que no in\u00edcio de outubro vai entregar o novo Posto de Sa\u00fade da Fam\u00edlia (PSF) na Rua Pedro Filho. O investimento foi de cerca de R$ 70 mil.<\/p>\n<p>Outra a\u00e7\u00e3o que est\u00e1 em fase de finaliza\u00e7\u00e3o \u00e9 a reforma do Complexo Esportivo Jos\u00e9 Martins da Silva. O espa\u00e7o foi reformado e ser\u00e1 entregue \u00e0 popula\u00e7\u00e3o nos pr\u00f3ximos dias.<\/p>\n<p>O cal\u00e7amento do povoado de Pereiros e a pavimenta\u00e7\u00e3o asf\u00e1ltica da Travessa da Feira tamb\u00e9m foram anunciados para serem executados at\u00e9 o final do ano. A revitaliza\u00e7\u00e3o do Centro de Conviv\u00eancia \u00e9 outra a\u00e7\u00e3o projetada para ser realizada pela prefeitura com recursos oriundos de emenda parlamentar do deputado estadual Bob\u00f4.<\/p>\n<p>\u201c<em>\u00c9 o governo Terra do Bom Come\u00e7o. \u00c9 Bonfim em Desenvolvimento! Estamos juntos, continue acreditando, tenho certeza que nossa cidade voltar\u00e1 a brilhar e ser uma das mais importantes da Bahia at\u00e9 2020<\/em>\u201d, enfatizou Brasileiro durante o evento.<\/p>\n<p>O Programa Bonfim em Desenvolvimento \u00e9 o maior pacote de investimentos p\u00fablicos da hist\u00f3ria do munic\u00edpio. Os recursos ultrapassam R$ 200 milh\u00f5es e beneficiam moradores da sede e interior.<\/p>\n<p><em><strong>*ASCOM &#8211; Prefeitura Municipal de Senhor do Bonfim &#8211; BA<br \/>\n<\/strong>Telefones: 74 3541-8366 \/ 99110-9117<\/em><br \/>\n<em>Endere\u00e7o: Pra\u00e7a Juracy Magalh\u00e3es, 126<\/em><br \/>\n<em>E-MAIL: ascom@pmsb.ba.gov.br <\/em><br \/>\n<em>SITE OFICIAL: www.pmsb.ba.gov.br<\/em><br \/>\n<em>FAN PAGE: www.facebook.com\/oficialpmsb<\/em><\/p>\n","protected":false},"excerpt":{"rendered":"<p>Os investimentos fazem parte do Programa Bonfim em Desenvolvimento e foram apresentados pelo prefeito Carlos Brasileiro, na quarta-feira, 26 de setembro, na sede de Associa\u00e7\u00e3o de Moradores de Igara. A explana\u00e7\u00e3o do pacote de obras contou com a presen\u00e7a do secret\u00e1rio de Infraestrutura e Meio Ambiente, Ivan Barbosa, do vereador Mimo, lideran\u00e7as comunit\u00e1rias e moradores. [&hellip;]<\/p>\n","protected":false},"author":2,"featured_media":28203,"comment_status":"open","ping_status":"open","sticky":false,"template":"","format":"standard","meta":{"_acf_changed":false,"_monsterinsights_skip_tracking":false,"_monsterinsights_sitenote_active":false,"_monsterinsights_sitenote_note":"","_monsterinsights_sitenote_category":0,"_jetpack_memberships_contains_paid_content":false,"footnotes":"","jetpack_publicize_message":"","jetpack_publicize_feature_enabled":true,"jetpack_social_post_already_shared":true,"jetpack_social_options":{"image_generator_settings":{"template":"highway","default_image_id":0,"font":"","enabled":false},"version":2}},"categories":[1,3,4],"tags":[],"class_list":["post-28202","post","type-post","status-publish","format-standard","has-post-thumbnail","hentry","category-noticias","category-politica","category-local"],"acf":[],"jetpack_publicize_connections":[],"jetpack_featured_media_url":"https:\/\/i0.wp.com\/blogdoeloiltoncajuhy.com.br\/site\/wp-content\/uploads\/2018\/09\/IGARA_apresenta%C3%A7%C3%A3o-de-obras.jpg?fit=600%2C338&ssl=1","jetpack_sharing_enabled":true,"publishpress_future_workflow_manual_trigger":{"enabledWorkflows":[]},"_links":{"self":[{"href":"https:\/\/blogdoeloiltoncajuhy.com.br\/site\/wp-json\/wp\/v2\/posts\/28202","targetHints":{"allow":["GET"]}}],"collection":[{"href":"https:\/\/blogdoeloiltoncajuhy.com.br\/site\/wp-json\/wp\/v2\/posts"}],"about":[{"href":"https:\/\/blogdoeloiltoncajuhy.com.br\/site\/wp-json\/wp\/v2\/types\/post"}],"author":[{"embeddable":true,"href":"https:\/\/blogdoeloiltoncajuhy.com.br\/site\/wp-json\/wp\/v2\/users\/2"}],"replies":[{"embeddable":true,"href":"https:\/\/blogdoeloiltoncajuhy.com.br\/site\/wp-json\/wp\/v2\/comments?post=28202"}],"version-history":[{"count":1,"href":"https:\/\/blogdoeloiltoncajuhy.com.br\/site\/wp-json\/wp\/v2\/posts\/28202\/revisions"}],"predecessor-version":[{"id":28204,"href":"https:\/\/blogdoeloiltoncajuhy.com.br\/site\/wp-json\/wp\/v2\/posts\/28202\/revisions\/28204"}],"wp:featuredmedia":[{"embeddable":true,"href":"https:\/\/blogdoeloiltoncajuhy.com.br\/site\/wp-json\/wp\/v2\/media\/28203"}],"wp:attachment":[{"href":"https:\/\/blogdoeloiltoncajuhy.com.br\/site\/wp-json\/wp\/v2\/media?parent=28202"}],"wp:term":[{"taxonomy":"category","embeddable":true,"href":"https:\/\/blogdoeloiltoncajuhy.com.br\/site\/wp-json\/wp\/v2\/categories?post=28202"},{"taxonomy":"post_tag","embeddable":true,"href":"https:\/\/blogdoeloiltoncajuhy.com.br\/site\/wp-json\/wp\/v2\/tags?post=28202"}],"curies":[{"name":"wp","href":"https:\/\/api.w.org\/{rel}","templated":true}]}}