{"id":28199,"date":"2018-09-28T07:28:01","date_gmt":"2018-09-28T10:28:01","guid":{"rendered":"http:\/\/blogdoeloiltoncajuhy.com.br\/site\/?p=28199"},"modified":"2020-07-06T23:23:32","modified_gmt":"2020-07-07T02:23:32","slug":"gente-que-fez-historia-tim-maia-o-eterno-sindico-completaria-76-anos-nesta-sexta-feira-28","status":"publish","type":"post","link":"https:\/\/blogdoeloiltoncajuhy.com.br\/site\/gente-que-fez-historia-tim-maia-o-eterno-sindico-completaria-76-anos-nesta-sexta-feira-28\/","title":{"rendered":"Gente Que Fez Hist\u00f3ria: Tim Maia, o eterno \u201cs\u00edndico\u201d, completaria 76 anos nesta sexta-feira (28)"},"content":{"rendered":"<h5 style=\"text-align: center;\"><em>Artista, morto h\u00e1 20 anos, \u00e9 autor de sucessos como \u201cDo Leme ao Pontal\u201d e \u201cN\u00e3o quero dinheiro\u201d<\/em><\/h5>\n<p><a href=\"https:\/\/i0.wp.com\/blogdoeloiltoncajuhy.com.br\/site\/wp-content\/uploads\/2015\/09\/tim-maia.jpg\"><img data-recalc-dims=\"1\" fetchpriority=\"high\" decoding=\"async\" class=\"aligncenter wp-image-4378\" src=\"https:\/\/i0.wp.com\/blogdoeloiltoncajuhy.com.br\/site\/wp-content\/uploads\/2015\/09\/tim-maia.jpg?resize=443%2C500\" alt=\"\" width=\"443\" height=\"500\" srcset=\"https:\/\/i0.wp.com\/blogdoeloiltoncajuhy.com.br\/site\/wp-content\/uploads\/2015\/09\/tim-maia.jpg?w=1063&amp;ssl=1 1063w, https:\/\/i0.wp.com\/blogdoeloiltoncajuhy.com.br\/site\/wp-content\/uploads\/2015\/09\/tim-maia.jpg?resize=266%2C300&amp;ssl=1 266w, https:\/\/i0.wp.com\/blogdoeloiltoncajuhy.com.br\/site\/wp-content\/uploads\/2015\/09\/tim-maia.jpg?resize=907%2C1024&amp;ssl=1 907w, https:\/\/i0.wp.com\/blogdoeloiltoncajuhy.com.br\/site\/wp-content\/uploads\/2015\/09\/tim-maia.jpg?resize=221%2C250&amp;ssl=1 221w\" sizes=\"(max-width: 443px) 100vw, 443px\" \/><\/a>Dono de um timbre de voz \u00fanico e marcante, o eterno \u201cs\u00edndico\u201d Tim Maia completaria 76 anos nesta sexta-feira (28\/09) e, para marcar a data, o Ecad homenageia o artista com informa\u00e7\u00f5es sobre sua obra. Tema de livro e de filme, Tim Maia foi um dos artistas mais completos de sua gera\u00e7\u00e3o e \u00e9 autor de 196 m\u00fasicas de sucesso cadastradas em nosso banco de dados, como \u201cAzul da cor do mar\u201d, \u201cDo Leme ao Pontal\u201d, \u201cN\u00e3o quero dinheiro\u201d e \u201cVoc\u00ea\u201d.<\/p>\n<p>Nas r\u00e1dios de todo o Brasil, as m\u00fasicas mais tocadas na voz grave de Tim Maia s\u00e3o \u201cGostava tanto de voc\u00ea\u201d, \u201cAzul da cor do mar\u201d e \u201cUm dia de domingo\u201d. Contabilizando 75 vers\u00f5es diferentes de artistas como Sandra de S\u00e1, Ivete Sangalo e Leny Andrade, \u201cAzul da cor do mar\u201d \u00e9 a m\u00fasica do artista mais gravada, seguida por \u201cDo Leme ao Pontal\u201d e \u201cN\u00e3o vou ficar\u201d.<\/p>\n<p>Vinte anos ap\u00f3s sua morte, seus herdeiros ainda recebem os direitos autorais pela execu\u00e7\u00e3o p\u00fablica de suas can\u00e7\u00f5es atrav\u00e9s do Ecad, que trabalha para manter a m\u00fasica viva. Atualmente, 60% destes rendimentos de Tim Maia v\u00eam dos segmentos de r\u00e1dio, TV aberta e show. O cantor \u00e9 o terceiro artista brasileiro falecido que mais recebe direitos autorais, atr\u00e1s apenas de Tom Jobim e Renato Russo.<\/p>\n<table border=\"0\" width=\"600\" cellspacing=\"0\" cellpadding=\"0\" align=\"center\">\n<tbody>\n<tr>\n<td colspan=\"2\" valign=\"top\"><strong>&#8211; M\u00fasicas de autoria do Tim Maia mais regravadas:<\/strong><\/p>\n<table border=\"0\" width=\"359\" cellspacing=\"0\" cellpadding=\"0\">\n<tbody>\n<tr>\n<td><strong>Posi\u00e7\u00e3o<\/strong><\/td>\n<td><strong>M\u00fasicas<\/strong><\/td>\n<td><strong>Autores<\/strong><\/td>\n<\/tr>\n<tr>\n<td nowrap=\"nowrap\">1<\/td>\n<td nowrap=\"nowrap\">Azul da cor do mar<\/td>\n<td nowrap=\"nowrap\">Tim Maia<\/td>\n<\/tr>\n<tr>\n<td nowrap=\"nowrap\">2<\/td>\n<td nowrap=\"nowrap\">Do Leme ao Pontal<\/td>\n<td nowrap=\"nowrap\">Tim Maia<\/td>\n<\/tr>\n<tr>\n<td nowrap=\"nowrap\">3<\/td>\n<td nowrap=\"nowrap\">N\u00e3o vou ficar<\/td>\n<td nowrap=\"nowrap\">Tim Maia<\/td>\n<\/tr>\n<tr>\n<td nowrap=\"nowrap\">4<\/td>\n<td nowrap=\"nowrap\">N\u00e3o quero dinheiro<\/td>\n<td nowrap=\"nowrap\">Tim Maia<\/td>\n<\/tr>\n<tr>\n<td nowrap=\"nowrap\">5<\/td>\n<td nowrap=\"nowrap\">Voc\u00ea<\/td>\n<td nowrap=\"nowrap\">Tim Maia<\/td>\n<\/tr>\n<tr>\n<td nowrap=\"nowrap\">6<\/td>\n<td nowrap=\"nowrap\">Sossego<\/td>\n<td nowrap=\"nowrap\">Tim Maia<\/td>\n<\/tr>\n<tr>\n<td nowrap=\"nowrap\">7<\/td>\n<td nowrap=\"nowrap\">Vale tudo<\/td>\n<td nowrap=\"nowrap\">Tim Maia<\/td>\n<\/tr>\n<tr>\n<td nowrap=\"nowrap\">8<\/td>\n<td nowrap=\"nowrap\">Imuniza\u00e7\u00e3o racional<\/td>\n<td nowrap=\"nowrap\">Tim Maia<\/td>\n<\/tr>\n<tr>\n<td nowrap=\"nowrap\">9<\/td>\n<td nowrap=\"nowrap\">Voc\u00ea e eu, eu e voc\u00ea<\/td>\n<td nowrap=\"nowrap\">Tim Maia<\/td>\n<\/tr>\n<tr>\n<td nowrap=\"nowrap\">10<\/td>\n<td nowrap=\"nowrap\">Acenda o farol<\/td>\n<td nowrap=\"nowrap\">Tim Maia<\/td>\n<\/tr>\n<\/tbody>\n<\/table>\n<p><strong>&#8211; M\u00fasicas interpretadas por Tim Maia mais tocadas em r\u00e1dios de todo o Brasil nos \u00faltimos 12 meses:<\/strong><\/p>\n<table border=\"0\" width=\"527\" cellspacing=\"0\" cellpadding=\"0\">\n<tbody>\n<tr>\n<td nowrap=\"nowrap\"><strong>Posi\u00e7\u00e3o<\/strong><\/td>\n<td nowrap=\"nowrap\"><strong>M\u00fasicas<\/strong><\/td>\n<td nowrap=\"nowrap\"><strong>Autores<\/strong><\/td>\n<\/tr>\n<tr>\n<td nowrap=\"nowrap\">1<\/td>\n<td nowrap=\"nowrap\">Gostava tanto de voc\u00ea<\/td>\n<td nowrap=\"nowrap\">Ed Valle<\/td>\n<\/tr>\n<tr>\n<td nowrap=\"nowrap\">2<\/td>\n<td nowrap=\"nowrap\">Azul da cor do mar<\/td>\n<td nowrap=\"nowrap\">Tim Maia<\/td>\n<\/tr>\n<tr>\n<td nowrap=\"nowrap\">3<\/td>\n<td nowrap=\"nowrap\">Um dia de domingo<\/td>\n<td nowrap=\"nowrap\">Michael Sullivan\/Miguel\/Paulo Massadas<\/td>\n<\/tr>\n<tr>\n<td nowrap=\"nowrap\">4<\/td>\n<td nowrap=\"nowrap\">N\u00e3o quero dinheiro<\/td>\n<td nowrap=\"nowrap\">Tim Maia<\/td>\n<\/tr>\n<tr>\n<td nowrap=\"nowrap\">5<\/td>\n<td nowrap=\"nowrap\">Me d\u00ea motivo<\/td>\n<td nowrap=\"nowrap\">Michael Sullivan\/Paulo Massadas<\/td>\n<\/tr>\n<tr>\n<td nowrap=\"nowrap\">6<\/td>\n<td nowrap=\"nowrap\">Primavera<\/td>\n<td nowrap=\"nowrap\">Cassiano\/Rochael<\/td>\n<\/tr>\n<tr>\n<td nowrap=\"nowrap\">7<\/td>\n<td nowrap=\"nowrap\">O descobridor dos sete mares<\/td>\n<td nowrap=\"nowrap\">Gilson Mendon\u00e7a\/Michel<\/td>\n<\/tr>\n<tr>\n<td nowrap=\"nowrap\">8<\/td>\n<td nowrap=\"nowrap\">Leva<\/td>\n<td nowrap=\"nowrap\">Michael Sullivan\/Miguel\/Paulo Massadas<\/td>\n<\/tr>\n<tr>\n<td nowrap=\"nowrap\">9<\/td>\n<td nowrap=\"nowrap\">Voc\u00ea<\/td>\n<td nowrap=\"nowrap\">Tim Maia<\/td>\n<\/tr>\n<tr>\n<td nowrap=\"nowrap\">10<\/td>\n<td nowrap=\"nowrap\">Do Leme ao Pontal<\/td>\n<td nowrap=\"nowrap\">Tim Maia<\/td>\n<\/tr>\n<tr>\n<td nowrap=\"nowrap\">11<\/td>\n<td nowrap=\"nowrap\">Sossego<\/td>\n<td nowrap=\"nowrap\">Tim Maia<\/td>\n<\/tr>\n<tr>\n<td nowrap=\"nowrap\">12<\/td>\n<td nowrap=\"nowrap\">Pede a ela<\/td>\n<td nowrap=\"nowrap\">Carlos Colla\/Ed Wilson<\/td>\n<\/tr>\n<tr>\n<td nowrap=\"nowrap\">13<\/td>\n<td nowrap=\"nowrap\">Bons momentos<\/td>\n<td nowrap=\"nowrap\">Michel\/Marcos Cardoso<\/td>\n<\/tr>\n<tr>\n<td nowrap=\"nowrap\">14<\/td>\n<td nowrap=\"nowrap\">L\u00e1bios de mel<\/td>\n<td nowrap=\"nowrap\">Cleonice\/Ed Valle<\/td>\n<\/tr>\n<tr>\n<td nowrap=\"nowrap\">15<\/td>\n<td nowrap=\"nowrap\">Acenda o farol<\/td>\n<td nowrap=\"nowrap\">Tim Maia<\/td>\n<\/tr>\n<tr>\n<td nowrap=\"nowrap\">16<\/td>\n<td nowrap=\"nowrap\">Eu amo voc\u00ea<\/td>\n<td nowrap=\"nowrap\">Cassiano\/Rochael<\/td>\n<\/tr>\n<tr>\n<td nowrap=\"nowrap\">17<\/td>\n<td nowrap=\"nowrap\">Paix\u00e3o antiga<\/td>\n<td nowrap=\"nowrap\">Marcos Valle\/Paulo Sergio Valle<\/td>\n<\/tr>\n<tr>\n<td nowrap=\"nowrap\">18<\/td>\n<td nowrap=\"nowrap\">Como uma onda- zen surfismo<\/td>\n<td nowrap=\"nowrap\">Nelson Motta\/Lulu Santos<\/td>\n<\/tr>\n<tr>\n<td nowrap=\"nowrap\">19<\/td>\n<td nowrap=\"nowrap\">R\u00e9u confesso<\/td>\n<td nowrap=\"nowrap\">Tim Maia<\/td>\n<\/tr>\n<tr>\n<td nowrap=\"nowrap\">20<\/td>\n<td nowrap=\"nowrap\">Vale tudo<\/td>\n<td nowrap=\"nowrap\">Tim Maia<\/td>\n<\/tr>\n<\/tbody>\n<\/table>\n<\/td>\n<\/tr>\n<tr>\n<td align=\"left\" valign=\"top\" width=\"128\" height=\"161\"><img decoding=\"async\" class=\"CToWUd\" src=\"https:\/\/ci6.googleusercontent.com\/proxy\/eFQ_XS3tgLHKoVJAGorSsW2CffGDQVrwcIwNQo7a4uzDitw3sT7hM2D5PgecFXJfmdXzPPRhwWYTqVp6KHaBsbSDmQ1DqX3APspHgxGco-M7Vw-sEMoy0zehCgCYUA=s0-d-e1-ft#https:\/\/files.workr.com.br\/ViewImage.aspx?image=dk+f2RYzLNNu4OfEnC8EbQ==\"><\/td>\n<td align=\"left\" valign=\"top\" width=\"470\">\n<div><strong>Clarisse Bretas e Nat\u00e1lia Dias<\/strong><\/div>\n<div><em>Comunica\u00e7\u00e3o Corporativa<\/em><\/div>\n<div><strong>21 3505.8500 | R. 2394 e 2399<\/strong><\/div>\n<div><strong>21&nbsp;<\/strong><strong>99211.5737<\/strong><\/div>\n<\/td>\n<\/tr>\n<\/tbody>\n<\/table>\n","protected":false},"excerpt":{"rendered":"<p>Artista, morto h\u00e1 20 anos, \u00e9 autor de sucessos como \u201cDo Leme ao Pontal\u201d e \u201cN\u00e3o quero dinheiro\u201d Dono de um timbre de voz \u00fanico e marcante, o eterno \u201cs\u00edndico\u201d Tim Maia completaria 76 anos nesta sexta-feira (28\/09) e, para marcar a data, o Ecad homenageia o artista com informa\u00e7\u00f5es sobre sua obra. Tema de [&hellip;]<\/p>\n","protected":false},"author":2,"featured_media":4378,"comment_status":"open","ping_status":"open","sticky":false,"template":"","format":"standard","meta":{"_acf_changed":false,"_monsterinsights_skip_tracking":false,"_monsterinsights_sitenote_active":false,"_monsterinsights_sitenote_note":"","_monsterinsights_sitenote_category":0,"_jetpack_memberships_contains_paid_content":false,"footnotes":"","jetpack_publicize_message":"","jetpack_publicize_feature_enabled":true,"jetpack_social_post_already_shared":true,"jetpack_social_options":{"image_generator_settings":{"template":"highway","default_image_id":0,"font":"","enabled":false},"version":2}},"categories":[12],"tags":[],"class_list":["post-28199","post","type-post","status-publish","format-standard","has-post-thumbnail","hentry","category-gente-que-faz-a-nossa-historia"],"acf":[],"jetpack_publicize_connections":[],"jetpack_featured_media_url":"https:\/\/i0.wp.com\/blogdoeloiltoncajuhy.com.br\/site\/wp-content\/uploads\/2015\/09\/tim-maia.jpg?fit=1063%2C1200&ssl=1","jetpack_sharing_enabled":true,"publishpress_future_workflow_manual_trigger":{"enabledWorkflows":[]},"_links":{"self":[{"href":"https:\/\/blogdoeloiltoncajuhy.com.br\/site\/wp-json\/wp\/v2\/posts\/28199","targetHints":{"allow":["GET"]}}],"collection":[{"href":"https:\/\/blogdoeloiltoncajuhy.com.br\/site\/wp-json\/wp\/v2\/posts"}],"about":[{"href":"https:\/\/blogdoeloiltoncajuhy.com.br\/site\/wp-json\/wp\/v2\/types\/post"}],"author":[{"embeddable":true,"href":"https:\/\/blogdoeloiltoncajuhy.com.br\/site\/wp-json\/wp\/v2\/users\/2"}],"replies":[{"embeddable":true,"href":"https:\/\/blogdoeloiltoncajuhy.com.br\/site\/wp-json\/wp\/v2\/comments?post=28199"}],"version-history":[{"count":3,"href":"https:\/\/blogdoeloiltoncajuhy.com.br\/site\/wp-json\/wp\/v2\/posts\/28199\/revisions"}],"predecessor-version":[{"id":46239,"href":"https:\/\/blogdoeloiltoncajuhy.com.br\/site\/wp-json\/wp\/v2\/posts\/28199\/revisions\/46239"}],"wp:featuredmedia":[{"embeddable":true,"href":"https:\/\/blogdoeloiltoncajuhy.com.br\/site\/wp-json\/wp\/v2\/media\/4378"}],"wp:attachment":[{"href":"https:\/\/blogdoeloiltoncajuhy.com.br\/site\/wp-json\/wp\/v2\/media?parent=28199"}],"wp:term":[{"taxonomy":"category","embeddable":true,"href":"https:\/\/blogdoeloiltoncajuhy.com.br\/site\/wp-json\/wp\/v2\/categories?post=28199"},{"taxonomy":"post_tag","embeddable":true,"href":"https:\/\/blogdoeloiltoncajuhy.com.br\/site\/wp-json\/wp\/v2\/tags?post=28199"}],"curies":[{"name":"wp","href":"https:\/\/api.w.org\/{rel}","templated":true}]}}