{"id":28172,"date":"2018-09-26T15:03:40","date_gmt":"2018-09-26T18:03:40","guid":{"rendered":"http:\/\/blogdoeloiltoncajuhy.com.br\/site\/?p=28172"},"modified":"2018-09-26T15:03:40","modified_gmt":"2018-09-26T18:03:40","slug":"tentativa-de-roubo-a-aviao-em-salgueiro-pe-termina-com-a-morte-de-seis-assaltes-de-bancos","status":"publish","type":"post","link":"https:\/\/blogdoeloiltoncajuhy.com.br\/site\/tentativa-de-roubo-a-aviao-em-salgueiro-pe-termina-com-a-morte-de-seis-assaltes-de-bancos\/","title":{"rendered":"Tentativa de roubo a avi\u00e3o em Salgueiro-PE, termina com a morte de seis assaltes de bancos"},"content":{"rendered":"<h5 style=\"text-align: center;\"><em>De acordo com informa\u00e7\u00f5es da Pol\u00edcia Federal, o grupo agia na Bahia e Pernambuco. Eles tentavam roubar um avi\u00e3o de transporte de valores na pista de pouso do aeroporto de Salgueiro<\/em><\/h5>\n<figure id=\"attachment_28173\" aria-describedby=\"caption-attachment-28173\" style=\"width: 1000px\" class=\"wp-caption aligncenter\"><a href=\"https:\/\/i0.wp.com\/blogdoeloiltoncajuhy.com.br\/site\/wp-content\/uploads\/2018\/09\/prf-assalto-aviao1.jpg\"><img data-recalc-dims=\"1\" fetchpriority=\"high\" decoding=\"async\" class=\"wp-image-28173 size-full\" src=\"https:\/\/i0.wp.com\/blogdoeloiltoncajuhy.com.br\/site\/wp-content\/uploads\/2018\/09\/prf-assalto-aviao1.jpg?resize=800%2C600\" alt=\"\" width=\"800\" height=\"600\" srcset=\"https:\/\/i0.wp.com\/blogdoeloiltoncajuhy.com.br\/site\/wp-content\/uploads\/2018\/09\/prf-assalto-aviao1.jpg?w=1000&amp;ssl=1 1000w, https:\/\/i0.wp.com\/blogdoeloiltoncajuhy.com.br\/site\/wp-content\/uploads\/2018\/09\/prf-assalto-aviao1.jpg?resize=300%2C225&amp;ssl=1 300w, https:\/\/i0.wp.com\/blogdoeloiltoncajuhy.com.br\/site\/wp-content\/uploads\/2018\/09\/prf-assalto-aviao1.jpg?resize=768%2C576&amp;ssl=1 768w, https:\/\/i0.wp.com\/blogdoeloiltoncajuhy.com.br\/site\/wp-content\/uploads\/2018\/09\/prf-assalto-aviao1.jpg?resize=250%2C188&amp;ssl=1 250w\" sizes=\"(max-width: 800px) 100vw, 800px\" \/><\/a><figcaption id=\"caption-attachment-28173\" class=\"wp-caption-text\">Os homens foram mortos durante uma a\u00e7\u00e3o da pol\u00edcia \u2014 Foto: PRF\/Divulga\u00e7\u00e3o<\/figcaption><\/figure>\n<p>Seis homens foram mortos e um ficou ferido nesta quarta-feira (26) durante uma opera\u00e7\u00e3o conjunta das Pol\u00edcia Federal (PF), Pol\u00edcia Rodovi\u00e1ria Federal (PRF) e das Pol\u00edcias Militar de Pernambuco e da Bahia. Os homens faziam parte de uma quadrilha que estava tentando assaltar um avi\u00e3o de transporte de valores na pista de pouso do aeroporto de Salgueiro, no Sert\u00e3o de Pernambuco. O dinheiro seria utilizado para abastecer um banco da cidade.<\/p>\n<p>De acordo a PF, os assaltantes invadiram a pista no momento da aterrissagem do avi\u00e3o e abordaram o os vigilantes dos carros-fortes que transportariam o dinheiro. Os bandidos atiraram no piloto e o obrigaram a parar a aeronave. Durante a tentativa de roubo teve troca de tiros entre a pol\u00edcia e os criminosos. Nenhuma quantia foi roubada.<\/p>\n<figure id=\"attachment_28174\" aria-describedby=\"caption-attachment-28174\" style=\"width: 1000px\" class=\"wp-caption aligncenter\"><a href=\"https:\/\/i0.wp.com\/blogdoeloiltoncajuhy.com.br\/site\/wp-content\/uploads\/2018\/09\/prf-assalto-aviao2.jpg\"><img data-recalc-dims=\"1\" decoding=\"async\" class=\"wp-image-28174 size-full\" src=\"https:\/\/i0.wp.com\/blogdoeloiltoncajuhy.com.br\/site\/wp-content\/uploads\/2018\/09\/prf-assalto-aviao2.jpg?resize=800%2C600\" alt=\"\" width=\"800\" height=\"600\" srcset=\"https:\/\/i0.wp.com\/blogdoeloiltoncajuhy.com.br\/site\/wp-content\/uploads\/2018\/09\/prf-assalto-aviao2.jpg?w=1000&amp;ssl=1 1000w, https:\/\/i0.wp.com\/blogdoeloiltoncajuhy.com.br\/site\/wp-content\/uploads\/2018\/09\/prf-assalto-aviao2.jpg?resize=300%2C225&amp;ssl=1 300w, https:\/\/i0.wp.com\/blogdoeloiltoncajuhy.com.br\/site\/wp-content\/uploads\/2018\/09\/prf-assalto-aviao2.jpg?resize=768%2C576&amp;ssl=1 768w, https:\/\/i0.wp.com\/blogdoeloiltoncajuhy.com.br\/site\/wp-content\/uploads\/2018\/09\/prf-assalto-aviao2.jpg?resize=250%2C188&amp;ssl=1 250w\" sizes=\"(max-width: 800px) 100vw, 800px\" \/><\/a><figcaption id=\"caption-attachment-28174\" class=\"wp-caption-text\">Avi\u00e3o que seria assaltado pela quadrilha em Salgueiro \u2014 Foto: PRF \/ Divulga\u00e7\u00e3o<\/figcaption><\/figure>\n<p>A PF informou que al\u00e9m dos seis mortos e do homem que ficou ferido, outros quatro integrantes da quadrilha foram presos. Com os suspeitos mortos, a pol\u00edcia encontrou seis fuzis AK 47 e uma pistola ponto 50. A pol\u00edcia disse que continua realizando buscas por outros integrantes da quadrilha que conseguiram.\u00a0O piloto do avi\u00e3o foi socorrido e, conforme informa\u00e7\u00f5es do hospital, est\u00e1 em condi\u00e7\u00f5es est\u00e1veis.<\/p>\n<p>Segundo a pol\u00edcia, o grupo vinha sendo investigado h\u00e1 quase tr\u00eas anos. O grupo \u00e9 acusado de praticar assaltos a bancos e carros-fortes no interior da Bahia e em Petrolina, no Sert\u00e3o de Pernambuco. Em um dos assaltos, na cidade baiana de Bom Jesus da Lapa, dois policiais foram mortos.<\/p>\n<p><em><strong>*Por G1 Petrolina-PE<\/strong><\/em><\/p>\n","protected":false},"excerpt":{"rendered":"<p>De acordo com informa\u00e7\u00f5es da Pol\u00edcia Federal, o grupo agia na Bahia e Pernambuco. Eles tentavam roubar um avi\u00e3o de transporte de valores na pista de pouso do aeroporto de Salgueiro Seis homens foram mortos e um ficou ferido nesta quarta-feira (26) durante uma opera\u00e7\u00e3o conjunta das Pol\u00edcia Federal (PF), Pol\u00edcia Rodovi\u00e1ria Federal (PRF) e [&hellip;]<\/p>\n","protected":false},"author":2,"featured_media":28174,"comment_status":"open","ping_status":"open","sticky":false,"template":"","format":"standard","meta":{"_acf_changed":false,"_monsterinsights_skip_tracking":false,"_monsterinsights_sitenote_active":false,"_monsterinsights_sitenote_note":"","_monsterinsights_sitenote_category":0,"_jetpack_memberships_contains_paid_content":false,"footnotes":"","jetpack_publicize_message":"","jetpack_publicize_feature_enabled":true,"jetpack_social_post_already_shared":true,"jetpack_social_options":{"image_generator_settings":{"template":"highway","default_image_id":0,"font":"","enabled":false},"version":2}},"categories":[5,1],"tags":[],"class_list":["post-28172","post","type-post","status-publish","format-standard","has-post-thumbnail","hentry","category-cotidiano","category-noticias"],"acf":[],"jetpack_publicize_connections":[],"jetpack_featured_media_url":"https:\/\/i0.wp.com\/blogdoeloiltoncajuhy.com.br\/site\/wp-content\/uploads\/2018\/09\/prf-assalto-aviao2.jpg?fit=1000%2C750&ssl=1","jetpack_sharing_enabled":true,"publishpress_future_workflow_manual_trigger":{"enabledWorkflows":[]},"_links":{"self":[{"href":"https:\/\/blogdoeloiltoncajuhy.com.br\/site\/wp-json\/wp\/v2\/posts\/28172","targetHints":{"allow":["GET"]}}],"collection":[{"href":"https:\/\/blogdoeloiltoncajuhy.com.br\/site\/wp-json\/wp\/v2\/posts"}],"about":[{"href":"https:\/\/blogdoeloiltoncajuhy.com.br\/site\/wp-json\/wp\/v2\/types\/post"}],"author":[{"embeddable":true,"href":"https:\/\/blogdoeloiltoncajuhy.com.br\/site\/wp-json\/wp\/v2\/users\/2"}],"replies":[{"embeddable":true,"href":"https:\/\/blogdoeloiltoncajuhy.com.br\/site\/wp-json\/wp\/v2\/comments?post=28172"}],"version-history":[{"count":1,"href":"https:\/\/blogdoeloiltoncajuhy.com.br\/site\/wp-json\/wp\/v2\/posts\/28172\/revisions"}],"predecessor-version":[{"id":28175,"href":"https:\/\/blogdoeloiltoncajuhy.com.br\/site\/wp-json\/wp\/v2\/posts\/28172\/revisions\/28175"}],"wp:featuredmedia":[{"embeddable":true,"href":"https:\/\/blogdoeloiltoncajuhy.com.br\/site\/wp-json\/wp\/v2\/media\/28174"}],"wp:attachment":[{"href":"https:\/\/blogdoeloiltoncajuhy.com.br\/site\/wp-json\/wp\/v2\/media?parent=28172"}],"wp:term":[{"taxonomy":"category","embeddable":true,"href":"https:\/\/blogdoeloiltoncajuhy.com.br\/site\/wp-json\/wp\/v2\/categories?post=28172"},{"taxonomy":"post_tag","embeddable":true,"href":"https:\/\/blogdoeloiltoncajuhy.com.br\/site\/wp-json\/wp\/v2\/tags?post=28172"}],"curies":[{"name":"wp","href":"https:\/\/api.w.org\/{rel}","templated":true}]}}