{"id":28169,"date":"2018-09-26T10:05:36","date_gmt":"2018-09-26T13:05:36","guid":{"rendered":"http:\/\/blogdoeloiltoncajuhy.com.br\/site\/?p=28169"},"modified":"2018-09-26T10:05:36","modified_gmt":"2018-09-26T13:05:36","slug":"politica-renovacao-na-camara-dos-deputados-nestas-eleicoes-sera-a-menor-dos-ultimos-anos-diz-diap","status":"publish","type":"post","link":"https:\/\/blogdoeloiltoncajuhy.com.br\/site\/politica-renovacao-na-camara-dos-deputados-nestas-eleicoes-sera-a-menor-dos-ultimos-anos-diz-diap\/","title":{"rendered":"POL\u00cdTICA: Renova\u00e7\u00e3o na C\u00e2mara dos Deputados nestas elei\u00e7\u00f5es ser\u00e1 a menor dos \u00faltimos anos, diz Diap"},"content":{"rendered":"<h5 style=\"text-align: center;\"><em>Segundo o analista pol\u00edtico Ant\u00f4nio Augusto de Queiroz, diretor do Diap, a redu\u00e7\u00e3o do tempo de campanha de 90 para 45 dias e do hor\u00e1rio eleitoral de 45 para 35 dias favorecem candidatos j\u00e1 conhecidos e que buscam reelei\u00e7\u00e3o<\/em><\/h5>\n<p><a href=\"https:\/\/i0.wp.com\/blogdoeloiltoncajuhy.com.br\/site\/wp-content\/uploads\/2018\/09\/congresso-nacional-camara.jpg\"><img data-recalc-dims=\"1\" fetchpriority=\"high\" decoding=\"async\" class=\"aligncenter size-full wp-image-28170\" src=\"https:\/\/i0.wp.com\/blogdoeloiltoncajuhy.com.br\/site\/wp-content\/uploads\/2018\/09\/congresso-nacional-camara.jpg?resize=620%2C350\" alt=\"\" width=\"620\" height=\"350\" srcset=\"https:\/\/i0.wp.com\/blogdoeloiltoncajuhy.com.br\/site\/wp-content\/uploads\/2018\/09\/congresso-nacional-camara.jpg?w=620&amp;ssl=1 620w, https:\/\/i0.wp.com\/blogdoeloiltoncajuhy.com.br\/site\/wp-content\/uploads\/2018\/09\/congresso-nacional-camara.jpg?resize=300%2C169&amp;ssl=1 300w, https:\/\/i0.wp.com\/blogdoeloiltoncajuhy.com.br\/site\/wp-content\/uploads\/2018\/09\/congresso-nacional-camara.jpg?resize=250%2C141&amp;ssl=1 250w\" sizes=\"(max-width: 620px) 100vw, 620px\" \/><\/a>Para o Departamento Intersindical de Assessoria Parlamentar (Diap), que acompanha as elei\u00e7\u00f5es no Brasil desde a redemocratiza\u00e7\u00e3o, a renova\u00e7\u00e3o na C\u00e2mara dos Deputados nas elei\u00e7\u00f5es de outubro ser\u00e1 a menor dos \u00faltimos anos por causa de mudan\u00e7as recentes na legisla\u00e7\u00e3o.<\/p>\n<p>Segundo o analista pol\u00edtico Ant\u00f4nio Augusto de Queiroz, diretor do Diap, a redu\u00e7\u00e3o do tempo de campanha de 90 para 45 dias e do hor\u00e1rio eleitoral de 45 para 35 dias favorecem candidatos j\u00e1 conhecidos e que buscam reelei\u00e7\u00e3o. As mudan\u00e7as foram feitas na minirreforma eleitoral de 2015 (Lei 13.165\/15). Com menos tempo para conhecerem novos candidatos, os partidos tendem a apoiar quem j\u00e1 teve sucesso nas urnas.<\/p>\n<p>Outro ponto a favor dos atuais deputados \u00e9 o fundo eleitoral, criado pela reforma eleitoral do ano passado (Lei 13.488\/17), e com valor de 1,7 bilh\u00e3o de reais para financiar candidaturas. Para Ant\u00f4nio Queiroz, essas mudan\u00e7as favorecem o poder de barganha dos parlamentares com os partidos.<\/p>\n<p>\u201c<em>Essas tr\u00eas condi\u00e7\u00f5es combinadas com a janela partid\u00e1ria, que permite ao detentor de mandato mudar de partido sem perder seu mandato nos seis meses que antecedem a elei\u00e7\u00e3o, fez com que os parlamentares pudessem negociar condi\u00e7\u00f5es mais vantajosas para sua reelei\u00e7\u00e3o. Seja no pr\u00f3prio partido, seja em outro partido que ofere\u00e7a a possibilidade de ele migrar<\/em>\u201d.<\/p>\n<p>Ant\u00f4nio Queiroz lembra outras vantagens de quem j\u00e1 exerce um mandato legislativo como ter estrutura de gabinete para trabalhar para voltar \u00e0 C\u00e2mara e a as emendas parlamentares. Essas emendas individuais contemplam demandas que chegam das bases eleitorais dos parlamentares e de grupos organizados que procuram interferir no projeto or\u00e7ament\u00e1rio, como um posto de sa\u00fade ou uma creche.<\/p>\n<p>\u201c<em>H\u00e1 ainda uma s\u00e9rie de vantagens comparativas para quem est\u00e1 no exerc\u00edcio do mandato. Por exemplo, tem servi\u00e7o prestado, n\u00famero conhecido, nome conhecido, cabos eleitorais fidelizados, doadores j\u00e1 habituais<\/em>\u201d.<\/p>\n<p>Nas \u00faltimas quatro elei\u00e7\u00f5es, o percentual de renova\u00e7\u00e3o na C\u00e2mara dos Deputados ficou abaixo de 40%, de acordo com os dados da Secretaria Geral da Mesa. A m\u00e9dia de 2002 at\u00e9 2014 foi de 37,5%. As elei\u00e7\u00f5es com o menor \u00edndice de renova\u00e7\u00e3o foram as de 2002, com 36% e as com maior n\u00famero de novos rostos foi a \u00faltima, com 39% de renova\u00e7\u00e3o.<\/p>\n<p>Os c\u00e1lculos da secretaria geral consideram reeleitos todos aqueles que assumiram mandato ao longo da legislatura seja como efetivo ou suplente.<\/p>\n<p><em><strong>*Reportagem &#8211; Tiago Miranda \/ R\u00e1dio C\u00e2mara<\/strong><\/em><\/p>\n","protected":false},"excerpt":{"rendered":"<p>Segundo o analista pol\u00edtico Ant\u00f4nio Augusto de Queiroz, diretor do Diap, a redu\u00e7\u00e3o do tempo de campanha de 90 para 45 dias e do hor\u00e1rio eleitoral de 45 para 35 dias favorecem candidatos j\u00e1 conhecidos e que buscam reelei\u00e7\u00e3o Para o Departamento Intersindical de Assessoria Parlamentar (Diap), que acompanha as elei\u00e7\u00f5es no Brasil desde a [&hellip;]<\/p>\n","protected":false},"author":2,"featured_media":28170,"comment_status":"open","ping_status":"open","sticky":false,"template":"","format":"standard","meta":{"_acf_changed":false,"_monsterinsights_skip_tracking":false,"_monsterinsights_sitenote_active":false,"_monsterinsights_sitenote_note":"","_monsterinsights_sitenote_category":0,"_jetpack_memberships_contains_paid_content":false,"footnotes":"","jetpack_publicize_message":"","jetpack_publicize_feature_enabled":true,"jetpack_social_post_already_shared":true,"jetpack_social_options":{"image_generator_settings":{"template":"highway","default_image_id":0,"font":"","enabled":false},"version":2}},"categories":[1,3],"tags":[],"class_list":["post-28169","post","type-post","status-publish","format-standard","has-post-thumbnail","hentry","category-noticias","category-politica"],"acf":[],"jetpack_publicize_connections":[],"jetpack_featured_media_url":"https:\/\/i0.wp.com\/blogdoeloiltoncajuhy.com.br\/site\/wp-content\/uploads\/2018\/09\/congresso-nacional-camara.jpg?fit=620%2C350&ssl=1","jetpack_sharing_enabled":true,"publishpress_future_workflow_manual_trigger":{"enabledWorkflows":[]},"_links":{"self":[{"href":"https:\/\/blogdoeloiltoncajuhy.com.br\/site\/wp-json\/wp\/v2\/posts\/28169","targetHints":{"allow":["GET"]}}],"collection":[{"href":"https:\/\/blogdoeloiltoncajuhy.com.br\/site\/wp-json\/wp\/v2\/posts"}],"about":[{"href":"https:\/\/blogdoeloiltoncajuhy.com.br\/site\/wp-json\/wp\/v2\/types\/post"}],"author":[{"embeddable":true,"href":"https:\/\/blogdoeloiltoncajuhy.com.br\/site\/wp-json\/wp\/v2\/users\/2"}],"replies":[{"embeddable":true,"href":"https:\/\/blogdoeloiltoncajuhy.com.br\/site\/wp-json\/wp\/v2\/comments?post=28169"}],"version-history":[{"count":1,"href":"https:\/\/blogdoeloiltoncajuhy.com.br\/site\/wp-json\/wp\/v2\/posts\/28169\/revisions"}],"predecessor-version":[{"id":28171,"href":"https:\/\/blogdoeloiltoncajuhy.com.br\/site\/wp-json\/wp\/v2\/posts\/28169\/revisions\/28171"}],"wp:featuredmedia":[{"embeddable":true,"href":"https:\/\/blogdoeloiltoncajuhy.com.br\/site\/wp-json\/wp\/v2\/media\/28170"}],"wp:attachment":[{"href":"https:\/\/blogdoeloiltoncajuhy.com.br\/site\/wp-json\/wp\/v2\/media?parent=28169"}],"wp:term":[{"taxonomy":"category","embeddable":true,"href":"https:\/\/blogdoeloiltoncajuhy.com.br\/site\/wp-json\/wp\/v2\/categories?post=28169"},{"taxonomy":"post_tag","embeddable":true,"href":"https:\/\/blogdoeloiltoncajuhy.com.br\/site\/wp-json\/wp\/v2\/tags?post=28169"}],"curies":[{"name":"wp","href":"https:\/\/api.w.org\/{rel}","templated":true}]}}