{"id":28165,"date":"2018-09-26T09:50:20","date_gmt":"2018-09-26T12:50:20","guid":{"rendered":"http:\/\/blogdoeloiltoncajuhy.com.br\/site\/?p=28165"},"modified":"2018-09-26T09:50:20","modified_gmt":"2018-09-26T12:50:20","slug":"equipe-bonfim-race-team-traz-bons-resultados-do-desafio-calangos-de-vitoria-da-conquista","status":"publish","type":"post","link":"https:\/\/blogdoeloiltoncajuhy.com.br\/site\/equipe-bonfim-race-team-traz-bons-resultados-do-desafio-calangos-de-vitoria-da-conquista\/","title":{"rendered":"Equipe Bonfim Race Team traz bons resultados do &#8220;Desafio Calangos&#8221; de Vit\u00f3ria da Conquista"},"content":{"rendered":"<p><a href=\"https:\/\/i0.wp.com\/blogdoeloiltoncajuhy.com.br\/site\/wp-content\/uploads\/2018\/09\/bonfim-race_VC-01.jpg\"><img data-recalc-dims=\"1\" fetchpriority=\"high\" decoding=\"async\" class=\"aligncenter size-full wp-image-28166\" src=\"https:\/\/i0.wp.com\/blogdoeloiltoncajuhy.com.br\/site\/wp-content\/uploads\/2018\/09\/bonfim-race_VC-01.jpg?resize=259%2C460\" alt=\"\" width=\"259\" height=\"460\" srcset=\"https:\/\/i0.wp.com\/blogdoeloiltoncajuhy.com.br\/site\/wp-content\/uploads\/2018\/09\/bonfim-race_VC-01.jpg?w=259&amp;ssl=1 259w, https:\/\/i0.wp.com\/blogdoeloiltoncajuhy.com.br\/site\/wp-content\/uploads\/2018\/09\/bonfim-race_VC-01.jpg?resize=169%2C300&amp;ssl=1 169w, https:\/\/i0.wp.com\/blogdoeloiltoncajuhy.com.br\/site\/wp-content\/uploads\/2018\/09\/bonfim-race_VC-01.jpg?resize=141%2C250&amp;ssl=1 141w\" sizes=\"(max-width: 259px) 100vw, 259px\" \/><\/a>&#8220;<em>Mais uma etapa e mais um sentimento de dever cumprindo!<\/em>&#8221; Assim a equipe de ciclismo <strong>Bonfim Race Team<\/strong>\u00a0define sua participa\u00e7\u00e3o\u00a0no <strong>&#8220;Desafio Calangos&#8221;<\/strong> de MTB XCM, realizado em Vit\u00f3ria da Conquista-BA, prova v\u00e1lida pelos ranking&#8217;s baiano e nacional.<\/p>\n<p>A equipe finalizou essa etapa com <strong>L\u00e1zaro Macedo<\/strong> em 2\u00b0 lugar e <strong>Tiago Pimentel<\/strong> em 12\u00b0 lugar &#8211; categoria master A1. <strong>Lindomar Barberino<\/strong> em 8\u00b0 lugar na Master A2. Todos somaram pontos e seguem firmes no ranking baiano com L\u00e1zaro liderando, Barberino em 2\u00b0 e Tiago em 5\u00b0 em suas respectivas categorias.<\/p>\n<p><em><strong><a href=\"https:\/\/i0.wp.com\/blogdoeloiltoncajuhy.com.br\/site\/wp-content\/uploads\/2018\/09\/bonfim-race_VC-02.jpg\"><img data-recalc-dims=\"1\" decoding=\"async\" class=\"aligncenter size-full wp-image-28167\" src=\"https:\/\/i0.wp.com\/blogdoeloiltoncajuhy.com.br\/site\/wp-content\/uploads\/2018\/09\/bonfim-race_VC-02.jpg?resize=460%2C345\" alt=\"\" width=\"460\" height=\"345\" srcset=\"https:\/\/i0.wp.com\/blogdoeloiltoncajuhy.com.br\/site\/wp-content\/uploads\/2018\/09\/bonfim-race_VC-02.jpg?w=460&amp;ssl=1 460w, https:\/\/i0.wp.com\/blogdoeloiltoncajuhy.com.br\/site\/wp-content\/uploads\/2018\/09\/bonfim-race_VC-02.jpg?resize=300%2C225&amp;ssl=1 300w, https:\/\/i0.wp.com\/blogdoeloiltoncajuhy.com.br\/site\/wp-content\/uploads\/2018\/09\/bonfim-race_VC-02.jpg?resize=250%2C188&amp;ssl=1 250w\" sizes=\"(max-width: 460px) 100vw, 460px\" \/><\/a>*BLOG DO ELOILTON CAJUHY<\/strong><\/em><\/p>\n","protected":false},"excerpt":{"rendered":"<p>&#8220;Mais uma etapa e mais um sentimento de dever cumprindo!&#8221; Assim a equipe de ciclismo Bonfim Race Team\u00a0define sua participa\u00e7\u00e3o\u00a0no &#8220;Desafio Calangos&#8221; de MTB XCM, realizado em Vit\u00f3ria da Conquista-BA, prova v\u00e1lida pelos ranking&#8217;s baiano e nacional. A equipe finalizou essa etapa com L\u00e1zaro Macedo em 2\u00b0 lugar e Tiago Pimentel em 12\u00b0 lugar &#8211; [&hellip;]<\/p>\n","protected":false},"author":2,"featured_media":28167,"comment_status":"open","ping_status":"open","sticky":false,"template":"","format":"standard","meta":{"_acf_changed":false,"_monsterinsights_skip_tracking":false,"_monsterinsights_sitenote_active":false,"_monsterinsights_sitenote_note":"","_monsterinsights_sitenote_category":0,"_jetpack_memberships_contains_paid_content":false,"footnotes":"","jetpack_publicize_message":"","jetpack_publicize_feature_enabled":true,"jetpack_social_post_already_shared":true,"jetpack_social_options":{"image_generator_settings":{"template":"highway","default_image_id":0,"font":"","enabled":false},"version":2}},"categories":[6,1,4],"tags":[],"class_list":["post-28165","post","type-post","status-publish","format-standard","has-post-thumbnail","hentry","category-esportes","category-noticias","category-local"],"acf":[],"jetpack_publicize_connections":[],"jetpack_featured_media_url":"https:\/\/i0.wp.com\/blogdoeloiltoncajuhy.com.br\/site\/wp-content\/uploads\/2018\/09\/bonfim-race_VC-02.jpg?fit=460%2C345&ssl=1","jetpack_sharing_enabled":true,"publishpress_future_workflow_manual_trigger":{"enabledWorkflows":[]},"_links":{"self":[{"href":"https:\/\/blogdoeloiltoncajuhy.com.br\/site\/wp-json\/wp\/v2\/posts\/28165","targetHints":{"allow":["GET"]}}],"collection":[{"href":"https:\/\/blogdoeloiltoncajuhy.com.br\/site\/wp-json\/wp\/v2\/posts"}],"about":[{"href":"https:\/\/blogdoeloiltoncajuhy.com.br\/site\/wp-json\/wp\/v2\/types\/post"}],"author":[{"embeddable":true,"href":"https:\/\/blogdoeloiltoncajuhy.com.br\/site\/wp-json\/wp\/v2\/users\/2"}],"replies":[{"embeddable":true,"href":"https:\/\/blogdoeloiltoncajuhy.com.br\/site\/wp-json\/wp\/v2\/comments?post=28165"}],"version-history":[{"count":1,"href":"https:\/\/blogdoeloiltoncajuhy.com.br\/site\/wp-json\/wp\/v2\/posts\/28165\/revisions"}],"predecessor-version":[{"id":28168,"href":"https:\/\/blogdoeloiltoncajuhy.com.br\/site\/wp-json\/wp\/v2\/posts\/28165\/revisions\/28168"}],"wp:featuredmedia":[{"embeddable":true,"href":"https:\/\/blogdoeloiltoncajuhy.com.br\/site\/wp-json\/wp\/v2\/media\/28167"}],"wp:attachment":[{"href":"https:\/\/blogdoeloiltoncajuhy.com.br\/site\/wp-json\/wp\/v2\/media?parent=28165"}],"wp:term":[{"taxonomy":"category","embeddable":true,"href":"https:\/\/blogdoeloiltoncajuhy.com.br\/site\/wp-json\/wp\/v2\/categories?post=28165"},{"taxonomy":"post_tag","embeddable":true,"href":"https:\/\/blogdoeloiltoncajuhy.com.br\/site\/wp-json\/wp\/v2\/tags?post=28165"}],"curies":[{"name":"wp","href":"https:\/\/api.w.org\/{rel}","templated":true}]}}