{"id":28161,"date":"2018-09-26T09:34:32","date_gmt":"2018-09-26T12:34:32","guid":{"rendered":"http:\/\/blogdoeloiltoncajuhy.com.br\/site\/?p=28161"},"modified":"2018-09-26T09:34:32","modified_gmt":"2018-09-26T12:34:32","slug":"reginaldo-carvalho-lanca-livro-em-bonfim-nesta-quinta-feira-27","status":"publish","type":"post","link":"https:\/\/blogdoeloiltoncajuhy.com.br\/site\/reginaldo-carvalho-lanca-livro-em-bonfim-nesta-quinta-feira-27\/","title":{"rendered":"Reginaldo Carvalho lan\u00e7a livro em Bonfim nesta quinta-feira (27)"},"content":{"rendered":"<p><a href=\"https:\/\/i0.wp.com\/blogdoeloiltoncajuhy.com.br\/site\/wp-content\/uploads\/2018\/09\/livro-reginaldo.jpg\"><img data-recalc-dims=\"1\" fetchpriority=\"high\" decoding=\"async\" class=\"aligncenter size-full wp-image-28162\" src=\"https:\/\/i0.wp.com\/blogdoeloiltoncajuhy.com.br\/site\/wp-content\/uploads\/2018\/09\/livro-reginaldo.jpg?resize=580%2C411\" alt=\"\" width=\"580\" height=\"411\" srcset=\"https:\/\/i0.wp.com\/blogdoeloiltoncajuhy.com.br\/site\/wp-content\/uploads\/2018\/09\/livro-reginaldo.jpg?w=580&amp;ssl=1 580w, https:\/\/i0.wp.com\/blogdoeloiltoncajuhy.com.br\/site\/wp-content\/uploads\/2018\/09\/livro-reginaldo.jpg?resize=300%2C213&amp;ssl=1 300w, https:\/\/i0.wp.com\/blogdoeloiltoncajuhy.com.br\/site\/wp-content\/uploads\/2018\/09\/livro-reginaldo.jpg?resize=250%2C177&amp;ssl=1 250w\" sizes=\"(max-width: 580px) 100vw, 580px\" \/><\/a>Enriquecendo ainda mais o seu vasto curr\u00edculo cultural, Reginaldo Carvalho lan\u00e7a nesta quinta-feira (27), em Senhor do Bonfim, o livro\u00a0<em><strong>DION\u00cdSIO PELOS TRILHOS DO TREM:\u00a0circo e teatro no sert\u00e3o do Brasil<\/strong><\/em>.<\/p>\n<p>O evento vai acontecer no Bistr\u00f4 da Rua L\u00e9lis Piedade e contar\u00e1 com shows musicais do grupo Desatinados, Luan Lins e convidados. O repert\u00f3rio ser\u00e1 composto com can\u00e7\u00f5es sobre Circo, teatro e trem. O livro ser\u00e1 vendido a 50 reais no lan\u00e7amento e o pagamento poder\u00e1 ser feito em esp\u00e9cie ou atrav\u00e9s de cart\u00e3o de cr\u00e9dito ou d\u00e9bito.<\/p>\n<p>Publicado pela Editora CRV, &#8220;<em>este livro discute o tr\u00e2nsito da teatralidade circense da Fran\u00e7a ao interior do Brasil, tomando como refer\u00eancia a configura\u00e7\u00e3o do espet\u00e1culo circense moderno e a presen\u00e7a do teatro no Cirque Olympique entre os anos de 1807 e 1836. O teatro \u00e9 tratado, portanto, como um dos elementos da pluralidade do circo que chegou ao Brasil no s\u00e9culo XIX.<\/em><\/p>\n<p><em>Para o entendimento desta circula\u00e7\u00e3o, faz-se uma caracteriza\u00e7\u00e3o do sistema de transportes no pa\u00eds, com foco no debate sobre as estradas de ferro para apontar os impactos culturais da Bahia and S\u00e3o Francisco Railway e da Estrada de Ferro S\u00e3o Francisco no interior do estado da Bahia, na primeira metade do s\u00e9culo XX. E, ainda, uma an\u00e1lise da vida cultural na \u201crede de cidades\u201d baianas beneficiadas pelas ferrovias, especialmente as cidades de Alagoinhas, Serrinha, Senhor do Bonfim e Juazeiro.<\/em><\/p>\n<p><em>Como exemplo desta circula\u00e7\u00e3o, discute-se o melodrama franc\u00eas Les deux sergents, de D\u2019Aubigny, cuja estreia da primeira montagem aconteceu no Th\u00e9\u00e2tre de la Porte Saint-Martin em 1823. Traduzido para a l\u00edngua portuguesa, foi montado por circos e companhias teatrais em v\u00e1rias cidades brasileiras, entre elas aquelas abarcadas por este estudo, caracterizando um triunfo da dramaturgia melodram\u00e1tica francesa no Brasil, pois foi apresentado no decorrer de mais de um s\u00e9culo.<\/em><\/p>\n<p><em>O trabalho \u00e9 resultado de uma investiga\u00e7\u00e3o bibliogr\u00e1fica em obras brasileiras e francesas sobre as rela\u00e7\u00f5es entre circo e teatro nos s\u00e9culos XVIII, XIX e XX, bem como de uma pesquisa documental de fontes encontradas em arquivos da Fran\u00e7a e do Brasil<\/em>&#8220;, mostra a Sinopse da editora.<\/p>\n<p><strong><a href=\"https:\/\/i0.wp.com\/blogdoeloiltoncajuhy.com.br\/site\/wp-content\/uploads\/2018\/09\/Reginaldo-Carvalho.jpg\"><img data-recalc-dims=\"1\" decoding=\"async\" class=\"aligncenter size-full wp-image-28163\" src=\"https:\/\/i0.wp.com\/blogdoeloiltoncajuhy.com.br\/site\/wp-content\/uploads\/2018\/09\/Reginaldo-Carvalho.jpg?resize=480%2C292\" alt=\"\" width=\"480\" height=\"292\" srcset=\"https:\/\/i0.wp.com\/blogdoeloiltoncajuhy.com.br\/site\/wp-content\/uploads\/2018\/09\/Reginaldo-Carvalho.jpg?w=480&amp;ssl=1 480w, https:\/\/i0.wp.com\/blogdoeloiltoncajuhy.com.br\/site\/wp-content\/uploads\/2018\/09\/Reginaldo-Carvalho.jpg?resize=300%2C183&amp;ssl=1 300w, https:\/\/i0.wp.com\/blogdoeloiltoncajuhy.com.br\/site\/wp-content\/uploads\/2018\/09\/Reginaldo-Carvalho.jpg?resize=250%2C152&amp;ssl=1 250w\" sizes=\"(max-width: 480px) 100vw, 480px\" \/><\/a>REGINALDO CARVALHO DA SILVA &#8211;\u00a0<\/strong>Nasceu em Senhor do Bonfim, na Bahia, e cresceu ouvindo de sua m\u00e3e, Maria de Lourdes, que seu av\u00f4, Z\u00e9 da Almerinda, tinha improvisado um teatro a c\u00e9u aberto no quintal de casa, depois de ter trabalhado durante pequena temporada no circo Merediva, no final da d\u00e9cada de 1930.<\/p>\n<p>Esta mem\u00f3ria familiar influenciou o autor na sua trajet\u00f3ria acad\u00eamica e profissional: Reginaldo fez licenciatura em Pedagogia pela UNEB\/Campus VII e em Teatro pela UFBA, especializa\u00e7\u00e3o em Arte-Educa\u00e7\u00e3o pela PUCMinas, mestrado e doutorado em Artes C\u00eanicas pela UFBA e doutorado em L\u00edngua e Literatura Rom\u00e2nica\/Portugu\u00eas pela l\u2019Universit\u00e9 Paris Ouest Nanterre la Defense.<\/p>\n<p>\u00c9 professor da UNEB desde 2002, tendo lecionado inicialmente no Campus VIII, em Paulo Afonso, Bahia. Atualmente \u00e9 professor Adjunto no Campus VII, em Senhor do Bonfim, onde coordena o Colegiado da Gradua\u00e7\u00e3o em Teatro e lidera o GruPANO \u2013 Grupo de pesquisa e extens\u00e3o em artes c\u00eanicas do semi\u00e1rido brasileiro. \u00c9 s\u00f3cio efetivo da ABRACE \u2013 Associa\u00e7\u00e3o Brasileira de Pesquisa e P\u00f3s-gradua\u00e7\u00e3o em Artes C\u00eanicas \u2013 e diretor teatral (Editora CRV).<\/p>\n<p><strong>*BLOG DO ELOILTON CAJUHY<\/strong><\/p>\n","protected":false},"excerpt":{"rendered":"<p>Enriquecendo ainda mais o seu vasto curr\u00edculo cultural, Reginaldo Carvalho lan\u00e7a nesta quinta-feira (27), em Senhor do Bonfim, o livro\u00a0DION\u00cdSIO PELOS TRILHOS DO TREM:\u00a0circo e teatro no sert\u00e3o do Brasil. O evento vai acontecer no Bistr\u00f4 da Rua L\u00e9lis Piedade e contar\u00e1 com shows musicais do grupo Desatinados, Luan Lins e convidados. O repert\u00f3rio ser\u00e1 [&hellip;]<\/p>\n","protected":false},"author":2,"featured_media":28163,"comment_status":"open","ping_status":"open","sticky":false,"template":"","format":"standard","meta":{"_acf_changed":false,"_monsterinsights_skip_tracking":false,"_monsterinsights_sitenote_active":false,"_monsterinsights_sitenote_note":"","_monsterinsights_sitenote_category":0,"_jetpack_memberships_contains_paid_content":false,"footnotes":"","jetpack_publicize_message":"","jetpack_publicize_feature_enabled":true,"jetpack_social_post_already_shared":true,"jetpack_social_options":{"image_generator_settings":{"template":"highway","default_image_id":0,"font":"","enabled":false},"version":2}},"categories":[8,1,4],"tags":[],"class_list":["post-28161","post","type-post","status-publish","format-standard","has-post-thumbnail","hentry","category-cultura","category-noticias","category-local"],"acf":[],"jetpack_publicize_connections":[],"jetpack_featured_media_url":"https:\/\/i0.wp.com\/blogdoeloiltoncajuhy.com.br\/site\/wp-content\/uploads\/2018\/09\/Reginaldo-Carvalho.jpg?fit=480%2C292&ssl=1","jetpack_sharing_enabled":true,"publishpress_future_workflow_manual_trigger":{"enabledWorkflows":[]},"_links":{"self":[{"href":"https:\/\/blogdoeloiltoncajuhy.com.br\/site\/wp-json\/wp\/v2\/posts\/28161","targetHints":{"allow":["GET"]}}],"collection":[{"href":"https:\/\/blogdoeloiltoncajuhy.com.br\/site\/wp-json\/wp\/v2\/posts"}],"about":[{"href":"https:\/\/blogdoeloiltoncajuhy.com.br\/site\/wp-json\/wp\/v2\/types\/post"}],"author":[{"embeddable":true,"href":"https:\/\/blogdoeloiltoncajuhy.com.br\/site\/wp-json\/wp\/v2\/users\/2"}],"replies":[{"embeddable":true,"href":"https:\/\/blogdoeloiltoncajuhy.com.br\/site\/wp-json\/wp\/v2\/comments?post=28161"}],"version-history":[{"count":1,"href":"https:\/\/blogdoeloiltoncajuhy.com.br\/site\/wp-json\/wp\/v2\/posts\/28161\/revisions"}],"predecessor-version":[{"id":28164,"href":"https:\/\/blogdoeloiltoncajuhy.com.br\/site\/wp-json\/wp\/v2\/posts\/28161\/revisions\/28164"}],"wp:featuredmedia":[{"embeddable":true,"href":"https:\/\/blogdoeloiltoncajuhy.com.br\/site\/wp-json\/wp\/v2\/media\/28163"}],"wp:attachment":[{"href":"https:\/\/blogdoeloiltoncajuhy.com.br\/site\/wp-json\/wp\/v2\/media?parent=28161"}],"wp:term":[{"taxonomy":"category","embeddable":true,"href":"https:\/\/blogdoeloiltoncajuhy.com.br\/site\/wp-json\/wp\/v2\/categories?post=28161"},{"taxonomy":"post_tag","embeddable":true,"href":"https:\/\/blogdoeloiltoncajuhy.com.br\/site\/wp-json\/wp\/v2\/tags?post=28161"}],"curies":[{"name":"wp","href":"https:\/\/api.w.org\/{rel}","templated":true}]}}