{"id":28146,"date":"2018-09-25T21:32:53","date_gmt":"2018-09-26T00:32:53","guid":{"rendered":"http:\/\/blogdoeloiltoncajuhy.com.br\/site\/?p=28146"},"modified":"2018-09-25T21:32:53","modified_gmt":"2018-09-26T00:32:53","slug":"andorinha-vai-ganhar-centro-de-atencao-psicossocial-caps","status":"publish","type":"post","link":"https:\/\/blogdoeloiltoncajuhy.com.br\/site\/andorinha-vai-ganhar-centro-de-atencao-psicossocial-caps\/","title":{"rendered":"Andorinha vai ganhar Centro de Aten\u00e7\u00e3o Psicossocial &#8211; CAPS"},"content":{"rendered":"<p><a href=\"https:\/\/i0.wp.com\/blogdoeloiltoncajuhy.com.br\/site\/wp-content\/uploads\/2018\/09\/CAPS-01.jpg\"><img data-recalc-dims=\"1\" fetchpriority=\"high\" decoding=\"async\" class=\"aligncenter size-full wp-image-28147\" src=\"https:\/\/i0.wp.com\/blogdoeloiltoncajuhy.com.br\/site\/wp-content\/uploads\/2018\/09\/CAPS-01.jpg?resize=550%2C413\" alt=\"\" width=\"550\" height=\"413\" srcset=\"https:\/\/i0.wp.com\/blogdoeloiltoncajuhy.com.br\/site\/wp-content\/uploads\/2018\/09\/CAPS-01.jpg?w=550&amp;ssl=1 550w, https:\/\/i0.wp.com\/blogdoeloiltoncajuhy.com.br\/site\/wp-content\/uploads\/2018\/09\/CAPS-01.jpg?resize=300%2C225&amp;ssl=1 300w, https:\/\/i0.wp.com\/blogdoeloiltoncajuhy.com.br\/site\/wp-content\/uploads\/2018\/09\/CAPS-01.jpg?resize=250%2C188&amp;ssl=1 250w\" sizes=\"(max-width: 550px) 100vw, 550px\" \/><\/a>A Secretaria de Sa\u00fade de Andorinha promoveu, nesta ter\u00e7a-feira (25), reuni\u00e3o intersetorial com as secretarias de Educa\u00e7\u00e3o e Assist\u00eancia Social. O tema central do encontro foi discutir a implanta\u00e7\u00e3o do Centro de Aten\u00e7\u00e3o Psicossocial (CAPS).<\/p>\n<p>Durante a reuni\u00e3o foi apresentado o projeto do CAPS que ter\u00e1 o nome de Greg\u00f3rio Viana da Silva. Tamb\u00e9m ficou definido que a unidade ser\u00e1 inaugurada no pr\u00f3ximo dia 03 de outubro.<\/p>\n<p>Pablo Campos, secret\u00e1rio municipal de Sa\u00fade falou sobre a import\u00e2ncia do novo servi\u00e7o de sa\u00fade que ser\u00e1 oferecido \u00e0 popula\u00e7\u00e3o de Andorinha. Cleidiane Bruno, Assistente Social que ser\u00e1 a Coordenadora do CAPS, fez uma explana\u00e7\u00e3o sobre como funcionar\u00e1 o centro, e Muryllo L\u00f4bo, Coordenador da Aten\u00e7\u00e3o B\u00e1sica, explicou qual a colabora\u00e7\u00e3o que a secretaria de Sa\u00fade espera das demais secretarias.<\/p>\n<p>Alem da presen\u00e7a de profissionais das tr\u00eas secretarias, tamb\u00e9m compareceram ao encontro a secretaria de Educa\u00e7\u00e3o, Lurdin\u00e9ia Guimar\u00e3es, e a secret\u00e1ria de Assist\u00eancia Social e Primeira Dama do Munic\u00edpio, Maria Helena Dias.<\/p>\n<p><em><strong><a href=\"https:\/\/i0.wp.com\/blogdoeloiltoncajuhy.com.br\/site\/wp-content\/uploads\/2018\/09\/CAPS-02.jpg\"><img data-recalc-dims=\"1\" decoding=\"async\" class=\"aligncenter size-full wp-image-28148\" src=\"https:\/\/i0.wp.com\/blogdoeloiltoncajuhy.com.br\/site\/wp-content\/uploads\/2018\/09\/CAPS-02.jpg?resize=550%2C413\" alt=\"\" width=\"550\" height=\"413\" srcset=\"https:\/\/i0.wp.com\/blogdoeloiltoncajuhy.com.br\/site\/wp-content\/uploads\/2018\/09\/CAPS-02.jpg?w=550&amp;ssl=1 550w, https:\/\/i0.wp.com\/blogdoeloiltoncajuhy.com.br\/site\/wp-content\/uploads\/2018\/09\/CAPS-02.jpg?resize=300%2C225&amp;ssl=1 300w, https:\/\/i0.wp.com\/blogdoeloiltoncajuhy.com.br\/site\/wp-content\/uploads\/2018\/09\/CAPS-02.jpg?resize=250%2C188&amp;ssl=1 250w\" sizes=\"(max-width: 550px) 100vw, 550px\" \/><\/a>*Ascom Prefeitura Municipal de Andorinha-BA<\/strong><\/em><\/p>\n","protected":false},"excerpt":{"rendered":"<p>A Secretaria de Sa\u00fade de Andorinha promoveu, nesta ter\u00e7a-feira (25), reuni\u00e3o intersetorial com as secretarias de Educa\u00e7\u00e3o e Assist\u00eancia Social. O tema central do encontro foi discutir a implanta\u00e7\u00e3o do Centro de Aten\u00e7\u00e3o Psicossocial (CAPS). Durante a reuni\u00e3o foi apresentado o projeto do CAPS que ter\u00e1 o nome de Greg\u00f3rio Viana da Silva. Tamb\u00e9m ficou [&hellip;]<\/p>\n","protected":false},"author":2,"featured_media":28148,"comment_status":"open","ping_status":"open","sticky":false,"template":"","format":"standard","meta":{"_acf_changed":false,"_monsterinsights_skip_tracking":false,"_monsterinsights_sitenote_active":false,"_monsterinsights_sitenote_note":"","_monsterinsights_sitenote_category":0,"_jetpack_memberships_contains_paid_content":false,"footnotes":"","jetpack_publicize_message":"","jetpack_publicize_feature_enabled":true,"jetpack_social_post_already_shared":true,"jetpack_social_options":{"image_generator_settings":{"template":"highway","default_image_id":0,"font":"","enabled":false},"version":2}},"categories":[1,11,7],"tags":[],"class_list":["post-28146","post","type-post","status-publish","format-standard","has-post-thumbnail","hentry","category-noticias","category-regional","category-saude"],"acf":[],"jetpack_publicize_connections":[],"jetpack_featured_media_url":"https:\/\/i0.wp.com\/blogdoeloiltoncajuhy.com.br\/site\/wp-content\/uploads\/2018\/09\/CAPS-02.jpg?fit=550%2C413&ssl=1","jetpack_sharing_enabled":true,"publishpress_future_workflow_manual_trigger":{"enabledWorkflows":[]},"_links":{"self":[{"href":"https:\/\/blogdoeloiltoncajuhy.com.br\/site\/wp-json\/wp\/v2\/posts\/28146","targetHints":{"allow":["GET"]}}],"collection":[{"href":"https:\/\/blogdoeloiltoncajuhy.com.br\/site\/wp-json\/wp\/v2\/posts"}],"about":[{"href":"https:\/\/blogdoeloiltoncajuhy.com.br\/site\/wp-json\/wp\/v2\/types\/post"}],"author":[{"embeddable":true,"href":"https:\/\/blogdoeloiltoncajuhy.com.br\/site\/wp-json\/wp\/v2\/users\/2"}],"replies":[{"embeddable":true,"href":"https:\/\/blogdoeloiltoncajuhy.com.br\/site\/wp-json\/wp\/v2\/comments?post=28146"}],"version-history":[{"count":1,"href":"https:\/\/blogdoeloiltoncajuhy.com.br\/site\/wp-json\/wp\/v2\/posts\/28146\/revisions"}],"predecessor-version":[{"id":28149,"href":"https:\/\/blogdoeloiltoncajuhy.com.br\/site\/wp-json\/wp\/v2\/posts\/28146\/revisions\/28149"}],"wp:featuredmedia":[{"embeddable":true,"href":"https:\/\/blogdoeloiltoncajuhy.com.br\/site\/wp-json\/wp\/v2\/media\/28148"}],"wp:attachment":[{"href":"https:\/\/blogdoeloiltoncajuhy.com.br\/site\/wp-json\/wp\/v2\/media?parent=28146"}],"wp:term":[{"taxonomy":"category","embeddable":true,"href":"https:\/\/blogdoeloiltoncajuhy.com.br\/site\/wp-json\/wp\/v2\/categories?post=28146"},{"taxonomy":"post_tag","embeddable":true,"href":"https:\/\/blogdoeloiltoncajuhy.com.br\/site\/wp-json\/wp\/v2\/tags?post=28146"}],"curies":[{"name":"wp","href":"https:\/\/api.w.org\/{rel}","templated":true}]}}