{"id":28143,"date":"2018-09-25T21:16:25","date_gmt":"2018-09-26T00:16:25","guid":{"rendered":"http:\/\/blogdoeloiltoncajuhy.com.br\/site\/?p=28143"},"modified":"2018-09-25T21:16:25","modified_gmt":"2018-09-26T00:16:25","slug":"prf-de-senhor-do-bonfim-recupera-caminhao-roubado","status":"publish","type":"post","link":"https:\/\/blogdoeloiltoncajuhy.com.br\/site\/prf-de-senhor-do-bonfim-recupera-caminhao-roubado\/","title":{"rendered":"PRF de Senhor do Bonfim recupera caminh\u00e3o roubado"},"content":{"rendered":"<figure id=\"attachment_28144\" aria-describedby=\"caption-attachment-28144\" style=\"width: 480px\" class=\"wp-caption aligncenter\"><a href=\"https:\/\/i0.wp.com\/blogdoeloiltoncajuhy.com.br\/site\/wp-content\/uploads\/2018\/09\/PRF_Caminh%C3%A3o-roubado.jpg\"><img data-recalc-dims=\"1\" fetchpriority=\"high\" decoding=\"async\" class=\"wp-image-28144 size-full\" src=\"https:\/\/i0.wp.com\/blogdoeloiltoncajuhy.com.br\/site\/wp-content\/uploads\/2018\/09\/PRF_Caminh%C3%A3o-roubado.jpg?resize=480%2C360\" alt=\"\" width=\"480\" height=\"360\" srcset=\"https:\/\/i0.wp.com\/blogdoeloiltoncajuhy.com.br\/site\/wp-content\/uploads\/2018\/09\/PRF_Caminh%C3%A3o-roubado.jpg?w=480&amp;ssl=1 480w, https:\/\/i0.wp.com\/blogdoeloiltoncajuhy.com.br\/site\/wp-content\/uploads\/2018\/09\/PRF_Caminh%C3%A3o-roubado.jpg?resize=300%2C225&amp;ssl=1 300w, https:\/\/i0.wp.com\/blogdoeloiltoncajuhy.com.br\/site\/wp-content\/uploads\/2018\/09\/PRF_Caminh%C3%A3o-roubado.jpg?resize=250%2C188&amp;ssl=1 250w\" sizes=\"(max-width: 480px) 100vw, 480px\" \/><\/a><figcaption id=\"caption-attachment-28144\" class=\"wp-caption-text\">Divulga\u00e7\u00e3o \/ PRF Senhor do Bonfim &#8211; BA<\/figcaption><\/figure>\n<p>Em mais uma a\u00e7\u00e3o de combate \u00e0 criminalidade, agentes da PRF &#8211; Del. 10\/04 &#8211; Senhor do Bonfim, abordaram na tarde desta ter\u00e7a-feira (25), no Km 117 da BR 407, o ve\u00edculo placa policial FKE 7070\/SP, que estava atrelado a dois semi-reboques. Ao ser feita consulta ao sistema SERPRO, constatou-se ocorr\u00eancia de FURTO\/ROUBO, para o caminh\u00e3o trator.\u00a0Diante dos fatos, o ve\u00edculo e seu condutor foram encaminhados para Delegacia de Pol\u00edcia de Senhor do Bonfim.<\/p>\n<p><strong>*BLOG DO ELOILTON CAJUHY &#8211; Com informa\u00e7\u00f5es da Delegacia PRF 10\/04 &#8211; Senhor do Bonfim-BA<\/strong><\/p>\n","protected":false},"excerpt":{"rendered":"<p>Em mais uma a\u00e7\u00e3o de combate \u00e0 criminalidade, agentes da PRF &#8211; Del. 10\/04 &#8211; Senhor do Bonfim, abordaram na tarde desta ter\u00e7a-feira (25), no Km 117 da BR 407, o ve\u00edculo placa policial FKE 7070\/SP, que estava atrelado a dois semi-reboques. Ao ser feita consulta ao sistema SERPRO, constatou-se ocorr\u00eancia de FURTO\/ROUBO, para o [&hellip;]<\/p>\n","protected":false},"author":2,"featured_media":28144,"comment_status":"open","ping_status":"open","sticky":false,"template":"","format":"standard","meta":{"_acf_changed":false,"_monsterinsights_skip_tracking":false,"_monsterinsights_sitenote_active":false,"_monsterinsights_sitenote_note":"","_monsterinsights_sitenote_category":0,"_jetpack_memberships_contains_paid_content":false,"footnotes":"","jetpack_publicize_message":"","jetpack_publicize_feature_enabled":true,"jetpack_social_post_already_shared":true,"jetpack_social_options":{"image_generator_settings":{"template":"highway","default_image_id":0,"font":"","enabled":false},"version":2}},"categories":[1,4],"tags":[],"class_list":["post-28143","post","type-post","status-publish","format-standard","has-post-thumbnail","hentry","category-noticias","category-local"],"acf":[],"jetpack_publicize_connections":[],"jetpack_featured_media_url":"https:\/\/i0.wp.com\/blogdoeloiltoncajuhy.com.br\/site\/wp-content\/uploads\/2018\/09\/PRF_Caminh%C3%A3o-roubado.jpg?fit=480%2C360&ssl=1","jetpack_sharing_enabled":true,"publishpress_future_workflow_manual_trigger":{"enabledWorkflows":[]},"_links":{"self":[{"href":"https:\/\/blogdoeloiltoncajuhy.com.br\/site\/wp-json\/wp\/v2\/posts\/28143","targetHints":{"allow":["GET"]}}],"collection":[{"href":"https:\/\/blogdoeloiltoncajuhy.com.br\/site\/wp-json\/wp\/v2\/posts"}],"about":[{"href":"https:\/\/blogdoeloiltoncajuhy.com.br\/site\/wp-json\/wp\/v2\/types\/post"}],"author":[{"embeddable":true,"href":"https:\/\/blogdoeloiltoncajuhy.com.br\/site\/wp-json\/wp\/v2\/users\/2"}],"replies":[{"embeddable":true,"href":"https:\/\/blogdoeloiltoncajuhy.com.br\/site\/wp-json\/wp\/v2\/comments?post=28143"}],"version-history":[{"count":1,"href":"https:\/\/blogdoeloiltoncajuhy.com.br\/site\/wp-json\/wp\/v2\/posts\/28143\/revisions"}],"predecessor-version":[{"id":28145,"href":"https:\/\/blogdoeloiltoncajuhy.com.br\/site\/wp-json\/wp\/v2\/posts\/28143\/revisions\/28145"}],"wp:featuredmedia":[{"embeddable":true,"href":"https:\/\/blogdoeloiltoncajuhy.com.br\/site\/wp-json\/wp\/v2\/media\/28144"}],"wp:attachment":[{"href":"https:\/\/blogdoeloiltoncajuhy.com.br\/site\/wp-json\/wp\/v2\/media?parent=28143"}],"wp:term":[{"taxonomy":"category","embeddable":true,"href":"https:\/\/blogdoeloiltoncajuhy.com.br\/site\/wp-json\/wp\/v2\/categories?post=28143"},{"taxonomy":"post_tag","embeddable":true,"href":"https:\/\/blogdoeloiltoncajuhy.com.br\/site\/wp-json\/wp\/v2\/tags?post=28143"}],"curies":[{"name":"wp","href":"https:\/\/api.w.org\/{rel}","templated":true}]}}