{"id":28125,"date":"2018-09-25T10:38:04","date_gmt":"2018-09-25T13:38:04","guid":{"rendered":"http:\/\/blogdoeloiltoncajuhy.com.br\/site\/?p=28125"},"modified":"2018-09-25T10:38:04","modified_gmt":"2018-09-25T13:38:04","slug":"idoso-e-preso-suspeito-de-estuprar-menina-de-8-anos-mae-da-vitima-flagrou-crime","status":"publish","type":"post","link":"https:\/\/blogdoeloiltoncajuhy.com.br\/site\/idoso-e-preso-suspeito-de-estuprar-menina-de-8-anos-mae-da-vitima-flagrou-crime\/","title":{"rendered":"Idoso \u00e9 preso suspeito de estuprar menina de 8 anos; m\u00e3e da v\u00edtima flagrou crime"},"content":{"rendered":"<h5 style=\"text-align: center;\"><em>Suspeito, que \u00e9 ex-padrasto da m\u00e3e da v\u00edtima, nega as acusa\u00e7\u00f5es; caso aconteceu em Teixeira de Freitas<\/em><\/h5>\n<p><a href=\"https:\/\/i0.wp.com\/blogdoeloiltoncajuhy.com.br\/site\/wp-content\/uploads\/2015\/12\/pol%C3%ADcia.jpg\"><img data-recalc-dims=\"1\" fetchpriority=\"high\" decoding=\"async\" class=\"aligncenter wp-image-6606\" src=\"https:\/\/i0.wp.com\/blogdoeloiltoncajuhy.com.br\/site\/wp-content\/uploads\/2015\/12\/pol%C3%ADcia.jpg?resize=460%2C323\" alt=\"\" width=\"460\" height=\"323\" srcset=\"https:\/\/i0.wp.com\/blogdoeloiltoncajuhy.com.br\/site\/wp-content\/uploads\/2015\/12\/pol%C3%ADcia.jpg?w=385&amp;ssl=1 385w, https:\/\/i0.wp.com\/blogdoeloiltoncajuhy.com.br\/site\/wp-content\/uploads\/2015\/12\/pol%C3%ADcia.jpg?resize=300%2C210&amp;ssl=1 300w, https:\/\/i0.wp.com\/blogdoeloiltoncajuhy.com.br\/site\/wp-content\/uploads\/2015\/12\/pol%C3%ADcia.jpg?resize=250%2C175&amp;ssl=1 250w\" sizes=\"(max-width: 460px) 100vw, 460px\" \/><\/a>Um idoso de 67 anos foi preso por suspeita de estuprar uma menina de 8 anos em Teixeira de Freitas, no sul da Bahia. O crime aconteceu na tarde de domingo (23).<\/p>\n<p>De acordo com a Pol\u00edcia Civil, a m\u00e3e da crian\u00e7a saiu de casa por alguns minutos e, quando voltou, encontrou o ex-padrasto dela com as cal\u00e7as no meio das pernas e cometendo o abuso contra a menina.<\/p>\n<p>O idoso foi preso e deve passar por audi\u00eancia de cust\u00f3dia nesta ter\u00e7a-feira (25). Ele nega todas as acusa\u00e7\u00f5es. A crian\u00e7a v\u00edtima do estupro passou por exames e vai ser ouvida nesta ter\u00e7a.<\/p>\n<p><em><strong>*Por TV Santa Cruz<\/strong><\/em><\/p>\n","protected":false},"excerpt":{"rendered":"<p>Suspeito, que \u00e9 ex-padrasto da m\u00e3e da v\u00edtima, nega as acusa\u00e7\u00f5es; caso aconteceu em Teixeira de Freitas Um idoso de 67 anos foi preso por suspeita de estuprar uma menina de 8 anos em Teixeira de Freitas, no sul da Bahia. O crime aconteceu na tarde de domingo (23). De acordo com a Pol\u00edcia Civil, [&hellip;]<\/p>\n","protected":false},"author":2,"featured_media":0,"comment_status":"open","ping_status":"open","sticky":false,"template":"","format":"standard","meta":{"_acf_changed":false,"_monsterinsights_skip_tracking":false,"_monsterinsights_sitenote_active":false,"_monsterinsights_sitenote_note":"","_monsterinsights_sitenote_category":0,"_jetpack_memberships_contains_paid_content":false,"footnotes":"","jetpack_publicize_message":"","jetpack_publicize_feature_enabled":true,"jetpack_social_post_already_shared":true,"jetpack_social_options":{"image_generator_settings":{"template":"highway","default_image_id":0,"font":"","enabled":false},"version":2}},"categories":[5,1],"tags":[],"class_list":["post-28125","post","type-post","status-publish","format-standard","hentry","category-cotidiano","category-noticias"],"acf":[],"jetpack_publicize_connections":[],"jetpack_featured_media_url":"","jetpack_sharing_enabled":true,"publishpress_future_workflow_manual_trigger":{"enabledWorkflows":[]},"_links":{"self":[{"href":"https:\/\/blogdoeloiltoncajuhy.com.br\/site\/wp-json\/wp\/v2\/posts\/28125","targetHints":{"allow":["GET"]}}],"collection":[{"href":"https:\/\/blogdoeloiltoncajuhy.com.br\/site\/wp-json\/wp\/v2\/posts"}],"about":[{"href":"https:\/\/blogdoeloiltoncajuhy.com.br\/site\/wp-json\/wp\/v2\/types\/post"}],"author":[{"embeddable":true,"href":"https:\/\/blogdoeloiltoncajuhy.com.br\/site\/wp-json\/wp\/v2\/users\/2"}],"replies":[{"embeddable":true,"href":"https:\/\/blogdoeloiltoncajuhy.com.br\/site\/wp-json\/wp\/v2\/comments?post=28125"}],"version-history":[{"count":1,"href":"https:\/\/blogdoeloiltoncajuhy.com.br\/site\/wp-json\/wp\/v2\/posts\/28125\/revisions"}],"predecessor-version":[{"id":28126,"href":"https:\/\/blogdoeloiltoncajuhy.com.br\/site\/wp-json\/wp\/v2\/posts\/28125\/revisions\/28126"}],"wp:attachment":[{"href":"https:\/\/blogdoeloiltoncajuhy.com.br\/site\/wp-json\/wp\/v2\/media?parent=28125"}],"wp:term":[{"taxonomy":"category","embeddable":true,"href":"https:\/\/blogdoeloiltoncajuhy.com.br\/site\/wp-json\/wp\/v2\/categories?post=28125"},{"taxonomy":"post_tag","embeddable":true,"href":"https:\/\/blogdoeloiltoncajuhy.com.br\/site\/wp-json\/wp\/v2\/tags?post=28125"}],"curies":[{"name":"wp","href":"https:\/\/api.w.org\/{rel}","templated":true}]}}