{"id":28122,"date":"2018-09-25T09:05:06","date_gmt":"2018-09-25T12:05:06","guid":{"rendered":"http:\/\/blogdoeloiltoncajuhy.com.br\/site\/?p=28122"},"modified":"2018-09-25T09:05:06","modified_gmt":"2018-09-25T12:05:06","slug":"ciclista-bonfinense-sobe-ao-podio-em-vitoria-da-conquista-e-permanece-na-lideranca-do-ranking-estadual","status":"publish","type":"post","link":"https:\/\/blogdoeloiltoncajuhy.com.br\/site\/ciclista-bonfinense-sobe-ao-podio-em-vitoria-da-conquista-e-permanece-na-lideranca-do-ranking-estadual\/","title":{"rendered":"Ciclista bonfinense sobe ao p\u00f3dio em Vit\u00f3ria da Conquista e permanece na lideran\u00e7a do ranking estadual"},"content":{"rendered":"<p><a href=\"https:\/\/i0.wp.com\/blogdoeloiltoncajuhy.com.br\/site\/wp-content\/uploads\/2018\/09\/regi-vitoria-conquista.jpg\"><img data-recalc-dims=\"1\" fetchpriority=\"high\" decoding=\"async\" class=\"aligncenter size-full wp-image-28123\" src=\"https:\/\/i0.wp.com\/blogdoeloiltoncajuhy.com.br\/site\/wp-content\/uploads\/2018\/09\/regi-vitoria-conquista.jpg?resize=240%2C400\" alt=\"\" width=\"240\" height=\"400\" srcset=\"https:\/\/i0.wp.com\/blogdoeloiltoncajuhy.com.br\/site\/wp-content\/uploads\/2018\/09\/regi-vitoria-conquista.jpg?w=240&amp;ssl=1 240w, https:\/\/i0.wp.com\/blogdoeloiltoncajuhy.com.br\/site\/wp-content\/uploads\/2018\/09\/regi-vitoria-conquista.jpg?resize=180%2C300&amp;ssl=1 180w, https:\/\/i0.wp.com\/blogdoeloiltoncajuhy.com.br\/site\/wp-content\/uploads\/2018\/09\/regi-vitoria-conquista.jpg?resize=150%2C250&amp;ssl=1 150w\" sizes=\"(max-width: 240px) 100vw, 240px\" \/><\/a>No \u00faltimo domingo (24) foi realizado na cidade baiana de Vit\u00f3ria da Conquista o 10\u00b0 Desafio Calangos, contando pontos para os rankings estadual e nacional. Foi um percurso de 80 KM, com sol forte, muitos trechos de t\u00e9cnica, areia e subidas pesadas.<\/p>\n<p>O ciclista\u00a0<strong>Regivaldo Moreira, \u201cR\u00e9gis\u201d<\/strong>, chegou em 2\u00b0 lugar na sua categoria, e segue l\u00edder no Ranking Estadual, al\u00e9m de ter somado pontos no Ranking Nacional, onde ocupa atualmente a 6\u00b0 coloca\u00e7\u00e3o.<\/p>\n<p><strong>*BLOG DO ELOILTON CAJUHY<\/strong><\/p>\n","protected":false},"excerpt":{"rendered":"<p>No \u00faltimo domingo (24) foi realizado na cidade baiana de Vit\u00f3ria da Conquista o 10\u00b0 Desafio Calangos, contando pontos para os rankings estadual e nacional. Foi um percurso de 80 KM, com sol forte, muitos trechos de t\u00e9cnica, areia e subidas pesadas. O ciclista\u00a0Regivaldo Moreira, \u201cR\u00e9gis\u201d, chegou em 2\u00b0 lugar na sua categoria, e segue [&hellip;]<\/p>\n","protected":false},"author":2,"featured_media":28123,"comment_status":"open","ping_status":"open","sticky":false,"template":"","format":"standard","meta":{"_acf_changed":false,"_monsterinsights_skip_tracking":false,"_monsterinsights_sitenote_active":false,"_monsterinsights_sitenote_note":"","_monsterinsights_sitenote_category":0,"_jetpack_memberships_contains_paid_content":false,"footnotes":"","jetpack_publicize_message":"","jetpack_publicize_feature_enabled":true,"jetpack_social_post_already_shared":true,"jetpack_social_options":{"image_generator_settings":{"template":"highway","default_image_id":0,"font":"","enabled":false},"version":2}},"categories":[6,1,4],"tags":[],"class_list":["post-28122","post","type-post","status-publish","format-standard","has-post-thumbnail","hentry","category-esportes","category-noticias","category-local"],"acf":[],"jetpack_publicize_connections":[],"jetpack_featured_media_url":"https:\/\/i0.wp.com\/blogdoeloiltoncajuhy.com.br\/site\/wp-content\/uploads\/2018\/09\/regi-vitoria-conquista.jpg?fit=240%2C400&ssl=1","jetpack_sharing_enabled":true,"publishpress_future_workflow_manual_trigger":{"enabledWorkflows":[]},"_links":{"self":[{"href":"https:\/\/blogdoeloiltoncajuhy.com.br\/site\/wp-json\/wp\/v2\/posts\/28122","targetHints":{"allow":["GET"]}}],"collection":[{"href":"https:\/\/blogdoeloiltoncajuhy.com.br\/site\/wp-json\/wp\/v2\/posts"}],"about":[{"href":"https:\/\/blogdoeloiltoncajuhy.com.br\/site\/wp-json\/wp\/v2\/types\/post"}],"author":[{"embeddable":true,"href":"https:\/\/blogdoeloiltoncajuhy.com.br\/site\/wp-json\/wp\/v2\/users\/2"}],"replies":[{"embeddable":true,"href":"https:\/\/blogdoeloiltoncajuhy.com.br\/site\/wp-json\/wp\/v2\/comments?post=28122"}],"version-history":[{"count":1,"href":"https:\/\/blogdoeloiltoncajuhy.com.br\/site\/wp-json\/wp\/v2\/posts\/28122\/revisions"}],"predecessor-version":[{"id":28124,"href":"https:\/\/blogdoeloiltoncajuhy.com.br\/site\/wp-json\/wp\/v2\/posts\/28122\/revisions\/28124"}],"wp:featuredmedia":[{"embeddable":true,"href":"https:\/\/blogdoeloiltoncajuhy.com.br\/site\/wp-json\/wp\/v2\/media\/28123"}],"wp:attachment":[{"href":"https:\/\/blogdoeloiltoncajuhy.com.br\/site\/wp-json\/wp\/v2\/media?parent=28122"}],"wp:term":[{"taxonomy":"category","embeddable":true,"href":"https:\/\/blogdoeloiltoncajuhy.com.br\/site\/wp-json\/wp\/v2\/categories?post=28122"},{"taxonomy":"post_tag","embeddable":true,"href":"https:\/\/blogdoeloiltoncajuhy.com.br\/site\/wp-json\/wp\/v2\/tags?post=28122"}],"curies":[{"name":"wp","href":"https:\/\/api.w.org\/{rel}","templated":true}]}}