{"id":28116,"date":"2018-09-25T08:51:47","date_gmt":"2018-09-25T11:51:47","guid":{"rendered":"http:\/\/blogdoeloiltoncajuhy.com.br\/site\/?p=28116"},"modified":"2018-09-25T08:52:51","modified_gmt":"2018-09-25T11:52:51","slug":"virou-rotina-presos-fogem-do-complexo-policial-de-senhor-do-bonfim","status":"publish","type":"post","link":"https:\/\/blogdoeloiltoncajuhy.com.br\/site\/virou-rotina-presos-fogem-do-complexo-policial-de-senhor-do-bonfim\/","title":{"rendered":"Virou rotina: Presos fogem do Complexo Policial de Senhor do Bonfim"},"content":{"rendered":"<p><a href=\"https:\/\/i0.wp.com\/blogdoeloiltoncajuhy.com.br\/site\/wp-content\/uploads\/2018\/09\/fuga-presos_set-2018-01.jpg\"><img data-recalc-dims=\"1\" fetchpriority=\"high\" decoding=\"async\" class=\"aligncenter size-full wp-image-28117\" src=\"https:\/\/i0.wp.com\/blogdoeloiltoncajuhy.com.br\/site\/wp-content\/uploads\/2018\/09\/fuga-presos_set-2018-01.jpg?resize=270%2C480\" alt=\"\" width=\"270\" height=\"480\" srcset=\"https:\/\/i0.wp.com\/blogdoeloiltoncajuhy.com.br\/site\/wp-content\/uploads\/2018\/09\/fuga-presos_set-2018-01.jpg?w=270&amp;ssl=1 270w, https:\/\/i0.wp.com\/blogdoeloiltoncajuhy.com.br\/site\/wp-content\/uploads\/2018\/09\/fuga-presos_set-2018-01.jpg?resize=169%2C300&amp;ssl=1 169w, https:\/\/i0.wp.com\/blogdoeloiltoncajuhy.com.br\/site\/wp-content\/uploads\/2018\/09\/fuga-presos_set-2018-01.jpg?resize=141%2C250&amp;ssl=1 141w\" sizes=\"(max-width: 270px) 100vw, 270px\" \/><\/a>E continua a rotina no fragilizado Complexo Policial de Senhor do Bonfim: Tr\u00eas presos fugiram da pris\u00e3o na noite desta segunda-feira (24), utilizando a tradicional &#8220;Tereza&#8221; &#8211; corda confeccionada pelos detentos com os len\u00e7\u00f3is do pres\u00eddio.<\/p>\n<p><a href=\"https:\/\/i0.wp.com\/blogdoeloiltoncajuhy.com.br\/site\/wp-content\/uploads\/2018\/09\/fuga-presos_set-2018-02.jpg\"><img data-recalc-dims=\"1\" decoding=\"async\" class=\"aligncenter size-full wp-image-28118\" src=\"https:\/\/i0.wp.com\/blogdoeloiltoncajuhy.com.br\/site\/wp-content\/uploads\/2018\/09\/fuga-presos_set-2018-02.jpg?resize=270%2C480\" alt=\"\" width=\"270\" height=\"480\" srcset=\"https:\/\/i0.wp.com\/blogdoeloiltoncajuhy.com.br\/site\/wp-content\/uploads\/2018\/09\/fuga-presos_set-2018-02.jpg?w=270&amp;ssl=1 270w, https:\/\/i0.wp.com\/blogdoeloiltoncajuhy.com.br\/site\/wp-content\/uploads\/2018\/09\/fuga-presos_set-2018-02.jpg?resize=169%2C300&amp;ssl=1 169w, https:\/\/i0.wp.com\/blogdoeloiltoncajuhy.com.br\/site\/wp-content\/uploads\/2018\/09\/fuga-presos_set-2018-02.jpg?resize=141%2C250&amp;ssl=1 141w\" sizes=\"(max-width: 270px) 100vw, 270px\" \/><\/a>De acordo com informa\u00e7\u00f5es da Pol\u00edcia Civil, fugiram os detentos C\u00e9sar Augusto Sales, Igor Pereira Santos e Naion Everton dos Santos, este \u00faltimo preso em 17 de setembro ap\u00f3s cometer uma s\u00e9rie de a\u00e7\u00f5es criminosas: ele \u00e9 acusado de roubar o celular de uma mulher na Pra\u00e7a Nova do Congresso, arrombar uma carreta, invadir uma casa atr\u00e1s de um motel e ferir um motorista que trafegava pela Rodovia Lomanto Jr., BR-407, ao arremessar uma pedra contra o ve\u00edculo que ele dirigia.<\/p>\n<p>A v\u00edtima foi socorrida para a UPA de Senhor do Bonfim e depois, devido ao seu estado de sa\u00fade, foi transferida para um hospital do Vale do S\u00e3o Francisco. At\u00e9 o fechamento desta mat\u00e9ria, nenhum dos fugitivos havia sido recapturado.<\/p>\n<p><strong><a href=\"https:\/\/i0.wp.com\/blogdoeloiltoncajuhy.com.br\/site\/wp-content\/uploads\/2018\/09\/fuga-presos_set-2018-03.jpg\"><img data-recalc-dims=\"1\" decoding=\"async\" class=\"aligncenter size-full wp-image-28119\" src=\"https:\/\/i0.wp.com\/blogdoeloiltoncajuhy.com.br\/site\/wp-content\/uploads\/2018\/09\/fuga-presos_set-2018-03.jpg?resize=364%2C480\" alt=\"\" width=\"364\" height=\"480\" srcset=\"https:\/\/i0.wp.com\/blogdoeloiltoncajuhy.com.br\/site\/wp-content\/uploads\/2018\/09\/fuga-presos_set-2018-03.jpg?w=364&amp;ssl=1 364w, https:\/\/i0.wp.com\/blogdoeloiltoncajuhy.com.br\/site\/wp-content\/uploads\/2018\/09\/fuga-presos_set-2018-03.jpg?resize=228%2C300&amp;ssl=1 228w, https:\/\/i0.wp.com\/blogdoeloiltoncajuhy.com.br\/site\/wp-content\/uploads\/2018\/09\/fuga-presos_set-2018-03.jpg?resize=190%2C250&amp;ssl=1 190w\" sizes=\"(max-width: 364px) 100vw, 364px\" \/><\/a>*BLOG DO ELOILTON CAJUHY<br \/>\n<em>**Fotos: Divulga\u00e7\u00e3o Pol\u00edcia Civil<\/em><\/strong><\/p>\n","protected":false},"excerpt":{"rendered":"<p>E continua a rotina no fragilizado Complexo Policial de Senhor do Bonfim: Tr\u00eas presos fugiram da pris\u00e3o na noite desta segunda-feira (24), utilizando a tradicional &#8220;Tereza&#8221; &#8211; corda confeccionada pelos detentos com os len\u00e7\u00f3is do pres\u00eddio. De acordo com informa\u00e7\u00f5es da Pol\u00edcia Civil, fugiram os detentos C\u00e9sar Augusto Sales, Igor Pereira Santos e Naion Everton [&hellip;]<\/p>\n","protected":false},"author":2,"featured_media":28119,"comment_status":"open","ping_status":"open","sticky":false,"template":"","format":"standard","meta":{"_acf_changed":false,"_monsterinsights_skip_tracking":false,"_monsterinsights_sitenote_active":false,"_monsterinsights_sitenote_note":"","_monsterinsights_sitenote_category":0,"_jetpack_memberships_contains_paid_content":false,"footnotes":"","jetpack_publicize_message":"","jetpack_publicize_feature_enabled":true,"jetpack_social_post_already_shared":true,"jetpack_social_options":{"image_generator_settings":{"template":"highway","default_image_id":0,"font":"","enabled":false},"version":2}},"categories":[5,1,4],"tags":[],"class_list":["post-28116","post","type-post","status-publish","format-standard","has-post-thumbnail","hentry","category-cotidiano","category-noticias","category-local"],"acf":[],"jetpack_publicize_connections":[],"jetpack_featured_media_url":"https:\/\/i0.wp.com\/blogdoeloiltoncajuhy.com.br\/site\/wp-content\/uploads\/2018\/09\/fuga-presos_set-2018-03.jpg?fit=364%2C480&ssl=1","jetpack_sharing_enabled":true,"publishpress_future_workflow_manual_trigger":{"enabledWorkflows":[]},"_links":{"self":[{"href":"https:\/\/blogdoeloiltoncajuhy.com.br\/site\/wp-json\/wp\/v2\/posts\/28116","targetHints":{"allow":["GET"]}}],"collection":[{"href":"https:\/\/blogdoeloiltoncajuhy.com.br\/site\/wp-json\/wp\/v2\/posts"}],"about":[{"href":"https:\/\/blogdoeloiltoncajuhy.com.br\/site\/wp-json\/wp\/v2\/types\/post"}],"author":[{"embeddable":true,"href":"https:\/\/blogdoeloiltoncajuhy.com.br\/site\/wp-json\/wp\/v2\/users\/2"}],"replies":[{"embeddable":true,"href":"https:\/\/blogdoeloiltoncajuhy.com.br\/site\/wp-json\/wp\/v2\/comments?post=28116"}],"version-history":[{"count":2,"href":"https:\/\/blogdoeloiltoncajuhy.com.br\/site\/wp-json\/wp\/v2\/posts\/28116\/revisions"}],"predecessor-version":[{"id":28121,"href":"https:\/\/blogdoeloiltoncajuhy.com.br\/site\/wp-json\/wp\/v2\/posts\/28116\/revisions\/28121"}],"wp:featuredmedia":[{"embeddable":true,"href":"https:\/\/blogdoeloiltoncajuhy.com.br\/site\/wp-json\/wp\/v2\/media\/28119"}],"wp:attachment":[{"href":"https:\/\/blogdoeloiltoncajuhy.com.br\/site\/wp-json\/wp\/v2\/media?parent=28116"}],"wp:term":[{"taxonomy":"category","embeddable":true,"href":"https:\/\/blogdoeloiltoncajuhy.com.br\/site\/wp-json\/wp\/v2\/categories?post=28116"},{"taxonomy":"post_tag","embeddable":true,"href":"https:\/\/blogdoeloiltoncajuhy.com.br\/site\/wp-json\/wp\/v2\/tags?post=28116"}],"curies":[{"name":"wp","href":"https:\/\/api.w.org\/{rel}","templated":true}]}}