{"id":28108,"date":"2018-09-24T19:16:38","date_gmt":"2018-09-24T22:16:38","guid":{"rendered":"http:\/\/blogdoeloiltoncajuhy.com.br\/site\/?p=28108"},"modified":"2018-09-24T19:16:38","modified_gmt":"2018-09-24T22:16:38","slug":"pessoa-que-cometer-crime-contra-conjuge-perdera-a-guarda-dos-filhos","status":"publish","type":"post","link":"https:\/\/blogdoeloiltoncajuhy.com.br\/site\/pessoa-que-cometer-crime-contra-conjuge-perdera-a-guarda-dos-filhos\/","title":{"rendered":"Pessoa que cometer crime contra c\u00f4njuge perder\u00e1 a guarda dos filhos"},"content":{"rendered":"<h5 style=\"text-align: center;\"><em>Foi sancionada nesta segunda-feira (24) a proposta que amplia as hip\u00f3teses de perda desse poder na lei<\/em><\/h5>\n<figure id=\"attachment_28109\" aria-describedby=\"caption-attachment-28109\" style=\"width: 596px\" class=\"wp-caption aligncenter\"><a href=\"https:\/\/i0.wp.com\/blogdoeloiltoncajuhy.com.br\/site\/wp-content\/uploads\/2018\/09\/pessoa-que-mata-conjuge.jpeg\"><img data-recalc-dims=\"1\" fetchpriority=\"high\" decoding=\"async\" class=\"wp-image-28109 size-full\" src=\"https:\/\/i0.wp.com\/blogdoeloiltoncajuhy.com.br\/site\/wp-content\/uploads\/2018\/09\/pessoa-que-mata-conjuge.jpeg?resize=596%2C399\" alt=\"\" width=\"596\" height=\"399\" srcset=\"https:\/\/i0.wp.com\/blogdoeloiltoncajuhy.com.br\/site\/wp-content\/uploads\/2018\/09\/pessoa-que-mata-conjuge.jpeg?w=596&amp;ssl=1 596w, https:\/\/i0.wp.com\/blogdoeloiltoncajuhy.com.br\/site\/wp-content\/uploads\/2018\/09\/pessoa-que-mata-conjuge.jpeg?resize=300%2C201&amp;ssl=1 300w, https:\/\/i0.wp.com\/blogdoeloiltoncajuhy.com.br\/site\/wp-content\/uploads\/2018\/09\/pessoa-que-mata-conjuge.jpeg?resize=250%2C167&amp;ssl=1 250w\" sizes=\"(max-width: 596px) 100vw, 596px\" \/><\/a><figcaption id=\"caption-attachment-28109\" class=\"wp-caption-text\">Pessoa que cometer crime contra c\u00f4njuge perder\u00e1 a guarda dos filhos (Foto: BrianAJackson\/istockphoto)<\/figcaption><\/figure>\n<p>Sabe aquela hist\u00f3ria do homem que mata a mulher e ainda fica com os filhos? Ou da mulher que assassina o marido, mas tamb\u00e9m permanece com as crian\u00e7as? Essas situa\u00e7\u00f5es podem acabar. Virou lei um projeto aprovado no Senado, no come\u00e7o de agosto, que amplia a perda do poder familiar prevista no C\u00f3digo Penal.<\/p>\n<p>Segundo a nova legisla\u00e7\u00e3o, quem comete crimes intencionais, os chamados dolosos e que s\u00e3o sujeitos a pena de pris\u00e3o, contra descendentes, como netos, ou contra a pessoa que det\u00e9m igual poder familiar ao do condenado, n\u00e3o ter\u00e1 o direito de ficar com a guarda dos menores. A senadora Marta Suplicy explicou que apesar de simples, a mudan\u00e7a \u00e9 bastante efetiva.<\/p>\n<p>&#8220;<em>Ele pro\u00edbe que algu\u00e9m condenado por um crime doloso continue com o poder p\u00e1trio, porque n\u00e3o faz nenhum sentido uma pessoa que mata a mulher continuar com o poder p\u00e1trio sobre os filhos \u2013 ou qualquer crime de viol\u00eancia contra a pessoa que compartilha com ele a tutela daquelas crian\u00e7as, adolescentes ou fam\u00edlia<\/em>&#8220;, disse a Senadora.<\/p>\n<p>Marta Suplicy acrescentou que a nova lei traz uma mensagem clara aos assassinos: &#8220;<em>eles n\u00e3o t\u00eam condi\u00e7\u00f5es morais para criar e educar os filhos que tiveram com as v\u00edtimas<\/em>&#8220;.<\/p>\n<p><em><strong>*Larissa Bortoni \/ R\u00e1dio Senado<\/strong><\/em><\/p>\n","protected":false},"excerpt":{"rendered":"<p>Foi sancionada nesta segunda-feira (24) a proposta que amplia as hip\u00f3teses de perda desse poder na lei Sabe aquela hist\u00f3ria do homem que mata a mulher e ainda fica com os filhos? Ou da mulher que assassina o marido, mas tamb\u00e9m permanece com as crian\u00e7as? Essas situa\u00e7\u00f5es podem acabar. Virou lei um projeto aprovado no [&hellip;]<\/p>\n","protected":false},"author":2,"featured_media":28109,"comment_status":"open","ping_status":"open","sticky":false,"template":"","format":"standard","meta":{"_acf_changed":false,"_monsterinsights_skip_tracking":false,"_monsterinsights_sitenote_active":false,"_monsterinsights_sitenote_note":"","_monsterinsights_sitenote_category":0,"_jetpack_memberships_contains_paid_content":false,"footnotes":"","jetpack_publicize_message":"","jetpack_publicize_feature_enabled":true,"jetpack_social_post_already_shared":true,"jetpack_social_options":{"image_generator_settings":{"template":"highway","default_image_id":0,"font":"","enabled":false},"version":2}},"categories":[5,1,3],"tags":[],"class_list":["post-28108","post","type-post","status-publish","format-standard","has-post-thumbnail","hentry","category-cotidiano","category-noticias","category-politica"],"acf":[],"jetpack_publicize_connections":[],"jetpack_featured_media_url":"https:\/\/i0.wp.com\/blogdoeloiltoncajuhy.com.br\/site\/wp-content\/uploads\/2018\/09\/pessoa-que-mata-conjuge.jpeg?fit=596%2C399&ssl=1","jetpack_sharing_enabled":true,"publishpress_future_workflow_manual_trigger":{"enabledWorkflows":[]},"_links":{"self":[{"href":"https:\/\/blogdoeloiltoncajuhy.com.br\/site\/wp-json\/wp\/v2\/posts\/28108","targetHints":{"allow":["GET"]}}],"collection":[{"href":"https:\/\/blogdoeloiltoncajuhy.com.br\/site\/wp-json\/wp\/v2\/posts"}],"about":[{"href":"https:\/\/blogdoeloiltoncajuhy.com.br\/site\/wp-json\/wp\/v2\/types\/post"}],"author":[{"embeddable":true,"href":"https:\/\/blogdoeloiltoncajuhy.com.br\/site\/wp-json\/wp\/v2\/users\/2"}],"replies":[{"embeddable":true,"href":"https:\/\/blogdoeloiltoncajuhy.com.br\/site\/wp-json\/wp\/v2\/comments?post=28108"}],"version-history":[{"count":1,"href":"https:\/\/blogdoeloiltoncajuhy.com.br\/site\/wp-json\/wp\/v2\/posts\/28108\/revisions"}],"predecessor-version":[{"id":28110,"href":"https:\/\/blogdoeloiltoncajuhy.com.br\/site\/wp-json\/wp\/v2\/posts\/28108\/revisions\/28110"}],"wp:featuredmedia":[{"embeddable":true,"href":"https:\/\/blogdoeloiltoncajuhy.com.br\/site\/wp-json\/wp\/v2\/media\/28109"}],"wp:attachment":[{"href":"https:\/\/blogdoeloiltoncajuhy.com.br\/site\/wp-json\/wp\/v2\/media?parent=28108"}],"wp:term":[{"taxonomy":"category","embeddable":true,"href":"https:\/\/blogdoeloiltoncajuhy.com.br\/site\/wp-json\/wp\/v2\/categories?post=28108"},{"taxonomy":"post_tag","embeddable":true,"href":"https:\/\/blogdoeloiltoncajuhy.com.br\/site\/wp-json\/wp\/v2\/tags?post=28108"}],"curies":[{"name":"wp","href":"https:\/\/api.w.org\/{rel}","templated":true}]}}