{"id":28105,"date":"2018-09-24T19:04:26","date_gmt":"2018-09-24T22:04:26","guid":{"rendered":"http:\/\/blogdoeloiltoncajuhy.com.br\/site\/?p=28105"},"modified":"2018-09-24T19:04:26","modified_gmt":"2018-09-24T22:04:26","slug":"pena-de-estupro-coletivo-fica-maior","status":"publish","type":"post","link":"https:\/\/blogdoeloiltoncajuhy.com.br\/site\/pena-de-estupro-coletivo-fica-maior\/","title":{"rendered":"Pena de estupro coletivo fica maior"},"content":{"rendered":"<h5 style=\"text-align: center;\"><em>Foi sancionado o projeto aprovado em agosto no Senado que aumenta a pena para o estupro coletivo. O texto tamb\u00e9m torna crime a importuna\u00e7\u00e3o sexual, a chamada vingan\u00e7a pornogr\u00e1fica e a divulga\u00e7\u00e3o de cenas de estupro<\/em><\/h5>\n<figure id=\"attachment_28106\" aria-describedby=\"caption-attachment-28106\" style=\"width: 600px\" class=\"wp-caption aligncenter\"><a href=\"https:\/\/i0.wp.com\/blogdoeloiltoncajuhy.com.br\/site\/wp-content\/uploads\/2018\/09\/aumenta-punicao-estupro-coletivo.jpeg\"><img data-recalc-dims=\"1\" fetchpriority=\"high\" decoding=\"async\" class=\"wp-image-28106 size-full\" src=\"https:\/\/i0.wp.com\/blogdoeloiltoncajuhy.com.br\/site\/wp-content\/uploads\/2018\/09\/aumenta-punicao-estupro-coletivo.jpeg?resize=600%2C375\" alt=\"\" width=\"600\" height=\"375\" srcset=\"https:\/\/i0.wp.com\/blogdoeloiltoncajuhy.com.br\/site\/wp-content\/uploads\/2018\/09\/aumenta-punicao-estupro-coletivo.jpeg?w=600&amp;ssl=1 600w, https:\/\/i0.wp.com\/blogdoeloiltoncajuhy.com.br\/site\/wp-content\/uploads\/2018\/09\/aumenta-punicao-estupro-coletivo.jpeg?resize=300%2C188&amp;ssl=1 300w, https:\/\/i0.wp.com\/blogdoeloiltoncajuhy.com.br\/site\/wp-content\/uploads\/2018\/09\/aumenta-punicao-estupro-coletivo.jpeg?resize=250%2C156&amp;ssl=1 250w\" sizes=\"(max-width: 600px) 100vw, 600px\" \/><\/a><figcaption id=\"caption-attachment-28106\" class=\"wp-caption-text\">As novas puni\u00e7\u00f5es est\u00e3o previstas em projeto aprovado pelo Senado e sancionado nesta segunda-feira, 24 (Foto: saopaulo.sp.gov.br)<\/figcaption><\/figure>\n<p>Duas not\u00edcias recentes chocaram o pa\u00eds. Uma foi h\u00e1 dois anos quando uma adolescente de 16 anos, moradora do Rio de Janeiro, foi estuprada por v\u00e1rios homens. As imagens da viol\u00eancia foram parar na internet. A lei sancionada define como estupro coletivo aquele cometido por mais de uma pessoa e a puni\u00e7\u00e3o pode ser at\u00e9 dois ter\u00e7os maior do que a atualmente prevista no C\u00f3digo Penal, ou seja at\u00e9 16 anos de pris\u00e3o.<\/p>\n<p>Ao defender a proposta, votada no Senado em agosto, Vanessa Grazziotin, do PC do B do Amazonas, lembrou que a puni\u00e7\u00e3o tamb\u00e9m fica mais r\u00edgida para quem divulga imagens de crimes sexuais. &#8220;<em>Crime b\u00e1rbaro, que, infelizmente, tem crescido muito em nosso Pa\u00eds. Segundo, tamb\u00e9m prev\u00ea a puni\u00e7\u00e3o da divulga\u00e7\u00e3o de atos de estupro ou de cenas sexuais sem autoriza\u00e7\u00e3o da mulher ou de quem est\u00e1 sendo desrespeitado<\/em>&#8220;.<\/p>\n<p>Outro delito sexual que muito repercutiu est\u00e1 relacionado a homens que se masturbaram e ejacularam em mulheres em \u00f4nibus. Para punir essas pessoas, a legisla\u00e7\u00e3o define como importuna\u00e7\u00e3o sexual os atos libidinosos sem autoriza\u00e7\u00e3o da v\u00edtima. A pena prevista \u00e9 de um a cinco anos de cadeia. &#8220;<em>Eu quero aqui lembrar que, no Estado de S\u00e3o Paulo, havia um criminoso que cometia v\u00e1rios crimes, em sequ\u00eancia, contra mulheres no transporte coletivo. E a Justi\u00e7a brasileira n\u00e3o encontrou uma forma mais adequada de puni-lo exatamente pela defici\u00eancia da legisla\u00e7\u00e3o brasileira<\/em>&#8220;, disse Vanessa.<\/p>\n<p>A lei tamb\u00e9m estabelece pena de at\u00e9 cinco anos de pris\u00e3o para quem oferecer, vender ou divulgar, por qualquer meio, fotografia, v\u00eddeo ou outro tipo de registro audiovisual que contenha cena de estupro ou de estupro de vulner\u00e1vel.<\/p>\n<p><em><strong>*Larissa Bortoni \/ R\u00e1dio Senado<\/strong><\/em><\/p>\n","protected":false},"excerpt":{"rendered":"<p>Foi sancionado o projeto aprovado em agosto no Senado que aumenta a pena para o estupro coletivo. O texto tamb\u00e9m torna crime a importuna\u00e7\u00e3o sexual, a chamada vingan\u00e7a pornogr\u00e1fica e a divulga\u00e7\u00e3o de cenas de estupro Duas not\u00edcias recentes chocaram o pa\u00eds. Uma foi h\u00e1 dois anos quando uma adolescente de 16 anos, moradora do [&hellip;]<\/p>\n","protected":false},"author":2,"featured_media":28106,"comment_status":"open","ping_status":"open","sticky":false,"template":"","format":"standard","meta":{"_acf_changed":false,"_monsterinsights_skip_tracking":false,"_monsterinsights_sitenote_active":false,"_monsterinsights_sitenote_note":"","_monsterinsights_sitenote_category":0,"_jetpack_memberships_contains_paid_content":false,"footnotes":"","jetpack_publicize_message":"","jetpack_publicize_feature_enabled":true,"jetpack_social_post_already_shared":true,"jetpack_social_options":{"image_generator_settings":{"template":"highway","default_image_id":0,"font":"","enabled":false},"version":2}},"categories":[5,1,3],"tags":[],"class_list":["post-28105","post","type-post","status-publish","format-standard","has-post-thumbnail","hentry","category-cotidiano","category-noticias","category-politica"],"acf":[],"jetpack_publicize_connections":[],"jetpack_featured_media_url":"https:\/\/i0.wp.com\/blogdoeloiltoncajuhy.com.br\/site\/wp-content\/uploads\/2018\/09\/aumenta-punicao-estupro-coletivo.jpeg?fit=600%2C375&ssl=1","jetpack_sharing_enabled":true,"publishpress_future_workflow_manual_trigger":{"enabledWorkflows":[]},"_links":{"self":[{"href":"https:\/\/blogdoeloiltoncajuhy.com.br\/site\/wp-json\/wp\/v2\/posts\/28105","targetHints":{"allow":["GET"]}}],"collection":[{"href":"https:\/\/blogdoeloiltoncajuhy.com.br\/site\/wp-json\/wp\/v2\/posts"}],"about":[{"href":"https:\/\/blogdoeloiltoncajuhy.com.br\/site\/wp-json\/wp\/v2\/types\/post"}],"author":[{"embeddable":true,"href":"https:\/\/blogdoeloiltoncajuhy.com.br\/site\/wp-json\/wp\/v2\/users\/2"}],"replies":[{"embeddable":true,"href":"https:\/\/blogdoeloiltoncajuhy.com.br\/site\/wp-json\/wp\/v2\/comments?post=28105"}],"version-history":[{"count":1,"href":"https:\/\/blogdoeloiltoncajuhy.com.br\/site\/wp-json\/wp\/v2\/posts\/28105\/revisions"}],"predecessor-version":[{"id":28107,"href":"https:\/\/blogdoeloiltoncajuhy.com.br\/site\/wp-json\/wp\/v2\/posts\/28105\/revisions\/28107"}],"wp:featuredmedia":[{"embeddable":true,"href":"https:\/\/blogdoeloiltoncajuhy.com.br\/site\/wp-json\/wp\/v2\/media\/28106"}],"wp:attachment":[{"href":"https:\/\/blogdoeloiltoncajuhy.com.br\/site\/wp-json\/wp\/v2\/media?parent=28105"}],"wp:term":[{"taxonomy":"category","embeddable":true,"href":"https:\/\/blogdoeloiltoncajuhy.com.br\/site\/wp-json\/wp\/v2\/categories?post=28105"},{"taxonomy":"post_tag","embeddable":true,"href":"https:\/\/blogdoeloiltoncajuhy.com.br\/site\/wp-json\/wp\/v2\/tags?post=28105"}],"curies":[{"name":"wp","href":"https:\/\/api.w.org\/{rel}","templated":true}]}}