{"id":28094,"date":"2018-09-24T09:49:56","date_gmt":"2018-09-24T12:49:56","guid":{"rendered":"http:\/\/blogdoeloiltoncajuhy.com.br\/site\/?p=28094"},"modified":"2018-09-24T09:49:56","modified_gmt":"2018-09-24T12:49:56","slug":"simaria-da-dupla-com-simone-fala-pela-primeira-vez-sobre-novo-afastamento-dos-palcos-e-revela-mais-uma-doenca","status":"publish","type":"post","link":"https:\/\/blogdoeloiltoncajuhy.com.br\/site\/simaria-da-dupla-com-simone-fala-pela-primeira-vez-sobre-novo-afastamento-dos-palcos-e-revela-mais-uma-doenca\/","title":{"rendered":"Simaria, da dupla com Simone, fala pela primeira vez sobre novo afastamento dos palcos e revela mais uma \u201cdoen\u00e7a\u201d"},"content":{"rendered":"<h5 style=\"text-align: center;\"><em>Simone e Simaria enfrentam nova batalha na carreira!<\/em><\/h5>\n<figure id=\"attachment_28095\" aria-describedby=\"caption-attachment-28095\" style=\"width: 990px\" class=\"wp-caption aligncenter\"><a href=\"https:\/\/i0.wp.com\/blogdoeloiltoncajuhy.com.br\/site\/wp-content\/uploads\/2018\/09\/simaria-recuperacao-tuberculose-1.jpg\"><img data-recalc-dims=\"1\" fetchpriority=\"high\" decoding=\"async\" class=\"wp-image-28095 size-full\" src=\"https:\/\/i0.wp.com\/blogdoeloiltoncajuhy.com.br\/site\/wp-content\/uploads\/2018\/09\/simaria-recuperacao-tuberculose-1.jpg?resize=800%2C449\" alt=\"\" width=\"800\" height=\"449\" srcset=\"https:\/\/i0.wp.com\/blogdoeloiltoncajuhy.com.br\/site\/wp-content\/uploads\/2018\/09\/simaria-recuperacao-tuberculose-1.jpg?w=990&amp;ssl=1 990w, https:\/\/i0.wp.com\/blogdoeloiltoncajuhy.com.br\/site\/wp-content\/uploads\/2018\/09\/simaria-recuperacao-tuberculose-1.jpg?resize=300%2C168&amp;ssl=1 300w, https:\/\/i0.wp.com\/blogdoeloiltoncajuhy.com.br\/site\/wp-content\/uploads\/2018\/09\/simaria-recuperacao-tuberculose-1.jpg?resize=768%2C431&amp;ssl=1 768w, https:\/\/i0.wp.com\/blogdoeloiltoncajuhy.com.br\/site\/wp-content\/uploads\/2018\/09\/simaria-recuperacao-tuberculose-1.jpg?resize=250%2C140&amp;ssl=1 250w\" sizes=\"(max-width: 800px) 100vw, 800px\" \/><\/a><figcaption id=\"caption-attachment-28095\" class=\"wp-caption-text\">Cantora Simaria, que faz dupla com Simone anuncia nova parada na carreira (Foto: Reprodu\u00e7\u00e3o)<\/figcaption><\/figure>\n<p>Simaria, que faz dupla com Simone, resolveu se pronunciar oficialmente por meio do Instagram dela sobre o novo afastamento e pausa na carreira. Na semana passada, Simaria precisou novamente paralisar os trabalhos dos shows pelo Brasil ap\u00f3s um mal estar. A cantora luta contra uma tuberculose ganglionar h\u00e1 alguns meses e at\u00e9 aqui n\u00e3o conseguiu ficar totalmente recuperada. Estima-se que o tratamento da cantora ainda tenha mais 3 meses pela frente.<\/p>\n<p>A nova pausa de Simaria dos palcos tamb\u00e9m fez com que Simone desse uma r\u00e1pida parada com novas apresenta\u00e7\u00f5es pelo Brasil. Ainda n\u00e3o se sabe se Simone seguir\u00e1 fazendo os shows da dupla sozinha novamente. O fato \u00e9 que, no pronunciamento, Simaria agradece o carinho dos f\u00e3s, mas revela que agora al\u00e9m da Tuberculose Ganglionar, ela vai precisar se cuidar de outra doen\u00e7a. \u00c9 que segundo a cantora, ela adquiriu uma bact\u00e9ria no est\u00f4mago devido a alimenta\u00e7\u00e3o. Desta forma, a estrela tem lutado contra fortes dores na regi\u00e3o da barriga com direito a uma forte gastrite.<\/p>\n<p><strong>Veja o comunicado oficial:<\/strong><\/p>\n<p><em>\u201cOi, meu amores! Estou passando aqui em respeito e considera\u00e7\u00e3o a todas as pessoas, f\u00e3s e contratantes que rezam e torcem por mim, por Simone e Simaria.\u00a0Infelizmente, na semana passada, tive mais uma mal estar e, ap\u00f3s realizar v\u00e1rios exames, ficou definido que devo me afastar novamente dos palcos.<\/em><\/p>\n<p><em>Ao longo deste m\u00eas, dei o melhor de mim em todos os shows e compromissos. Voc\u00eas sabem como sou batalhadora e \u201cdura na queda\u201d, mas a rotina na estrada n\u00e3o \u00e9 f\u00e1cil, ainda mais para conciliar com o tratamento da Tuberculose Ganglionar. Infelizmente, por conta da log\u00edstica de show, hor\u00e1rios das apresenta\u00e7\u00f5es \u2013 muitas vezes acontecem muito tarde e desregulam meus hor\u00e1rios da medica\u00e7\u00e3o, desgaste f\u00edsico \u2013 voc\u00eas sabem que n\u00e3o \u00e9 somente cantar, eu amo pular, brincar e gosto de animar meu publico. Isso exige muito de mim.<\/em><\/p>\n<p><em>E, al\u00e9m disso, ainda estou com uma inflama\u00e7\u00e3o no est\u00f4mago causada por uma outra bact\u00e9ria que eu provavelmente adquiri de comida. De um lado, rem\u00e9dio para tuberculose, de outro a gastrite\u2026 Por esses motivos, meu medico Dr. David Uip, em comum acordo com a equipe dele, decidiu me afastar dos shows, mas continuarei trabalhando no nosso DVD, que estar por vir e vai ficar lindo, e alguns outros compromissos previamente autorizados pelo Dr. David.<\/em><\/p>\n<p><em>Nem sempre as coisas acontecem exatamente como planejamos, mas Deus sabe o que faz e tudo no seu tempo, n\u00e9?! Agrade\u00e7o muito o carinho de todos e prometo dividir com vcs um pouco do meu dia a dia durante meu afastamento\u201d<\/em>, disse a cantora.<\/p>\n<p><em><strong>*TV Foco<\/strong><\/em><\/p>\n","protected":false},"excerpt":{"rendered":"<p>Simone e Simaria enfrentam nova batalha na carreira! Simaria, que faz dupla com Simone, resolveu se pronunciar oficialmente por meio do Instagram dela sobre o novo afastamento e pausa na carreira. Na semana passada, Simaria precisou novamente paralisar os trabalhos dos shows pelo Brasil ap\u00f3s um mal estar. A cantora luta contra uma tuberculose ganglionar [&hellip;]<\/p>\n","protected":false},"author":2,"featured_media":28095,"comment_status":"open","ping_status":"open","sticky":false,"template":"","format":"standard","meta":{"_acf_changed":false,"_monsterinsights_skip_tracking":false,"_monsterinsights_sitenote_active":false,"_monsterinsights_sitenote_note":"","_monsterinsights_sitenote_category":0,"_jetpack_memberships_contains_paid_content":false,"footnotes":"","jetpack_publicize_message":"","jetpack_publicize_feature_enabled":true,"jetpack_social_post_already_shared":true,"jetpack_social_options":{"image_generator_settings":{"template":"highway","default_image_id":0,"font":"","enabled":false},"version":2}},"categories":[8,1],"tags":[],"class_list":["post-28094","post","type-post","status-publish","format-standard","has-post-thumbnail","hentry","category-cultura","category-noticias"],"acf":[],"jetpack_publicize_connections":[],"jetpack_featured_media_url":"https:\/\/i0.wp.com\/blogdoeloiltoncajuhy.com.br\/site\/wp-content\/uploads\/2018\/09\/simaria-recuperacao-tuberculose-1.jpg?fit=990%2C556&ssl=1","jetpack_sharing_enabled":true,"publishpress_future_workflow_manual_trigger":{"enabledWorkflows":[]},"_links":{"self":[{"href":"https:\/\/blogdoeloiltoncajuhy.com.br\/site\/wp-json\/wp\/v2\/posts\/28094","targetHints":{"allow":["GET"]}}],"collection":[{"href":"https:\/\/blogdoeloiltoncajuhy.com.br\/site\/wp-json\/wp\/v2\/posts"}],"about":[{"href":"https:\/\/blogdoeloiltoncajuhy.com.br\/site\/wp-json\/wp\/v2\/types\/post"}],"author":[{"embeddable":true,"href":"https:\/\/blogdoeloiltoncajuhy.com.br\/site\/wp-json\/wp\/v2\/users\/2"}],"replies":[{"embeddable":true,"href":"https:\/\/blogdoeloiltoncajuhy.com.br\/site\/wp-json\/wp\/v2\/comments?post=28094"}],"version-history":[{"count":2,"href":"https:\/\/blogdoeloiltoncajuhy.com.br\/site\/wp-json\/wp\/v2\/posts\/28094\/revisions"}],"predecessor-version":[{"id":28097,"href":"https:\/\/blogdoeloiltoncajuhy.com.br\/site\/wp-json\/wp\/v2\/posts\/28094\/revisions\/28097"}],"wp:featuredmedia":[{"embeddable":true,"href":"https:\/\/blogdoeloiltoncajuhy.com.br\/site\/wp-json\/wp\/v2\/media\/28095"}],"wp:attachment":[{"href":"https:\/\/blogdoeloiltoncajuhy.com.br\/site\/wp-json\/wp\/v2\/media?parent=28094"}],"wp:term":[{"taxonomy":"category","embeddable":true,"href":"https:\/\/blogdoeloiltoncajuhy.com.br\/site\/wp-json\/wp\/v2\/categories?post=28094"},{"taxonomy":"post_tag","embeddable":true,"href":"https:\/\/blogdoeloiltoncajuhy.com.br\/site\/wp-json\/wp\/v2\/tags?post=28094"}],"curies":[{"name":"wp","href":"https:\/\/api.w.org\/{rel}","templated":true}]}}