{"id":28092,"date":"2018-09-24T09:34:42","date_gmt":"2018-09-24T12:34:42","guid":{"rendered":"http:\/\/blogdoeloiltoncajuhy.com.br\/site\/?p=28092"},"modified":"2018-09-24T09:34:42","modified_gmt":"2018-09-24T12:34:42","slug":"concursos-129-orgaos-com-inscricoes-abertas-reunem-mais-de-13-mil-vagas-pelo-pais","status":"publish","type":"post","link":"https:\/\/blogdoeloiltoncajuhy.com.br\/site\/concursos-129-orgaos-com-inscricoes-abertas-reunem-mais-de-13-mil-vagas-pelo-pais\/","title":{"rendered":"Concursos: 129 \u00f3rg\u00e3os com inscri\u00e7\u00f5es abertas re\u00fanem mais de 13 mil vagas pelo pa\u00eds"},"content":{"rendered":"<h5 style=\"text-align: center;\"><em>Cargos s\u00e3o em todos os n\u00edveis de escolaridade. Nesta segunda se encerram as inscri\u00e7\u00f5es para concurso da Pol\u00edcia Militar de S\u00e3o Paulo e da Secretaria da Fazenda do RS<\/em><\/h5>\n<div class=\"mc-column content-text active-extra-styles active-capital-letter\" data-block-type=\"unstyled\" data-block-weight=\"31\" data-block-id=\"1\">\n<p class=\"content-text__container theme-color-primary-first-letter\" data-track-category=\"Link no Texto\" data-track-links=\"\"><a href=\"https:\/\/i0.wp.com\/blogdoeloiltoncajuhy.com.br\/site\/wp-content\/uploads\/2017\/07\/concursos02341.jpg\"><img data-recalc-dims=\"1\" fetchpriority=\"high\" decoding=\"async\" class=\"aligncenter wp-image-18789\" src=\"https:\/\/i0.wp.com\/blogdoeloiltoncajuhy.com.br\/site\/wp-content\/uploads\/2017\/07\/concursos02341.jpg?resize=460%2C269\" alt=\"\" width=\"460\" height=\"269\" srcset=\"https:\/\/i0.wp.com\/blogdoeloiltoncajuhy.com.br\/site\/wp-content\/uploads\/2017\/07\/concursos02341.jpg?w=342&amp;ssl=1 342w, https:\/\/i0.wp.com\/blogdoeloiltoncajuhy.com.br\/site\/wp-content\/uploads\/2017\/07\/concursos02341.jpg?resize=300%2C175&amp;ssl=1 300w, https:\/\/i0.wp.com\/blogdoeloiltoncajuhy.com.br\/site\/wp-content\/uploads\/2017\/07\/concursos02341.jpg?resize=250%2C146&amp;ssl=1 250w\" sizes=\"(max-width: 460px) 100vw, 460px\" \/><\/a>Pelo menos 129 concursos p\u00fablicos est\u00e3o com inscri\u00e7\u00f5es abertas no pa\u00eds e re\u00fanem mais de 13 mil vagas, em cargos de todos os n\u00edveis de escolaridade em diversos estados pelo pa\u00eds.<\/p>\n<\/div>\n<div class=\"wall\">\n<div class=\"mc-column content-text active-extra-styles \" data-block-type=\"unstyled\" data-block-weight=\"9\" data-block-id=\"2\">\n<p class=\"content-text__container \" data-track-category=\"Link no Texto\" data-track-links=\"\"><a href=\"http:\/\/especiais.g1.globo.com\/economia\/concursos-e-emprego\/lista-de-concursos-publicos-e-vagas-de-emprego\/\" target=\"_blank\" rel=\"noopener\">CONFIRA AQUI A LISTA COMPLETA DE CONCURSOS E OPORTUNIDADES<\/a><\/p>\n<\/div>\n<div class=\"mc-column content-text active-extra-styles \" data-block-type=\"unstyled\" data-block-weight=\"40\" data-block-id=\"3\">\n<p class=\"content-text__container \" data-track-category=\"Link no Texto\" data-track-links=\"\">Somente na Secretaria de Sa\u00fade de Pernambuco h\u00e1 1.000 vagas em diversas especialidades dos cargos de assistente de sa\u00fade, analista em sa\u00fade, m\u00e9dico e fiscal de vigil\u00e2ncia sanit\u00e1ria. Os sal\u00e1rios variam de R$ 954 a R$ 9.326,57.\u00a0<a href=\"https:\/\/g1.globo.com\/pe\/pernambuco\/noticia\/2018\/08\/21\/concurso-com-mil-vagas-para-a-secretaria-de-saude-de-pe-oferece-salarios-de-ate-r-93-mil.ghtml\">Saiba mais aqui<\/a>.<\/p>\n<\/div>\n<div class=\"mc-column content-text active-extra-styles \" data-block-type=\"unstyled\" data-block-weight=\"25\" data-block-id=\"4\">\n<p class=\"content-text__container \" data-track-category=\"Link no Texto\" data-track-links=\"\">J\u00e1 na Liquig\u00e1s h\u00e1 1.349 vagas para profissionais de n\u00edvel fundamental, m\u00e9dio e superior e remunera\u00e7\u00e3o de at\u00e9 R$ 4.894,08.\u00a0<a href=\"https:\/\/g1.globo.com\/economia\/concursos-e-emprego\/noticia\/2018\/09\/10\/liquigas-abre-processo-seletivo-para-13-mil-vagas.ghtml\">Veja o edital do concurso<\/a>.<\/p>\n<\/div>\n<div class=\"mc-column content-text active-extra-styles \" data-block-type=\"unstyled\" data-block-weight=\"32\" data-block-id=\"5\">\n<p class=\"content-text__container \" data-track-category=\"Link no Texto\" data-track-links=\"\">Os sal\u00e1rios chegam a R$ 24.818,71 no Tribunal de Justi\u00e7a de S\u00e3o Paulo, que oferece 310 oportunidades de n\u00edvel m\u00e9dio e superior e tem inscri\u00e7\u00f5es at\u00e9 16 de outubro.\u00a0<a href=\"https:\/\/g1.globo.com\/economia\/concursos-e-emprego\/noticia\/2018\/09\/11\/tj-de-sp-abre-310-vagas-para-juiz.ghtml\">Veja o edital<\/a>.<\/p>\n<\/div>\n<div class=\"mc-column content-text active-extra-styles\" data-block-type=\"raw\" data-block-weight=\"10\" data-block-id=\"6\">\n<div class=\"content-intertitle\">\n<h2>\u00daltimo dia para inscri\u00e7\u00f5es para concurso da PM de SP<\/h2>\n<\/div>\n<\/div>\n<div class=\"mc-column content-text active-extra-styles \" data-block-type=\"unstyled\" data-block-weight=\"29\" data-block-id=\"7\">\n<p class=\"content-text__container \" data-track-category=\"Link no Texto\" data-track-links=\"\">Nesta segunda-feira (24) se encerram as inscri\u00e7\u00f5es para o concurso da Pol\u00edcia Militar de S\u00e3o Paulo, que oferece 270 vagas com sal\u00e1rios de at\u00e9 R$ 3.095.<a href=\"https:\/\/g1.globo.com\/economia\/concursos-e-emprego\/noticia\/2018\/08\/14\/policia-militar-de-sp-abre-concurso-para-270-vagas.ghtml\">\u00a0Saiba mais aqui<\/a>.<\/p>\n<\/div>\n<div class=\"mc-column content-text active-extra-styles \" data-block-type=\"unstyled\" data-block-weight=\"38\" data-block-id=\"8\">\n<p class=\"content-text__container \" data-track-category=\"Link no Texto\" data-track-links=\"\">Tamb\u00e9m terminam nesta segunda as inscri\u00e7\u00f5es para o concurso da Secretaria da Fazenda do Estado do Rio Grande do Sul, para o preenchimento de 50 vagas de t\u00e9cnico tribut\u00e1rio, com sal\u00e1rios de at\u00e9 R$ 9.300.\u00a0<a href=\"http:\/\/www.cespe.unb.br\/concursos\/SEFAZ_RS_18_TECNICO\/\" target=\"_blank\" rel=\"noopener\">Veja o edital<\/a>.<\/p>\n<\/div>\n<div class=\"mc-column content-text active-extra-styles \" data-block-type=\"unstyled\" data-block-weight=\"17\" data-block-id=\"9\">\n<p class=\"content-text__container \" data-track-category=\"Link no Texto\" data-track-links=\"\">Ao menos 9 \u00f3rg\u00e3os tamb\u00e9m abrem inscri\u00e7\u00f5es nesta segunda-feira para para preencher 890 vagas. Veja quais s\u00e3o:<\/p>\n<\/div>\n<div class=\"row medium-uncollapsed content-text\" data-block-type=\"table-plugin\" data-block-id=\"10\">\n<div class=\"column medium-centered medium-22 large-20\">\n<div class=\"show-table content-media content-media--normal\">\n<p class=\"mc-column show-table__title\">Banco do Nordeste<\/p>\n<div class=\"show-table__centralized\">\n<div class=\"show-table__container\">\n<table class=\"show-table__content\n        \"><\/p>\n<tbody>\n<tr>\n<td>T\u00e9rmino das inscri\u00e7\u00f5es<\/td>\n<td>15\/10<\/td>\n<\/tr>\n<tr>\n<td>Vagas<\/td>\n<td>700<\/td>\n<\/tr>\n<tr>\n<td>Sal\u00e1rio m\u00e1ximo<\/td>\n<td>R$ 4.941,17<\/td>\n<\/tr>\n<tr>\n<td>Escolaridade<\/td>\n<td>m\u00e9dio e superior<\/td>\n<\/tr>\n<tr>\n<td>Estado<\/td>\n<td>Nordeste<\/td>\n<\/tr>\n<\/tbody>\n<\/table>\n<\/div>\n<div class=\"show-table__footer\">\n<div class=\"show-table__source\">Fonte: G1<\/p>\n<div class=\"wall\">\n<div class=\"mc-column content-text active-extra-styles \" data-block-type=\"unstyled\" data-block-weight=\"3\" data-block-id=\"12\">\n<p class=\"content-text__container \" data-track-category=\"Link no Texto\" data-track-links=\"\"><a href=\"http:\/\/www.cespe.unb.br\/concursos\/\" target=\"_blank\" rel=\"noopener\">Veja o edital<\/a><\/p>\n<\/div>\n<div class=\"row medium-uncollapsed content-text\" data-block-type=\"table-plugin\" data-block-id=\"13\">\n<div class=\"column medium-centered medium-22 large-20\">\n<div class=\"show-table content-media content-media--normal\">\n<p class=\"mc-column show-table__title\">Prefeitura de Barretos<\/p>\n<div class=\"show-table__centralized\">\n<div class=\"show-table__container\">\n<table class=\"show-table__content\n        \"><\/p>\n<tbody>\n<tr>\n<td>T\u00e9rmino das inscri\u00e7\u00f5es<\/td>\n<td>28\/09<\/td>\n<\/tr>\n<tr>\n<td>Vagas<\/td>\n<td>23<\/td>\n<\/tr>\n<tr>\n<td>Sal\u00e1rio m\u00e1ximo<\/td>\n<td>R$ 1.730<\/td>\n<\/tr>\n<tr>\n<td>Escolaridade<\/td>\n<td>m\u00e9dio<\/td>\n<\/tr>\n<tr>\n<td>Estado<\/td>\n<td>S\u00e3o Paulo<\/td>\n<\/tr>\n<\/tbody>\n<\/table>\n<\/div>\n<div class=\"show-table__footer\">\n<div class=\"show-table__source\">Fonte: G1<\/div>\n<\/div>\n<\/div>\n<\/div>\n<\/div>\n<\/div>\n<div class=\"mc-column content-text active-extra-styles \" data-block-type=\"unstyled\" data-block-weight=\"3\" data-block-id=\"14\">\n<p class=\"content-text__container \" data-track-category=\"Link no Texto\" data-track-links=\"\"><a href=\"https:\/\/www.barretos.sp.gov.br\/\" target=\"_blank\" rel=\"noopener\">Veja o edital<\/a><\/p>\n<\/div>\n<div class=\"row medium-uncollapsed content-text\" data-block-type=\"table-plugin\" data-block-id=\"15\">\n<div class=\"column medium-centered medium-22 large-20\">\n<div class=\"show-table content-media content-media--normal\">\n<p class=\"mc-column show-table__title\">Prefeitura de S\u00e3o Jos\u00e9 dos Campos<\/p>\n<div class=\"show-table__centralized\">\n<div class=\"show-table__container\">\n<table class=\"show-table__content\n        \"><\/p>\n<tbody>\n<tr>\n<td>T\u00e9rmino das inscri\u00e7\u00f5es<\/td>\n<td>24\/0925\/10<\/td>\n<\/tr>\n<tr>\n<td>Vagas<\/td>\n<td>39<\/td>\n<\/tr>\n<tr>\n<td>Sal\u00e1rio m\u00e1ximo<\/td>\n<td>R$ 6.802,52<\/td>\n<\/tr>\n<tr>\n<td>Escolaridade<\/td>\n<td>t\u00e9cnico e superior<\/td>\n<\/tr>\n<tr>\n<td>Estado<\/td>\n<td>S\u00e3o Paulo<\/td>\n<\/tr>\n<\/tbody>\n<\/table>\n<\/div>\n<div class=\"show-table__footer\">\n<div class=\"show-table__source\">Fonte: G1<\/div>\n<\/div>\n<\/div>\n<\/div>\n<\/div>\n<\/div>\n<div class=\"mc-column content-text active-extra-styles \" data-block-type=\"unstyled\" data-block-weight=\"3\" data-block-id=\"16\">\n<p class=\"content-text__container \" data-track-category=\"Link no Texto\" data-track-links=\"\"><a href=\"https:\/\/www.vunesp.com.br\/PMSJ1802\" target=\"_blank\" rel=\"noopener\">Veja o edital<\/a><\/p>\n<\/div>\n<div class=\"row medium-uncollapsed content-text\" data-block-type=\"table-plugin\" data-block-id=\"17\">\n<div class=\"column medium-centered medium-22 large-20\">\n<div class=\"show-table content-media content-media--normal\">\n<p class=\"mc-column show-table__title\">Instituto Federal de Educa\u00e7\u00e3o &#8211; IF Goiano<\/p>\n<div class=\"show-table__centralized\">\n<div class=\"show-table__container\">\n<table class=\"show-table__content\n        \"><\/p>\n<tbody>\n<tr>\n<td>T\u00e9rmino das inscri\u00e7\u00f5es<\/td>\n<td>14\/10<\/td>\n<\/tr>\n<tr>\n<td>Vagas<\/td>\n<td>45<\/td>\n<\/tr>\n<tr>\n<td>Sal\u00e1rio m\u00e1ximo<\/td>\n<td>R$ 9.600,92<\/td>\n<\/tr>\n<tr>\n<td>Escolaridade<\/td>\n<td>superior<\/td>\n<\/tr>\n<tr>\n<td>Estado<\/td>\n<td>Goi\u00e1s<\/td>\n<\/tr>\n<\/tbody>\n<\/table>\n<\/div>\n<div class=\"show-table__footer\">\n<div class=\"show-table__source\">Fonte: G1<\/div>\n<\/div>\n<\/div>\n<\/div>\n<\/div>\n<\/div>\n<div class=\"content-ads content-ads--reveal\" data-block-type=\"ads\" data-block-id=\"18\">\n<div id=\"banner_materia__32cc6982d46f48aca3aeae75689b7c74\" class=\"tag-manager-publicidade-container has-reveal has-ad-lazyload  tag-manager-publicidade-banner_materia__32cc6982d46f48aca3aeae75689b7c74 tag-manager-publicidade-container--carregado  tag-manager-publicidade-container--visivel\" data-id=\"banner_materia__32cc6982d46f48aca3aeae75689b7c74\" data-google-query-id=\"CMSYq-zS090CFckNhgod3gAIkw\" data-cid=\"138243076450\" data-lid=\"4785254157\">\n<div id=\"google_ads_iframe_\/95377733\/tvg_G1\/Concursos_e_Empregos_3__container__\"><a style=\"font-weight: 300;\" href=\"https:\/\/sistemas.ifgoiano.edu.br\/selecao_ifgoiano\/index.php?id_selecao=MTkx\" target=\"_blank\" rel=\"noopener\">Veja o edital<\/a><\/div>\n<\/div>\n<\/div>\n<div class=\"row medium-uncollapsed content-text\" data-block-type=\"table-plugin\" data-block-id=\"20\">\n<div class=\"column medium-centered medium-22 large-20\">\n<div class=\"show-table content-media content-media--normal\">\n<p class=\"mc-column show-table__title\">C\u00e2mara Municipal de Santa B\u00e1rbara<\/p>\n<div class=\"show-table__centralized\">\n<div class=\"show-table__container\">\n<table class=\"show-table__content\n        \"><\/p>\n<tbody>\n<tr>\n<td>T\u00e9rmino das inscri\u00e7\u00f5es<\/td>\n<td>26\/10<\/td>\n<\/tr>\n<tr>\n<td>Vagas<\/td>\n<td>7<\/td>\n<\/tr>\n<tr>\n<td>Sal\u00e1rio m\u00e1ximo<\/td>\n<td>R$ 2.950<\/td>\n<\/tr>\n<tr>\n<td>Escolaridade<\/td>\n<td>fundamental, m\u00e9dio e superior<\/td>\n<\/tr>\n<tr>\n<td>Estado<\/td>\n<td>Minas Gerais<\/td>\n<\/tr>\n<\/tbody>\n<\/table>\n<\/div>\n<div class=\"show-table__footer\">\n<div class=\"show-table__source\">Fonte: G1<\/div>\n<\/div>\n<\/div>\n<\/div>\n<\/div>\n<\/div>\n<div class=\"mc-column content-text active-extra-styles \" data-block-type=\"unstyled\" data-block-weight=\"3\" data-block-id=\"21\">\n<p class=\"content-text__container \" data-track-category=\"Link no Texto\" data-track-links=\"\"><a href=\"https:\/\/www.gestaodeconcursos.com.br\/site\/site\/DetalheConcurso.aspx?CodigoConcurso=1226\" target=\"_blank\" rel=\"noopener\">Veja o edital<\/a><\/p>\n<\/div>\n<div class=\"row medium-uncollapsed content-text\" data-block-type=\"table-plugin\" data-block-id=\"22\">\n<div class=\"column medium-centered medium-22 large-20\">\n<div class=\"show-table content-media content-media--normal\">\n<p class=\"mc-column show-table__title\">Prefeitura de Santa Cruz<\/p>\n<div class=\"show-table__centralized\">\n<div class=\"show-table__container\">\n<table class=\"show-table__content\n        \"><\/p>\n<tbody>\n<tr>\n<td>T\u00e9rmino das inscri\u00e7\u00f5es<\/td>\n<td>25\/10<\/td>\n<\/tr>\n<tr>\n<td>Vagas<\/td>\n<td>36<\/td>\n<\/tr>\n<tr>\n<td>Sal\u00e1rio m\u00e1ximo<\/td>\n<td>R$ 7.000<\/td>\n<\/tr>\n<tr>\n<td>Escolaridade<\/td>\n<td>fundamental, m\u00e9dio e superior<\/td>\n<\/tr>\n<tr>\n<td>Estado<\/td>\n<td>Para\u00edba<\/td>\n<\/tr>\n<\/tbody>\n<\/table>\n<\/div>\n<div class=\"show-table__footer\">\n<div class=\"show-table__source\">Fonte: G1<\/div>\n<\/div>\n<\/div>\n<\/div>\n<\/div>\n<\/div>\n<div class=\"mc-column content-text active-extra-styles \" data-block-type=\"unstyled\" data-block-weight=\"3\" data-block-id=\"23\">\n<p class=\"content-text__container \" data-track-category=\"Link no Texto\" data-track-links=\"\"><a href=\"https:\/\/g1.globo.com\/pb\/paraiba\/noticia\/2018\/09\/19\/divulgado-edital-do-concurso-da-prefeitura-de-santa-cruz-pb-com-36-vagas-de-emprego.ghtml\">Veja o edital<\/a><\/p>\n<\/div>\n<div class=\"row medium-uncollapsed content-text\" data-block-type=\"table-plugin\" data-block-id=\"24\">\n<div class=\"column medium-centered medium-22 large-20\">\n<div class=\"show-table content-media content-media--normal\">\n<p class=\"mc-column show-table__title\">C\u00e2mara Municipal de C\u00e1ceres<\/p>\n<div class=\"show-table__centralized\">\n<div class=\"show-table__container\">\n<table class=\"show-table__content\n        \"><\/p>\n<tbody>\n<tr>\n<td>T\u00e9rmino das inscri\u00e7\u00f5es<\/td>\n<td>21\/10<\/td>\n<\/tr>\n<tr>\n<td>Vagas<\/td>\n<td>7<\/td>\n<\/tr>\n<tr>\n<td>Sal\u00e1rio m\u00e1ximo<\/td>\n<td>R$ 4.378,50<\/td>\n<\/tr>\n<tr>\n<td>Escolaridade<\/td>\n<td>fundamental, m\u00e9dio e superior<\/td>\n<\/tr>\n<tr>\n<td>Estado<\/td>\n<td>Mato Grosso<\/td>\n<\/tr>\n<\/tbody>\n<\/table>\n<\/div>\n<div class=\"show-table__footer\">\n<div class=\"show-table__source\">Fonte: G1<\/div>\n<\/div>\n<\/div>\n<\/div>\n<\/div>\n<\/div>\n<div class=\"content-ads content-ads--reveal\" data-block-type=\"ads\" data-block-id=\"25\">\n<div id=\"banner_materia__69f29f3674504d3ba73f7286c15812a2\" class=\"tag-manager-publicidade-container has-reveal has-ad-lazyload  tag-manager-publicidade-banner_materia__69f29f3674504d3ba73f7286c15812a2 tag-manager-publicidade-container--carregado  tag-manager-publicidade-container--visivel\" data-id=\"banner_materia__69f29f3674504d3ba73f7286c15812a2\" data-google-query-id=\"CKKCtPjS090CFUwjhwodb2IACg\" data-cid=\"138243076450\" data-lid=\"4785254157\">\n<div id=\"google_ads_iframe_\/95377733\/tvg_G1\/Concursos_e_Empregos_4__container__\"><a style=\"font-weight: 300;\" href=\"https:\/\/g1.globo.com\/mt\/mato-grosso\/concursos-e-emprego\/noticia\/2018\/08\/31\/camara-de-vereadores-de-caceres-mt-abre-concurso-publico-com-7-vagas-e-salario-de-ate-r-43-mil.ghtml\">Veja o edital<\/a><\/div>\n<\/div>\n<\/div>\n<div class=\"row medium-uncollapsed content-text\" data-block-type=\"table-plugin\" data-block-id=\"27\">\n<div class=\"column medium-centered medium-22 large-20\">\n<div class=\"show-table content-media content-media--normal\">\n<p class=\"mc-column show-table__title\">FAMESP<\/p>\n<div class=\"show-table__centralized\">\n<div class=\"show-table__container\">\n<table class=\"show-table__content\n        \"><\/p>\n<tbody>\n<tr>\n<td>T\u00e9rmino das inscri\u00e7\u00f5es<\/td>\n<td>04\/10\/2018<\/td>\n<\/tr>\n<tr>\n<td>Vagas<\/td>\n<td>3<\/td>\n<\/tr>\n<tr>\n<td>Sal\u00e1rio m\u00e1ximo<\/td>\n<td>R$ 4.048,86<\/td>\n<\/tr>\n<tr>\n<td>Escolaridade<\/td>\n<td>superior<\/td>\n<\/tr>\n<tr>\n<td>Estado<\/td>\n<td>Paulo<\/td>\n<\/tr>\n<\/tbody>\n<\/table>\n<\/div>\n<div class=\"show-table__footer\">\n<div class=\"show-table__source\">Fonte: G1<\/div>\n<\/div>\n<\/div>\n<\/div>\n<\/div>\n<\/div>\n<div class=\"mc-column content-text active-extra-styles \" data-block-type=\"unstyled\" data-block-weight=\"3\" data-block-id=\"28\">\n<p class=\"content-text__container \" data-track-category=\"Link no Texto\" data-track-links=\"\"><a href=\"https:\/\/www.famesp.org.br\/processos-seletivos.php?id_emp=01&amp;id_pag=1\" target=\"_blank\" rel=\"noopener\">Veja o edital<\/a><\/p>\n<\/div>\n<div class=\"row medium-uncollapsed content-text\" data-block-type=\"table-plugin\" data-block-id=\"29\">\n<div class=\"column medium-centered medium-22 large-20\">\n<div class=\"show-table content-media content-media--normal\">\n<p class=\"mc-column show-table__title\">Universidade Federal de Lavras<\/p>\n<div class=\"show-table__centralized\">\n<div class=\"show-table__container\">\n<table class=\"show-table__content\n        \"><\/p>\n<tbody>\n<tr>\n<td>Inscri\u00e7\u00f5es at\u00e9<\/td>\n<td>08\/10\/2018<\/td>\n<\/tr>\n<tr>\n<td>Vagas<\/td>\n<td>30<\/td>\n<\/tr>\n<tr>\n<td>Sal\u00e1rio m\u00e1ximo<\/td>\n<td>R$ 5.136,99<\/td>\n<\/tr>\n<tr>\n<td>Escolaridade<\/td>\n<td>superior<\/td>\n<\/tr>\n<tr>\n<td>Estado<\/td>\n<td>Minas Gerais<\/td>\n<\/tr>\n<\/tbody>\n<\/table>\n<\/div>\n<div class=\"show-table__footer\">\n<div class=\"show-table__source\">Fonte: G1<\/div>\n<\/div>\n<\/div>\n<\/div>\n<\/div>\n<\/div>\n<\/div>\n<div data-track-category=\"fim do conteudo\" data-track-action=\"ultimo chunk conteudo\" data-track-noninteraction=\"false\" data-track-scroll=\"entrada completa viewport\">\n<div class=\"mc-column content-text active-extra-styles \" data-block-type=\"unstyled\" data-block-weight=\"3\" data-block-id=\"30\">\n<p class=\"content-text__container \" data-track-category=\"Link no Texto\" data-track-links=\"\"><a href=\"http:\/\/www.prgdp.ufla.br\/site\/edital-prgdp-no-104-2018\/\" target=\"_blank\" rel=\"noopener\">Veja o edital<\/a><\/p>\n<p data-track-category=\"Link no Texto\" data-track-links=\"\"><em><strong>*Por G1<\/strong><\/em><\/p>\n<\/div>\n<\/div>\n<\/div>\n<div><\/div>\n<\/div>\n<\/div>\n<\/div>\n<\/div>\n<\/div>\n<\/div>\n","protected":false},"excerpt":{"rendered":"<p>Cargos s\u00e3o em todos os n\u00edveis de escolaridade. Nesta segunda se encerram as inscri\u00e7\u00f5es para concurso da Pol\u00edcia Militar de S\u00e3o Paulo e da Secretaria da Fazenda do RS Pelo menos 129 concursos p\u00fablicos est\u00e3o com inscri\u00e7\u00f5es abertas no pa\u00eds e re\u00fanem mais de 13 mil vagas, em cargos de todos os n\u00edveis de escolaridade [&hellip;]<\/p>\n","protected":false},"author":2,"featured_media":0,"comment_status":"open","ping_status":"open","sticky":false,"template":"","format":"standard","meta":{"_acf_changed":false,"_monsterinsights_skip_tracking":false,"_monsterinsights_sitenote_active":false,"_monsterinsights_sitenote_note":"","_monsterinsights_sitenote_category":0,"_jetpack_memberships_contains_paid_content":false,"footnotes":"","jetpack_publicize_message":"","jetpack_publicize_feature_enabled":true,"jetpack_social_post_already_shared":true,"jetpack_social_options":{"image_generator_settings":{"template":"highway","default_image_id":0,"font":"","enabled":false},"version":2}},"categories":[5,1],"tags":[],"class_list":["post-28092","post","type-post","status-publish","format-standard","hentry","category-cotidiano","category-noticias"],"acf":[],"jetpack_publicize_connections":[],"jetpack_featured_media_url":"","jetpack_sharing_enabled":true,"publishpress_future_workflow_manual_trigger":{"enabledWorkflows":[]},"_links":{"self":[{"href":"https:\/\/blogdoeloiltoncajuhy.com.br\/site\/wp-json\/wp\/v2\/posts\/28092","targetHints":{"allow":["GET"]}}],"collection":[{"href":"https:\/\/blogdoeloiltoncajuhy.com.br\/site\/wp-json\/wp\/v2\/posts"}],"about":[{"href":"https:\/\/blogdoeloiltoncajuhy.com.br\/site\/wp-json\/wp\/v2\/types\/post"}],"author":[{"embeddable":true,"href":"https:\/\/blogdoeloiltoncajuhy.com.br\/site\/wp-json\/wp\/v2\/users\/2"}],"replies":[{"embeddable":true,"href":"https:\/\/blogdoeloiltoncajuhy.com.br\/site\/wp-json\/wp\/v2\/comments?post=28092"}],"version-history":[{"count":1,"href":"https:\/\/blogdoeloiltoncajuhy.com.br\/site\/wp-json\/wp\/v2\/posts\/28092\/revisions"}],"predecessor-version":[{"id":28093,"href":"https:\/\/blogdoeloiltoncajuhy.com.br\/site\/wp-json\/wp\/v2\/posts\/28092\/revisions\/28093"}],"wp:attachment":[{"href":"https:\/\/blogdoeloiltoncajuhy.com.br\/site\/wp-json\/wp\/v2\/media?parent=28092"}],"wp:term":[{"taxonomy":"category","embeddable":true,"href":"https:\/\/blogdoeloiltoncajuhy.com.br\/site\/wp-json\/wp\/v2\/categories?post=28092"},{"taxonomy":"post_tag","embeddable":true,"href":"https:\/\/blogdoeloiltoncajuhy.com.br\/site\/wp-json\/wp\/v2\/tags?post=28092"}],"curies":[{"name":"wp","href":"https:\/\/api.w.org\/{rel}","templated":true}]}}