{"id":28078,"date":"2018-09-22T18:14:24","date_gmt":"2018-09-22T21:14:24","guid":{"rendered":"http:\/\/blogdoeloiltoncajuhy.com.br\/site\/?p=28078"},"modified":"2018-09-22T18:15:20","modified_gmt":"2018-09-22T21:15:20","slug":"susto-incendio-em-loja-comercial-de-bonfim-atrai-atencao-de-populares-video-mostra-jovem-pulando-de-predio-com-medo-das-chamas","status":"publish","type":"post","link":"https:\/\/blogdoeloiltoncajuhy.com.br\/site\/susto-incendio-em-loja-comercial-de-bonfim-atrai-atencao-de-populares-video-mostra-jovem-pulando-de-predio-com-medo-das-chamas\/","title":{"rendered":"Susto: Inc\u00eandio em loja comercial de Bonfim atrai aten\u00e7\u00e3o de populares; v\u00eddeo mostra jovem pulando de pr\u00e9dio com medo das chamas"},"content":{"rendered":"<p><a href=\"https:\/\/i0.wp.com\/blogdoeloiltoncajuhy.com.br\/site\/wp-content\/uploads\/2018\/09\/Inc%C3%AAndio-Centro-de-Bonfim-e1537650802726.jpg\"><img data-recalc-dims=\"1\" fetchpriority=\"high\" decoding=\"async\" class=\"aligncenter size-full wp-image-28079\" src=\"https:\/\/i0.wp.com\/blogdoeloiltoncajuhy.com.br\/site\/wp-content\/uploads\/2018\/09\/Inc%C3%AAndio-Centro-de-Bonfim-e1537650802726.jpg?resize=600%2C328\" alt=\"\" width=\"600\" height=\"328\" \/><\/a>Um inc\u00eandio atingiu a Loja Tudo \u00c9 12, localizada na Pra\u00e7a Dr. Jos\u00e9 Gon\u00e7alves, centro comercial de Senhor do Bonfim, no final da tarde deste s\u00e1bado (22). Ainda n\u00e3o se sabe como o fogo teve in\u00edcio.<\/p>\n<p>O Corpo de Bombeiros foi acionado e teve muito trabalho para conter as chamas. A Pol\u00edcia Militar tamb\u00e9m esteve no local auxiliando os bombeiros. Populares se concentram nas proximidades da loja. Alguns tentando ajudar, outros tentando ser rep\u00f3rter de celular na m\u00e3o filmando a movimenta\u00e7\u00e3o.<\/p>\n<p>Em um dos v\u00eddeos que est\u00e3o sendo compartilhados nas redes sociais, d\u00e1 pra perceber uma mo\u00e7a pulando do primeiro andar do pr\u00e9dio, desesperada com a situa\u00e7\u00e3o. Ela caiu em cima de um monte de objetos que foram atingidos pelo fogo.<\/p>\n<p><strong>Confira os v\u00eddeos abaixo:<\/strong><\/p>\n<p><iframe title=\"Inc\u00eandio Centro de Bonfim 01\" width=\"800\" height=\"450\" src=\"https:\/\/www.youtube.com\/embed\/2oM_eBeaApo?feature=oembed\" frameborder=\"0\" allow=\"accelerometer; autoplay; encrypted-media; gyroscope; picture-in-picture\" allowfullscreen><\/iframe><\/p>\n<p><iframe title=\"Inc\u00eandio Centro de Bonfim 02\" width=\"800\" height=\"450\" src=\"https:\/\/www.youtube.com\/embed\/WjT4XnF6p1U?feature=oembed\" frameborder=\"0\" allow=\"accelerometer; autoplay; encrypted-media; gyroscope; picture-in-picture\" allowfullscreen><\/iframe><\/p>\n<p><strong>*BLOG DO ELOILTON CAJUHY<\/strong><\/p>\n<p><em><strong>**Foto e v\u00eddeos &#8211; Reprodu\u00e7\u00e3o Redes Sociais<\/strong><\/em><\/p>\n","protected":false},"excerpt":{"rendered":"<p>Um inc\u00eandio atingiu a Loja Tudo \u00c9 12, localizada na Pra\u00e7a Dr. Jos\u00e9 Gon\u00e7alves, centro comercial de Senhor do Bonfim, no final da tarde deste s\u00e1bado (22). Ainda n\u00e3o se sabe como o fogo teve in\u00edcio. O Corpo de Bombeiros foi acionado e teve muito trabalho para conter as chamas. A Pol\u00edcia Militar tamb\u00e9m esteve [&hellip;]<\/p>\n","protected":false},"author":2,"featured_media":28079,"comment_status":"open","ping_status":"open","sticky":false,"template":"","format":"standard","meta":{"_acf_changed":false,"_monsterinsights_skip_tracking":false,"_monsterinsights_sitenote_active":false,"_monsterinsights_sitenote_note":"","_monsterinsights_sitenote_category":0,"_jetpack_memberships_contains_paid_content":false,"footnotes":"","jetpack_publicize_message":"","jetpack_publicize_feature_enabled":true,"jetpack_social_post_already_shared":true,"jetpack_social_options":{"image_generator_settings":{"template":"highway","default_image_id":0,"font":"","enabled":false},"version":2}},"categories":[1,4],"tags":[],"class_list":["post-28078","post","type-post","status-publish","format-standard","has-post-thumbnail","hentry","category-noticias","category-local"],"acf":[],"jetpack_publicize_connections":[],"jetpack_featured_media_url":"https:\/\/i0.wp.com\/blogdoeloiltoncajuhy.com.br\/site\/wp-content\/uploads\/2018\/09\/Inc%C3%AAndio-Centro-de-Bonfim-e1537650802726.jpg?fit=600%2C328&ssl=1","jetpack_sharing_enabled":true,"publishpress_future_workflow_manual_trigger":{"enabledWorkflows":[]},"_links":{"self":[{"href":"https:\/\/blogdoeloiltoncajuhy.com.br\/site\/wp-json\/wp\/v2\/posts\/28078","targetHints":{"allow":["GET"]}}],"collection":[{"href":"https:\/\/blogdoeloiltoncajuhy.com.br\/site\/wp-json\/wp\/v2\/posts"}],"about":[{"href":"https:\/\/blogdoeloiltoncajuhy.com.br\/site\/wp-json\/wp\/v2\/types\/post"}],"author":[{"embeddable":true,"href":"https:\/\/blogdoeloiltoncajuhy.com.br\/site\/wp-json\/wp\/v2\/users\/2"}],"replies":[{"embeddable":true,"href":"https:\/\/blogdoeloiltoncajuhy.com.br\/site\/wp-json\/wp\/v2\/comments?post=28078"}],"version-history":[{"count":2,"href":"https:\/\/blogdoeloiltoncajuhy.com.br\/site\/wp-json\/wp\/v2\/posts\/28078\/revisions"}],"predecessor-version":[{"id":28081,"href":"https:\/\/blogdoeloiltoncajuhy.com.br\/site\/wp-json\/wp\/v2\/posts\/28078\/revisions\/28081"}],"wp:featuredmedia":[{"embeddable":true,"href":"https:\/\/blogdoeloiltoncajuhy.com.br\/site\/wp-json\/wp\/v2\/media\/28079"}],"wp:attachment":[{"href":"https:\/\/blogdoeloiltoncajuhy.com.br\/site\/wp-json\/wp\/v2\/media?parent=28078"}],"wp:term":[{"taxonomy":"category","embeddable":true,"href":"https:\/\/blogdoeloiltoncajuhy.com.br\/site\/wp-json\/wp\/v2\/categories?post=28078"},{"taxonomy":"post_tag","embeddable":true,"href":"https:\/\/blogdoeloiltoncajuhy.com.br\/site\/wp-json\/wp\/v2\/tags?post=28078"}],"curies":[{"name":"wp","href":"https:\/\/api.w.org\/{rel}","templated":true}]}}