{"id":28075,"date":"2018-09-22T09:59:34","date_gmt":"2018-09-22T12:59:34","guid":{"rendered":"http:\/\/blogdoeloiltoncajuhy.com.br\/site\/?p=28075"},"modified":"2018-09-22T09:59:34","modified_gmt":"2018-09-22T12:59:34","slug":"uneb-vai-abrir-inscricoes-para-vestibular-2019-na-proxima-terca-25","status":"publish","type":"post","link":"https:\/\/blogdoeloiltoncajuhy.com.br\/site\/uneb-vai-abrir-inscricoes-para-vestibular-2019-na-proxima-terca-25\/","title":{"rendered":"UNEB vai abrir inscri\u00e7\u00f5es para Vestibular 2019 na pr\u00f3xima ter\u00e7a (25)"},"content":{"rendered":"<p><a href=\"https:\/\/i0.wp.com\/blogdoeloiltoncajuhy.com.br\/site\/wp-content\/uploads\/2018\/09\/uneb-vestibular2019.jpg\"><img data-recalc-dims=\"1\" fetchpriority=\"high\" decoding=\"async\" class=\"aligncenter size-full wp-image-28076\" src=\"https:\/\/i0.wp.com\/blogdoeloiltoncajuhy.com.br\/site\/wp-content\/uploads\/2018\/09\/uneb-vestibular2019.jpg?resize=770%2C226\" alt=\"\" width=\"770\" height=\"226\" srcset=\"https:\/\/i0.wp.com\/blogdoeloiltoncajuhy.com.br\/site\/wp-content\/uploads\/2018\/09\/uneb-vestibular2019.jpg?w=770&amp;ssl=1 770w, https:\/\/i0.wp.com\/blogdoeloiltoncajuhy.com.br\/site\/wp-content\/uploads\/2018\/09\/uneb-vestibular2019.jpg?resize=300%2C88&amp;ssl=1 300w, https:\/\/i0.wp.com\/blogdoeloiltoncajuhy.com.br\/site\/wp-content\/uploads\/2018\/09\/uneb-vestibular2019.jpg?resize=768%2C225&amp;ssl=1 768w, https:\/\/i0.wp.com\/blogdoeloiltoncajuhy.com.br\/site\/wp-content\/uploads\/2018\/09\/uneb-vestibular2019.jpg?resize=250%2C73&amp;ssl=1 250w\" sizes=\"(max-width: 770px) 100vw, 770px\" \/><\/a>O\u00a0<strong>Vestibular UNEB 2019<\/strong>\u00a0vai abrir inscri\u00e7\u00f5es na pr\u00f3xima ter\u00e7a-feira (25). Os interessados dever\u00e3o se inscrever, exclusivamente, pelo endere\u00e7o\u00a0<em><strong><a href=\"http:\/\/www.vestibular.uneb.br\/\" target=\"_blank\" rel=\"noopener\">vestibular.uneb.br<\/a><\/strong><\/em>.<\/p>\n<p>Est\u00e3o sendo disponibilizadas 4.074 vagas, distribu\u00eddas em cursos de gradua\u00e7\u00e3o presencial oferecidos nos campi de Salvador e outras 24 cidades baianas.<\/p>\n<p>Haver\u00e1 reserva de 40% das vagas para negros e direito a 5% de sobrevagas para ind\u00edgenas, quilombolas, ciganos, transexuais, travestis, transg\u00eaneros, pessoas com defici\u00eancia, com transtorno do espectro autista e com altas habilidades. Cada grupo contar\u00e1 com essa porcentagem em todos os cursos.<\/p>\n<p>Os optantes pelo sistema de reserva de vagas precisar\u00e3o, no ato da matr\u00edcula, apresentar os comprovantes de escolaridade dos Ensinos Fundamental II e M\u00e9dio em institui\u00e7\u00e3o das redes p\u00fablicas de Educa\u00e7\u00e3o, conforme prev\u00ea o\u00a0<strong><em><a href=\"https:\/\/portal.uneb.br\/noticias\/wp-content\/uploads\/sites\/2\/2018\/09\/Edital_n_105_2018_Aviso_n_184_2018_Retificacao_Processo_Seletivo_Vestibular_2019.pdf\" target=\"_blank\" rel=\"noopener\">edital de sele\u00e7\u00e3o<\/a><\/em><\/strong>.<\/p>\n<p>Os interessados ter\u00e3o at\u00e9 o dia 15 de outubro para garantir participa\u00e7\u00e3o no certame. A taxa \u00e9 de R$ 90. O edital que disp\u00f5e sobre a isen\u00e7\u00e3o da taxa de inscri\u00e7\u00e3o ser\u00e1 divulgado nos pr\u00f3ximos dias, no site do vestibular.<\/p>\n<p>As provas est\u00e3o previstas para serem aplicadas nos dias 2 e 3 de dezembro. A rela\u00e7\u00e3o de cursos, quadro de vagas, provas, normas e cronograma da sele\u00e7\u00e3o constam no\u00a0<em><strong><a href=\"https:\/\/portal.uneb.br\/noticias\/wp-content\/uploads\/sites\/2\/2018\/09\/Edital_n_105_2018_Aviso_n_184_2018_Retificacao_Processo_Seletivo_Vestibular_2019.pdf\" target=\"_blank\" rel=\"noopener\">edital do Vestibular UNEB 2019<\/a><\/strong><\/em>.<\/p>\n<p><em><strong>*Portal UNEB<\/strong><\/em><\/p>\n","protected":false},"excerpt":{"rendered":"<p>O\u00a0Vestibular UNEB 2019\u00a0vai abrir inscri\u00e7\u00f5es na pr\u00f3xima ter\u00e7a-feira (25). Os interessados dever\u00e3o se inscrever, exclusivamente, pelo endere\u00e7o\u00a0vestibular.uneb.br. Est\u00e3o sendo disponibilizadas 4.074 vagas, distribu\u00eddas em cursos de gradua\u00e7\u00e3o presencial oferecidos nos campi de Salvador e outras 24 cidades baianas. Haver\u00e1 reserva de 40% das vagas para negros e direito a 5% de sobrevagas para ind\u00edgenas, quilombolas, [&hellip;]<\/p>\n","protected":false},"author":2,"featured_media":28076,"comment_status":"open","ping_status":"open","sticky":false,"template":"","format":"standard","meta":{"_acf_changed":false,"_monsterinsights_skip_tracking":false,"_monsterinsights_sitenote_active":false,"_monsterinsights_sitenote_note":"","_monsterinsights_sitenote_category":0,"_jetpack_memberships_contains_paid_content":false,"footnotes":"","jetpack_publicize_message":"","jetpack_publicize_feature_enabled":true,"jetpack_social_post_already_shared":true,"jetpack_social_options":{"image_generator_settings":{"template":"highway","default_image_id":0,"font":"","enabled":false},"version":2}},"categories":[14,1],"tags":[],"class_list":["post-28075","post","type-post","status-publish","format-standard","has-post-thumbnail","hentry","category-educacao","category-noticias"],"acf":[],"jetpack_publicize_connections":[],"jetpack_featured_media_url":"https:\/\/i0.wp.com\/blogdoeloiltoncajuhy.com.br\/site\/wp-content\/uploads\/2018\/09\/uneb-vestibular2019.jpg?fit=770%2C226&ssl=1","jetpack_sharing_enabled":true,"publishpress_future_workflow_manual_trigger":{"enabledWorkflows":[]},"_links":{"self":[{"href":"https:\/\/blogdoeloiltoncajuhy.com.br\/site\/wp-json\/wp\/v2\/posts\/28075","targetHints":{"allow":["GET"]}}],"collection":[{"href":"https:\/\/blogdoeloiltoncajuhy.com.br\/site\/wp-json\/wp\/v2\/posts"}],"about":[{"href":"https:\/\/blogdoeloiltoncajuhy.com.br\/site\/wp-json\/wp\/v2\/types\/post"}],"author":[{"embeddable":true,"href":"https:\/\/blogdoeloiltoncajuhy.com.br\/site\/wp-json\/wp\/v2\/users\/2"}],"replies":[{"embeddable":true,"href":"https:\/\/blogdoeloiltoncajuhy.com.br\/site\/wp-json\/wp\/v2\/comments?post=28075"}],"version-history":[{"count":1,"href":"https:\/\/blogdoeloiltoncajuhy.com.br\/site\/wp-json\/wp\/v2\/posts\/28075\/revisions"}],"predecessor-version":[{"id":28077,"href":"https:\/\/blogdoeloiltoncajuhy.com.br\/site\/wp-json\/wp\/v2\/posts\/28075\/revisions\/28077"}],"wp:featuredmedia":[{"embeddable":true,"href":"https:\/\/blogdoeloiltoncajuhy.com.br\/site\/wp-json\/wp\/v2\/media\/28076"}],"wp:attachment":[{"href":"https:\/\/blogdoeloiltoncajuhy.com.br\/site\/wp-json\/wp\/v2\/media?parent=28075"}],"wp:term":[{"taxonomy":"category","embeddable":true,"href":"https:\/\/blogdoeloiltoncajuhy.com.br\/site\/wp-json\/wp\/v2\/categories?post=28075"},{"taxonomy":"post_tag","embeddable":true,"href":"https:\/\/blogdoeloiltoncajuhy.com.br\/site\/wp-json\/wp\/v2\/tags?post=28075"}],"curies":[{"name":"wp","href":"https:\/\/api.w.org\/{rel}","templated":true}]}}