{"id":28069,"date":"2018-09-22T09:37:24","date_gmt":"2018-09-22T12:37:24","guid":{"rendered":"http:\/\/blogdoeloiltoncajuhy.com.br\/site\/?p=28069"},"modified":"2018-09-22T09:37:24","modified_gmt":"2018-09-22T12:37:24","slug":"agredido-por-alunos-no-rio-professor-diz-que-acredita-na-educacao","status":"publish","type":"post","link":"https:\/\/blogdoeloiltoncajuhy.com.br\/site\/agredido-por-alunos-no-rio-professor-diz-que-acredita-na-educacao\/","title":{"rendered":"Agredido por alunos no Rio, professor diz que acredita na educa\u00e7\u00e3o"},"content":{"rendered":"<figure id=\"attachment_28070\" aria-describedby=\"caption-attachment-28070\" style=\"width: 400px\" class=\"wp-caption alignleft\"><a href=\"https:\/\/i0.wp.com\/blogdoeloiltoncajuhy.com.br\/site\/wp-content\/uploads\/2018\/09\/professor-thiago.jpg\"><img data-recalc-dims=\"1\" fetchpriority=\"high\" decoding=\"async\" class=\"wp-image-28070\" src=\"https:\/\/i0.wp.com\/blogdoeloiltoncajuhy.com.br\/site\/wp-content\/uploads\/2018\/09\/professor-thiago.jpg?resize=400%2C295\" alt=\"\" width=\"400\" height=\"295\" srcset=\"https:\/\/i0.wp.com\/blogdoeloiltoncajuhy.com.br\/site\/wp-content\/uploads\/2018\/09\/professor-thiago.jpg?w=380&amp;ssl=1 380w, https:\/\/i0.wp.com\/blogdoeloiltoncajuhy.com.br\/site\/wp-content\/uploads\/2018\/09\/professor-thiago.jpg?resize=300%2C221&amp;ssl=1 300w, https:\/\/i0.wp.com\/blogdoeloiltoncajuhy.com.br\/site\/wp-content\/uploads\/2018\/09\/professor-thiago.jpg?resize=250%2C184&amp;ssl=1 250w\" sizes=\"(max-width: 400px) 100vw, 400px\" \/><\/a><figcaption id=\"caption-attachment-28070\" class=\"wp-caption-text\">Foto: Reprodu\u00e7\u00e3o \/ TV Globo<\/figcaption><\/figure>\n<p>\u201c<em>Eu me senti muito mal, com muito medo, achando que eu ia morrer<\/em>\u201d. \u00c9 assim que o <strong>professor Thiago dos Santos Concei\u00e7\u00e3o<\/strong> descreveu os momentos logo ap\u00f3s ser agredido por alunos durante uma aula de portugu\u00eas no Ciep Municipal Mestre Mar\u00e7al, em Rio das Ostras, cidade da Regi\u00e3o dos Lagos do Rio de Janeiro na \u00faltima ter\u00e7a-feira (18).<\/p>\n<p>De acordo com a Ag\u00eancia Brasil, estudantes humilharam o educador enquanto ele come\u00e7ava a aplicar uma prova. Um v\u00eddeo gravado no local por um aluno mostrou as cenas e viralizou nas redes sociais. Na filmagem, um dos adolescentes aparece rasgando as avalia\u00e7\u00f5es e amea\u00e7ando o docente de morte. At\u00e9 mesmo uma pochete, que atingiu o quadro branco, foi lan\u00e7ada na dire\u00e7\u00e3o do professor.<\/p>\n<p>\u201c<em>Eles j\u00e1 vieram agitados de casa. N\u00e3o sei o que aconteceu, estou at\u00e9 agora tentando entender o comportamento. Eu j\u00e1 tinha sofrido agress\u00f5es antes, mas apenas de cunho verbal<\/em>\u201d, explica.<\/p>\n<p>O educador ainda conta que os alunos s\u00e3o indisciplinados, t\u00eam dificuldades de obedecer a comandos e costumam ser agressivos com outros professores. \u201c<em>Os v\u00eddeos s\u00e3o prova de que eu fui agredido, sofri diversos insultos e preconceito racial. Fiquei em p\u00e2nico<\/em>\u201d, falou. Thiago afirma, entretanto, que n\u00e3o deixar\u00e1 de dar aulas de portugu\u00eas por acreditar no poder da educa\u00e7\u00e3o. \u201c<em>A mensagem que eu falo para os outros professores \u00e9: resistam<\/em>\u201d.<\/p>\n<p>Depois das agress\u00f5es e da repercuss\u00e3o do epis\u00f3dio, o estudante que arremessou o objeto contra o quadro gravou um v\u00eddeo de desculpas para o educador. Ele se diz arrependido e afirma que cometeu os atos de viol\u00eancia no \u201c<em>embalo<\/em>\u201d.<\/p>\n<p>Em resposta, Thiago Santos afirmou que ficou sabendo do v\u00eddeo com o pedido de desculpas por meio das redes. \u201c<em>Eu aceito, mas entendo desculpa como mudan\u00e7a de atitude. Eu quero que eles mudem<\/em>\u201d, ressaltou.<\/p>\n<p><em><strong>*Bahia Not\u00edcias<\/strong><\/em><\/p>\n","protected":false},"excerpt":{"rendered":"<p>\u201cEu me senti muito mal, com muito medo, achando que eu ia morrer\u201d. \u00c9 assim que o professor Thiago dos Santos Concei\u00e7\u00e3o descreveu os momentos logo ap\u00f3s ser agredido por alunos durante uma aula de portugu\u00eas no Ciep Municipal Mestre Mar\u00e7al, em Rio das Ostras, cidade da Regi\u00e3o dos Lagos do Rio de Janeiro na [&hellip;]<\/p>\n","protected":false},"author":2,"featured_media":28070,"comment_status":"open","ping_status":"open","sticky":false,"template":"","format":"standard","meta":{"_acf_changed":false,"_monsterinsights_skip_tracking":false,"_monsterinsights_sitenote_active":false,"_monsterinsights_sitenote_note":"","_monsterinsights_sitenote_category":0,"_jetpack_memberships_contains_paid_content":false,"footnotes":"","jetpack_publicize_message":"","jetpack_publicize_feature_enabled":true,"jetpack_social_post_already_shared":true,"jetpack_social_options":{"image_generator_settings":{"template":"highway","default_image_id":0,"font":"","enabled":false},"version":2}},"categories":[5,14,1],"tags":[],"class_list":["post-28069","post","type-post","status-publish","format-standard","has-post-thumbnail","hentry","category-cotidiano","category-educacao","category-noticias"],"acf":[],"jetpack_publicize_connections":[],"jetpack_featured_media_url":"https:\/\/i0.wp.com\/blogdoeloiltoncajuhy.com.br\/site\/wp-content\/uploads\/2018\/09\/professor-thiago.jpg?fit=380%2C280&ssl=1","jetpack_sharing_enabled":true,"publishpress_future_workflow_manual_trigger":{"enabledWorkflows":[]},"_links":{"self":[{"href":"https:\/\/blogdoeloiltoncajuhy.com.br\/site\/wp-json\/wp\/v2\/posts\/28069","targetHints":{"allow":["GET"]}}],"collection":[{"href":"https:\/\/blogdoeloiltoncajuhy.com.br\/site\/wp-json\/wp\/v2\/posts"}],"about":[{"href":"https:\/\/blogdoeloiltoncajuhy.com.br\/site\/wp-json\/wp\/v2\/types\/post"}],"author":[{"embeddable":true,"href":"https:\/\/blogdoeloiltoncajuhy.com.br\/site\/wp-json\/wp\/v2\/users\/2"}],"replies":[{"embeddable":true,"href":"https:\/\/blogdoeloiltoncajuhy.com.br\/site\/wp-json\/wp\/v2\/comments?post=28069"}],"version-history":[{"count":1,"href":"https:\/\/blogdoeloiltoncajuhy.com.br\/site\/wp-json\/wp\/v2\/posts\/28069\/revisions"}],"predecessor-version":[{"id":28071,"href":"https:\/\/blogdoeloiltoncajuhy.com.br\/site\/wp-json\/wp\/v2\/posts\/28069\/revisions\/28071"}],"wp:featuredmedia":[{"embeddable":true,"href":"https:\/\/blogdoeloiltoncajuhy.com.br\/site\/wp-json\/wp\/v2\/media\/28070"}],"wp:attachment":[{"href":"https:\/\/blogdoeloiltoncajuhy.com.br\/site\/wp-json\/wp\/v2\/media?parent=28069"}],"wp:term":[{"taxonomy":"category","embeddable":true,"href":"https:\/\/blogdoeloiltoncajuhy.com.br\/site\/wp-json\/wp\/v2\/categories?post=28069"},{"taxonomy":"post_tag","embeddable":true,"href":"https:\/\/blogdoeloiltoncajuhy.com.br\/site\/wp-json\/wp\/v2\/tags?post=28069"}],"curies":[{"name":"wp","href":"https:\/\/api.w.org\/{rel}","templated":true}]}}