{"id":28067,"date":"2018-09-22T09:26:59","date_gmt":"2018-09-22T12:26:59","guid":{"rendered":"http:\/\/blogdoeloiltoncajuhy.com.br\/site\/?p=28067"},"modified":"2018-09-22T09:26:59","modified_gmt":"2018-09-22T12:26:59","slug":"governo-gasta-menos-com-previdencia-e-libera-r-4124-bi-para-pagar-despesas","status":"publish","type":"post","link":"https:\/\/blogdoeloiltoncajuhy.com.br\/site\/governo-gasta-menos-com-previdencia-e-libera-r-4124-bi-para-pagar-despesas\/","title":{"rendered":"Governo gasta menos com Previd\u00eancia e libera R$ 4,124 bi para pagar despesas"},"content":{"rendered":"<p><a href=\"https:\/\/i0.wp.com\/blogdoeloiltoncajuhy.com.br\/site\/wp-content\/uploads\/2018\/04\/previdencia-social_2341.jpg\"><img data-recalc-dims=\"1\" fetchpriority=\"high\" decoding=\"async\" class=\"wp-image-24618 alignright\" src=\"https:\/\/i0.wp.com\/blogdoeloiltoncajuhy.com.br\/site\/wp-content\/uploads\/2018\/04\/previdencia-social_2341.jpg?resize=380%2C214\" alt=\"\" width=\"380\" height=\"214\" srcset=\"https:\/\/i0.wp.com\/blogdoeloiltoncajuhy.com.br\/site\/wp-content\/uploads\/2018\/04\/previdencia-social_2341.jpg?w=600&amp;ssl=1 600w, https:\/\/i0.wp.com\/blogdoeloiltoncajuhy.com.br\/site\/wp-content\/uploads\/2018\/04\/previdencia-social_2341.jpg?resize=300%2C169&amp;ssl=1 300w, https:\/\/i0.wp.com\/blogdoeloiltoncajuhy.com.br\/site\/wp-content\/uploads\/2018\/04\/previdencia-social_2341.jpg?resize=250%2C141&amp;ssl=1 250w\" sizes=\"(max-width: 380px) 100vw, 380px\" \/><\/a>O Minist\u00e9rio do Planejamento e o Tesouro Nacional anunciaram nesta sexta-feira (21) o desbloqueio de R$ 4,124 bilh\u00f5es do Or\u00e7amento para pagar despesas previstas e que estavam congeladas para cumprir as regras fiscais de compress\u00e3o dos gastos p\u00fablicos.<\/p>\n<p>Na revis\u00e3o bimestral de julho\/agosto, o governo verificou que h\u00e1 a possibilidade de liberar o valor, uma vez que os gastos com o pagamento de benef\u00edcios da Previd\u00eancia, abono salarial e seguro desemprego est\u00e3o abaixo do que havia sido projetado no in\u00edcio do ano.<\/p>\n<p>At\u00e9 o fim do m\u00eas, o Planejamento vai detalhar como os recursos ser\u00e3o distribu\u00eddos entre as pastas do governo. Conforme dados divulgados tamb\u00e9m nesta sexta, a arrecada\u00e7\u00e3o de tributos cresceu pouco em agosto. Em julho (ante julho de 2017), a arrecada\u00e7\u00e3o havia crescido 12,84%. Em agosto, a alta se reduziu para 1,08%. O desempenho da arrecada\u00e7\u00e3o, por\u00e9m, n\u00e3o influi no aumento das despesas prim\u00e1rias do governo. Isso porque a maior parte dos gastos \u00e9 comprida pela regra do teto, que limita a expans\u00e3o das despesas \u00e0 infla\u00e7\u00e3o.<\/p>\n<p>Dessa maneira, uma melhor arrecada\u00e7\u00e3o pode &#8211; e vai ajudar &#8211; a reduzir o deficit or\u00e7ament\u00e1rio, previsto em R$ 159 bilh\u00f5es neste ano, mas n\u00e3o ajuda a aumentar gastos.<\/p>\n<p>Ap\u00f3s a atual revis\u00e3o, a equipe econ\u00f4mica prev\u00ea que o d\u00e9ficit projetado seja de R$ 154,9 bilh\u00f5es. Contabilizando estados e estatais, o chamado consolidado do setor p\u00fablico, o d\u00e9ficit previsto \u00e9 de R$ 145,1 bilh\u00f5es, inferior ao valor de R$ 161,3 bilh\u00f5es estimado anteriormente.<\/p>\n<p><em><strong>*Por Folhapress | Mariana Carneiro<\/strong><\/em><\/p>\n","protected":false},"excerpt":{"rendered":"<p>O Minist\u00e9rio do Planejamento e o Tesouro Nacional anunciaram nesta sexta-feira (21) o desbloqueio de R$ 4,124 bilh\u00f5es do Or\u00e7amento para pagar despesas previstas e que estavam congeladas para cumprir as regras fiscais de compress\u00e3o dos gastos p\u00fablicos. Na revis\u00e3o bimestral de julho\/agosto, o governo verificou que h\u00e1 a possibilidade de liberar o valor, uma [&hellip;]<\/p>\n","protected":false},"author":2,"featured_media":0,"comment_status":"open","ping_status":"open","sticky":false,"template":"","format":"standard","meta":{"_acf_changed":false,"_monsterinsights_skip_tracking":false,"_monsterinsights_sitenote_active":false,"_monsterinsights_sitenote_note":"","_monsterinsights_sitenote_category":0,"_jetpack_memberships_contains_paid_content":false,"footnotes":"","jetpack_publicize_message":"","jetpack_publicize_feature_enabled":true,"jetpack_social_post_already_shared":true,"jetpack_social_options":{"image_generator_settings":{"template":"highway","default_image_id":0,"font":"","enabled":false},"version":2}},"categories":[1,3],"tags":[],"class_list":["post-28067","post","type-post","status-publish","format-standard","hentry","category-noticias","category-politica"],"acf":[],"jetpack_publicize_connections":[],"jetpack_featured_media_url":"","jetpack_sharing_enabled":true,"publishpress_future_workflow_manual_trigger":{"enabledWorkflows":[]},"_links":{"self":[{"href":"https:\/\/blogdoeloiltoncajuhy.com.br\/site\/wp-json\/wp\/v2\/posts\/28067","targetHints":{"allow":["GET"]}}],"collection":[{"href":"https:\/\/blogdoeloiltoncajuhy.com.br\/site\/wp-json\/wp\/v2\/posts"}],"about":[{"href":"https:\/\/blogdoeloiltoncajuhy.com.br\/site\/wp-json\/wp\/v2\/types\/post"}],"author":[{"embeddable":true,"href":"https:\/\/blogdoeloiltoncajuhy.com.br\/site\/wp-json\/wp\/v2\/users\/2"}],"replies":[{"embeddable":true,"href":"https:\/\/blogdoeloiltoncajuhy.com.br\/site\/wp-json\/wp\/v2\/comments?post=28067"}],"version-history":[{"count":1,"href":"https:\/\/blogdoeloiltoncajuhy.com.br\/site\/wp-json\/wp\/v2\/posts\/28067\/revisions"}],"predecessor-version":[{"id":28068,"href":"https:\/\/blogdoeloiltoncajuhy.com.br\/site\/wp-json\/wp\/v2\/posts\/28067\/revisions\/28068"}],"wp:attachment":[{"href":"https:\/\/blogdoeloiltoncajuhy.com.br\/site\/wp-json\/wp\/v2\/media?parent=28067"}],"wp:term":[{"taxonomy":"category","embeddable":true,"href":"https:\/\/blogdoeloiltoncajuhy.com.br\/site\/wp-json\/wp\/v2\/categories?post=28067"},{"taxonomy":"post_tag","embeddable":true,"href":"https:\/\/blogdoeloiltoncajuhy.com.br\/site\/wp-json\/wp\/v2\/tags?post=28067"}],"curies":[{"name":"wp","href":"https:\/\/api.w.org\/{rel}","templated":true}]}}