{"id":28059,"date":"2018-09-21T20:44:39","date_gmt":"2018-09-21T23:44:39","guid":{"rendered":"http:\/\/blogdoeloiltoncajuhy.com.br\/site\/?p=28059"},"modified":"2018-09-21T20:44:39","modified_gmt":"2018-09-21T23:44:39","slug":"programa-de-olho-na-perda-da-embasa-leva-servicos-a-comunidade-de-senhor-do-bonfim","status":"publish","type":"post","link":"https:\/\/blogdoeloiltoncajuhy.com.br\/site\/programa-de-olho-na-perda-da-embasa-leva-servicos-a-comunidade-de-senhor-do-bonfim\/","title":{"rendered":"Programa &#8220;De olho na Perda&#8221; da Embasa leva servi\u00e7os \u00e0 comunidade de Senhor do Bonfim"},"content":{"rendered":"<p><a href=\"https:\/\/i0.wp.com\/blogdoeloiltoncajuhy.com.br\/site\/wp-content\/uploads\/2018\/09\/embasa_de-olho-na-perda.jpg\"><img data-recalc-dims=\"1\" fetchpriority=\"high\" decoding=\"async\" class=\"aligncenter size-full wp-image-28060\" src=\"https:\/\/i0.wp.com\/blogdoeloiltoncajuhy.com.br\/site\/wp-content\/uploads\/2018\/09\/embasa_de-olho-na-perda.jpg?resize=460%2C259\" alt=\"\" width=\"460\" height=\"259\" srcset=\"https:\/\/i0.wp.com\/blogdoeloiltoncajuhy.com.br\/site\/wp-content\/uploads\/2018\/09\/embasa_de-olho-na-perda.jpg?w=460&amp;ssl=1 460w, https:\/\/i0.wp.com\/blogdoeloiltoncajuhy.com.br\/site\/wp-content\/uploads\/2018\/09\/embasa_de-olho-na-perda.jpg?resize=300%2C169&amp;ssl=1 300w, https:\/\/i0.wp.com\/blogdoeloiltoncajuhy.com.br\/site\/wp-content\/uploads\/2018\/09\/embasa_de-olho-na-perda.jpg?resize=250%2C141&amp;ssl=1 250w\" sizes=\"(max-width: 460px) 100vw, 460px\" \/><\/a>A Unidade Regional da Embasa de Senhor do Bonfim promoveu uma a\u00e7\u00e3o itinerante nesta quarta-feira (19) na sede da Associa\u00e7\u00e3o dos Moradores Monte Alegre II, em Senhor do Bonfim, como parte das atividades previstas no programa &#8220;De Olho na Perda&#8221;. No local, moradores da localidade e de comunidades circunvizinhas puderam realizar parcelamentos e negocia\u00e7\u00e3o de d\u00e9bitos, solicitar liga\u00e7\u00e3o e religa\u00e7\u00e3o de \u00e1gua, al\u00e9m de conhecer medidas socioeducativas e dicas de consumo racional da \u00e1gua. A a\u00e7\u00e3o foi realizada por uma equipe formada pelos colaboradores: Marclea Borges, do N\u00facleo Socioambiental; Ana Caroline Ara\u00fajo; Virg\u00ednia Matos e \u00c9dila Zeferino, da Divis\u00e3o Comercial; Jefferson Aquino e Eliomar Barbosa, do Escrit\u00f3rio Local de Senhor do Bonfim.<\/p>\n<p><em><strong>*Assessoria de Comunica\u00e7\u00e3o da Embasa<\/strong><\/em><br \/>\n<em>Unidade Regional de Senhor do Bonfim<\/em><br \/>\n<em>74 &#8211; 3541 8400<\/em><br \/>\n<em>74- 99129 3746 (Tim\/WhatsApp)<\/em><\/p>\n","protected":false},"excerpt":{"rendered":"<p>A Unidade Regional da Embasa de Senhor do Bonfim promoveu uma a\u00e7\u00e3o itinerante nesta quarta-feira (19) na sede da Associa\u00e7\u00e3o dos Moradores Monte Alegre II, em Senhor do Bonfim, como parte das atividades previstas no programa &#8220;De Olho na Perda&#8221;. No local, moradores da localidade e de comunidades circunvizinhas puderam realizar parcelamentos e negocia\u00e7\u00e3o de [&hellip;]<\/p>\n","protected":false},"author":2,"featured_media":28060,"comment_status":"open","ping_status":"open","sticky":false,"template":"","format":"standard","meta":{"_acf_changed":false,"_monsterinsights_skip_tracking":false,"_monsterinsights_sitenote_active":false,"_monsterinsights_sitenote_note":"","_monsterinsights_sitenote_category":0,"_jetpack_memberships_contains_paid_content":false,"footnotes":"","jetpack_publicize_message":"","jetpack_publicize_feature_enabled":true,"jetpack_social_post_already_shared":true,"jetpack_social_options":{"image_generator_settings":{"template":"highway","default_image_id":0,"font":"","enabled":false},"version":2}},"categories":[5,1,4],"tags":[],"class_list":["post-28059","post","type-post","status-publish","format-standard","has-post-thumbnail","hentry","category-cotidiano","category-noticias","category-local"],"acf":[],"jetpack_publicize_connections":[],"jetpack_featured_media_url":"https:\/\/i0.wp.com\/blogdoeloiltoncajuhy.com.br\/site\/wp-content\/uploads\/2018\/09\/embasa_de-olho-na-perda.jpg?fit=460%2C259&ssl=1","jetpack_sharing_enabled":true,"publishpress_future_workflow_manual_trigger":{"enabledWorkflows":[]},"_links":{"self":[{"href":"https:\/\/blogdoeloiltoncajuhy.com.br\/site\/wp-json\/wp\/v2\/posts\/28059","targetHints":{"allow":["GET"]}}],"collection":[{"href":"https:\/\/blogdoeloiltoncajuhy.com.br\/site\/wp-json\/wp\/v2\/posts"}],"about":[{"href":"https:\/\/blogdoeloiltoncajuhy.com.br\/site\/wp-json\/wp\/v2\/types\/post"}],"author":[{"embeddable":true,"href":"https:\/\/blogdoeloiltoncajuhy.com.br\/site\/wp-json\/wp\/v2\/users\/2"}],"replies":[{"embeddable":true,"href":"https:\/\/blogdoeloiltoncajuhy.com.br\/site\/wp-json\/wp\/v2\/comments?post=28059"}],"version-history":[{"count":1,"href":"https:\/\/blogdoeloiltoncajuhy.com.br\/site\/wp-json\/wp\/v2\/posts\/28059\/revisions"}],"predecessor-version":[{"id":28061,"href":"https:\/\/blogdoeloiltoncajuhy.com.br\/site\/wp-json\/wp\/v2\/posts\/28059\/revisions\/28061"}],"wp:featuredmedia":[{"embeddable":true,"href":"https:\/\/blogdoeloiltoncajuhy.com.br\/site\/wp-json\/wp\/v2\/media\/28060"}],"wp:attachment":[{"href":"https:\/\/blogdoeloiltoncajuhy.com.br\/site\/wp-json\/wp\/v2\/media?parent=28059"}],"wp:term":[{"taxonomy":"category","embeddable":true,"href":"https:\/\/blogdoeloiltoncajuhy.com.br\/site\/wp-json\/wp\/v2\/categories?post=28059"},{"taxonomy":"post_tag","embeddable":true,"href":"https:\/\/blogdoeloiltoncajuhy.com.br\/site\/wp-json\/wp\/v2\/tags?post=28059"}],"curies":[{"name":"wp","href":"https:\/\/api.w.org\/{rel}","templated":true}]}}