{"id":28053,"date":"2018-09-20T21:37:07","date_gmt":"2018-09-21T00:37:07","guid":{"rendered":"http:\/\/blogdoeloiltoncajuhy.com.br\/site\/?p=28053"},"modified":"2018-09-20T21:37:07","modified_gmt":"2018-09-21T00:37:07","slug":"tribunal-do-juri-de-juazeiro-absolve-pms-acusados-de-matar-jovem-em-senhor-do-bonfim","status":"publish","type":"post","link":"https:\/\/blogdoeloiltoncajuhy.com.br\/site\/tribunal-do-juri-de-juazeiro-absolve-pms-acusados-de-matar-jovem-em-senhor-do-bonfim\/","title":{"rendered":"Tribunal do J\u00fari de Juazeiro absolve PMs acusados de matar jovem em Senhor do Bonfim"},"content":{"rendered":"<figure id=\"attachment_28054\" aria-describedby=\"caption-attachment-28054\" style=\"width: 984px\" class=\"wp-caption aligncenter\"><a href=\"https:\/\/i0.wp.com\/blogdoeloiltoncajuhy.com.br\/site\/wp-content\/uploads\/2018\/09\/julgamento.jpg\"><img data-recalc-dims=\"1\" fetchpriority=\"high\" decoding=\"async\" class=\"wp-image-28054 size-full\" src=\"https:\/\/i0.wp.com\/blogdoeloiltoncajuhy.com.br\/site\/wp-content\/uploads\/2018\/09\/julgamento.jpg?resize=800%2C361\" alt=\"\" width=\"800\" height=\"361\" srcset=\"https:\/\/i0.wp.com\/blogdoeloiltoncajuhy.com.br\/site\/wp-content\/uploads\/2018\/09\/julgamento.jpg?w=984&amp;ssl=1 984w, https:\/\/i0.wp.com\/blogdoeloiltoncajuhy.com.br\/site\/wp-content\/uploads\/2018\/09\/julgamento.jpg?resize=300%2C135&amp;ssl=1 300w, https:\/\/i0.wp.com\/blogdoeloiltoncajuhy.com.br\/site\/wp-content\/uploads\/2018\/09\/julgamento.jpg?resize=768%2C347&amp;ssl=1 768w, https:\/\/i0.wp.com\/blogdoeloiltoncajuhy.com.br\/site\/wp-content\/uploads\/2018\/09\/julgamento.jpg?resize=250%2C113&amp;ssl=1 250w\" sizes=\"(max-width: 800px) 100vw, 800px\" \/><\/a><figcaption id=\"caption-attachment-28054\" class=\"wp-caption-text\">Julgamento foi realizado na cidade de Juazeiro \u2014 Foto: Reprodu\u00e7\u00e3o\/ TV Bahia<\/figcaption><\/figure>\n<p>O Tribunal do J\u00fari da Comarca de Juazeiro absolveu, em sess\u00e3o de julgamento nesta quinta-feira, 20, <strong>Sebasti\u00e3o Leme Correia da Silva<\/strong> e <strong>Edwilson Carvalho de Sena<\/strong>, pela morte de <strong>Nivaldo Ramos da Silva<\/strong>, fato ocorrido no dia dia 06 de fevereiro de 1997, por volta da 20h, nas imedia\u00e7\u00f5es da localidade conhecida como <em>\u201cBeco da Pipoca\u201d<\/em>, no bairro da Pera, munic\u00edpio de Senhor do Bonfim (Ba).<\/p>\n<p>Por 4 votos contra 3, os jurados aceitaram a tese da defesa. Sebasti\u00e3o Leme, foi defendido pelo advogado Dr Marcus Rebou\u00e7as.<\/p>\n<p>O juiz de direito Dr. Roberto Paranhos Nascimento, titular da Vara do J\u00fari e Execu\u00e7\u00f5es Penais da Comarca de Juazeiro (Ba), presidiu o julgamento.<\/p>\n<p>Den\u00e9sio Filho, vai enfrentar o j\u00fari somente no pr\u00f3ximo m\u00eas. Familiares da v\u00edtima e acusados estiveram presentes em Juazeiro durante o julgamento.<\/p>\n<p>Para Sebasti\u00e3o, o caso est\u00e1 encerrado e seguir\u00e1 em liberdade. Edwilson continuar\u00e1 preso por ter sido sentenciado pela justi\u00e7a de Campo Formoso, ap\u00f3s envolvimento com uma quadrilha que assaltava feirantes na regi\u00e3o.<\/p>\n<p><em><strong>*Blog do Walterley Kuhim<\/strong><\/em><\/p>\n","protected":false},"excerpt":{"rendered":"<p>O Tribunal do J\u00fari da Comarca de Juazeiro absolveu, em sess\u00e3o de julgamento nesta quinta-feira, 20, Sebasti\u00e3o Leme Correia da Silva e Edwilson Carvalho de Sena, pela morte de Nivaldo Ramos da Silva, fato ocorrido no dia dia 06 de fevereiro de 1997, por volta da 20h, nas imedia\u00e7\u00f5es da localidade conhecida como \u201cBeco da [&hellip;]<\/p>\n","protected":false},"author":2,"featured_media":28054,"comment_status":"open","ping_status":"open","sticky":false,"template":"","format":"standard","meta":{"_acf_changed":false,"_monsterinsights_skip_tracking":false,"_monsterinsights_sitenote_active":false,"_monsterinsights_sitenote_note":"","_monsterinsights_sitenote_category":0,"_jetpack_memberships_contains_paid_content":false,"footnotes":"","jetpack_publicize_message":"","jetpack_publicize_feature_enabled":true,"jetpack_social_post_already_shared":true,"jetpack_social_options":{"image_generator_settings":{"template":"highway","default_image_id":0,"font":"","enabled":false},"version":2}},"categories":[5,1,4],"tags":[],"class_list":["post-28053","post","type-post","status-publish","format-standard","has-post-thumbnail","hentry","category-cotidiano","category-noticias","category-local"],"acf":[],"jetpack_publicize_connections":[],"jetpack_featured_media_url":"https:\/\/i0.wp.com\/blogdoeloiltoncajuhy.com.br\/site\/wp-content\/uploads\/2018\/09\/julgamento.jpg?fit=984%2C444&ssl=1","jetpack_sharing_enabled":true,"publishpress_future_workflow_manual_trigger":{"enabledWorkflows":[]},"_links":{"self":[{"href":"https:\/\/blogdoeloiltoncajuhy.com.br\/site\/wp-json\/wp\/v2\/posts\/28053","targetHints":{"allow":["GET"]}}],"collection":[{"href":"https:\/\/blogdoeloiltoncajuhy.com.br\/site\/wp-json\/wp\/v2\/posts"}],"about":[{"href":"https:\/\/blogdoeloiltoncajuhy.com.br\/site\/wp-json\/wp\/v2\/types\/post"}],"author":[{"embeddable":true,"href":"https:\/\/blogdoeloiltoncajuhy.com.br\/site\/wp-json\/wp\/v2\/users\/2"}],"replies":[{"embeddable":true,"href":"https:\/\/blogdoeloiltoncajuhy.com.br\/site\/wp-json\/wp\/v2\/comments?post=28053"}],"version-history":[{"count":1,"href":"https:\/\/blogdoeloiltoncajuhy.com.br\/site\/wp-json\/wp\/v2\/posts\/28053\/revisions"}],"predecessor-version":[{"id":28055,"href":"https:\/\/blogdoeloiltoncajuhy.com.br\/site\/wp-json\/wp\/v2\/posts\/28053\/revisions\/28055"}],"wp:featuredmedia":[{"embeddable":true,"href":"https:\/\/blogdoeloiltoncajuhy.com.br\/site\/wp-json\/wp\/v2\/media\/28054"}],"wp:attachment":[{"href":"https:\/\/blogdoeloiltoncajuhy.com.br\/site\/wp-json\/wp\/v2\/media?parent=28053"}],"wp:term":[{"taxonomy":"category","embeddable":true,"href":"https:\/\/blogdoeloiltoncajuhy.com.br\/site\/wp-json\/wp\/v2\/categories?post=28053"},{"taxonomy":"post_tag","embeddable":true,"href":"https:\/\/blogdoeloiltoncajuhy.com.br\/site\/wp-json\/wp\/v2\/tags?post=28053"}],"curies":[{"name":"wp","href":"https:\/\/api.w.org\/{rel}","templated":true}]}}