{"id":28044,"date":"2018-09-20T18:53:30","date_gmt":"2018-09-20T21:53:30","guid":{"rendered":"http:\/\/blogdoeloiltoncajuhy.com.br\/site\/?p=28044"},"modified":"2018-09-20T18:53:30","modified_gmt":"2018-09-20T21:53:30","slug":"bonfim-em-desenvolvimento-bairro-da-pera-vai-ganhar-praca-moderna-investimento-sera-de-mais-de-r-700-mil","status":"publish","type":"post","link":"https:\/\/blogdoeloiltoncajuhy.com.br\/site\/bonfim-em-desenvolvimento-bairro-da-pera-vai-ganhar-praca-moderna-investimento-sera-de-mais-de-r-700-mil\/","title":{"rendered":"Bonfim em Desenvolvimento: Bairro da Pera vai ganhar pra\u00e7a moderna. Investimento ser\u00e1 de mais de R$ 700 mil"},"content":{"rendered":"<p><a href=\"https:\/\/i0.wp.com\/blogdoeloiltoncajuhy.com.br\/site\/wp-content\/uploads\/2018\/09\/visita-pra%C3%A7a-pera.jpg\"><img data-recalc-dims=\"1\" fetchpriority=\"high\" decoding=\"async\" class=\"aligncenter size-full wp-image-28045\" src=\"https:\/\/i0.wp.com\/blogdoeloiltoncajuhy.com.br\/site\/wp-content\/uploads\/2018\/09\/visita-pra%C3%A7a-pera.jpg?resize=600%2C450\" alt=\"\" width=\"600\" height=\"450\" srcset=\"https:\/\/i0.wp.com\/blogdoeloiltoncajuhy.com.br\/site\/wp-content\/uploads\/2018\/09\/visita-pra%C3%A7a-pera.jpg?w=600&amp;ssl=1 600w, https:\/\/i0.wp.com\/blogdoeloiltoncajuhy.com.br\/site\/wp-content\/uploads\/2018\/09\/visita-pra%C3%A7a-pera.jpg?resize=300%2C225&amp;ssl=1 300w, https:\/\/i0.wp.com\/blogdoeloiltoncajuhy.com.br\/site\/wp-content\/uploads\/2018\/09\/visita-pra%C3%A7a-pera.jpg?resize=250%2C188&amp;ssl=1 250w\" sizes=\"(max-width: 600px) 100vw, 600px\" \/><\/a>O prefeito Carlos Brasileiro, juntamente com o vereador Ot\u00e1vio Xisto (Tavinho), esteve na \u00faltima ter\u00e7a-feira (18), acompanhando os t\u00e9cnicos da Superintend\u00eancia do Desenvolvimento do Nordeste (SUDENE), durante vista ao espa\u00e7o onde ser\u00e1 constru\u00edda a Pra\u00e7a Paulo Roosevelt, no bairro da Pera.<\/p>\n<p>O investimento supera a ordem de R$ 700 mil e \u00e9 oriundo de uma emenda parlamentar solicitada pelo vereador Tavinho, ao deputado federal Artur Maia.<\/p>\n<p>\u201c<em>O projeto contempla uma academia ao ar livre, parque infantil, \u00e1rea de eventos culturais, dois pergolados de madeira, quiosques, \u00e1rea de cooper, arboriza\u00e7\u00e3o e jardinagem. A nova pra\u00e7a vai embelezar muito o nosso bairro<\/em>\u201d, pontuo o vereador Tavinho.<\/p>\n<p>Durante a visita, os t\u00e9cnicos da SUDENE apontaram alguns ajustes para serem inseridos no projeto. Segundo informa\u00e7\u00f5es da prefeitura, a previs\u00e3o \u00e9 que a obra seja licitada no m\u00e1ximo em 30 dias.\u00a0\u201c<em>Estamos muito felizes, essa \u00e9 mais uma grande conquista do nosso governo. Ser\u00e1 um equipamento p\u00fablico muito importante para atividades de lazer e integra\u00e7\u00e3o da comunidade<\/em>\u201d, enfatiza Brasileiro.<\/p>\n<p>A nova pra\u00e7a da Pera faz parte do programa Bonfim em Desenvolvimento, o maior pacote de obras da hist\u00f3ria de Senhor do Bonfim. Os recursos oriundos de emendas de deputados, governo do Estado e recursos pr\u00f3prios ultrapassam mais de R$ 200 milh\u00f5es em investimentos at\u00e9 o ano de 2020.<\/p>\n<p>Em 2017, o prefeito Carlos Brasileiro retomou as obras da quadra Poli Esportiva Abigail Feitosa, paradas pela gest\u00e3o anterior, e entregou totalmente conclu\u00edda aos moradores da Pera. A obra teve um investimento total de R$ 505 mil.<\/p>\n<p><em><strong>*ASCOM &#8211; Prefeitura Municipal de Senhor do Bonfim &#8211; BA<\/strong><\/em><\/p>\n","protected":false},"excerpt":{"rendered":"<p>O prefeito Carlos Brasileiro, juntamente com o vereador Ot\u00e1vio Xisto (Tavinho), esteve na \u00faltima ter\u00e7a-feira (18), acompanhando os t\u00e9cnicos da Superintend\u00eancia do Desenvolvimento do Nordeste (SUDENE), durante vista ao espa\u00e7o onde ser\u00e1 constru\u00edda a Pra\u00e7a Paulo Roosevelt, no bairro da Pera. O investimento supera a ordem de R$ 700 mil e \u00e9 oriundo de uma [&hellip;]<\/p>\n","protected":false},"author":2,"featured_media":28045,"comment_status":"open","ping_status":"open","sticky":false,"template":"","format":"standard","meta":{"_acf_changed":false,"_monsterinsights_skip_tracking":false,"_monsterinsights_sitenote_active":false,"_monsterinsights_sitenote_note":"","_monsterinsights_sitenote_category":0,"_jetpack_memberships_contains_paid_content":false,"footnotes":"","jetpack_publicize_message":"","jetpack_publicize_feature_enabled":true,"jetpack_social_post_already_shared":true,"jetpack_social_options":{"image_generator_settings":{"template":"highway","default_image_id":0,"font":"","enabled":false},"version":2}},"categories":[1,3,4],"tags":[],"class_list":["post-28044","post","type-post","status-publish","format-standard","has-post-thumbnail","hentry","category-noticias","category-politica","category-local"],"acf":[],"jetpack_publicize_connections":[],"jetpack_featured_media_url":"https:\/\/i0.wp.com\/blogdoeloiltoncajuhy.com.br\/site\/wp-content\/uploads\/2018\/09\/visita-pra%C3%A7a-pera.jpg?fit=600%2C450&ssl=1","jetpack_sharing_enabled":true,"publishpress_future_workflow_manual_trigger":{"enabledWorkflows":[]},"_links":{"self":[{"href":"https:\/\/blogdoeloiltoncajuhy.com.br\/site\/wp-json\/wp\/v2\/posts\/28044","targetHints":{"allow":["GET"]}}],"collection":[{"href":"https:\/\/blogdoeloiltoncajuhy.com.br\/site\/wp-json\/wp\/v2\/posts"}],"about":[{"href":"https:\/\/blogdoeloiltoncajuhy.com.br\/site\/wp-json\/wp\/v2\/types\/post"}],"author":[{"embeddable":true,"href":"https:\/\/blogdoeloiltoncajuhy.com.br\/site\/wp-json\/wp\/v2\/users\/2"}],"replies":[{"embeddable":true,"href":"https:\/\/blogdoeloiltoncajuhy.com.br\/site\/wp-json\/wp\/v2\/comments?post=28044"}],"version-history":[{"count":1,"href":"https:\/\/blogdoeloiltoncajuhy.com.br\/site\/wp-json\/wp\/v2\/posts\/28044\/revisions"}],"predecessor-version":[{"id":28046,"href":"https:\/\/blogdoeloiltoncajuhy.com.br\/site\/wp-json\/wp\/v2\/posts\/28044\/revisions\/28046"}],"wp:featuredmedia":[{"embeddable":true,"href":"https:\/\/blogdoeloiltoncajuhy.com.br\/site\/wp-json\/wp\/v2\/media\/28045"}],"wp:attachment":[{"href":"https:\/\/blogdoeloiltoncajuhy.com.br\/site\/wp-json\/wp\/v2\/media?parent=28044"}],"wp:term":[{"taxonomy":"category","embeddable":true,"href":"https:\/\/blogdoeloiltoncajuhy.com.br\/site\/wp-json\/wp\/v2\/categories?post=28044"},{"taxonomy":"post_tag","embeddable":true,"href":"https:\/\/blogdoeloiltoncajuhy.com.br\/site\/wp-json\/wp\/v2\/tags?post=28044"}],"curies":[{"name":"wp","href":"https:\/\/api.w.org\/{rel}","templated":true}]}}