{"id":28036,"date":"2018-09-20T11:39:47","date_gmt":"2018-09-20T14:39:47","guid":{"rendered":"http:\/\/blogdoeloiltoncajuhy.com.br\/site\/?p=28036"},"modified":"2018-09-20T11:39:47","modified_gmt":"2018-09-20T14:39:47","slug":"acusados-na-morte-de-nivaldo-ramos-em-97-estao-sendo-jugados-nesta-5a-em-juazeiro","status":"publish","type":"post","link":"https:\/\/blogdoeloiltoncajuhy.com.br\/site\/acusados-na-morte-de-nivaldo-ramos-em-97-estao-sendo-jugados-nesta-5a-em-juazeiro\/","title":{"rendered":"Acusados na morte de Nivaldo Ramos, em 97, est\u00e3o sendo jugados nesta 5\u00aa em Juazeiro"},"content":{"rendered":"<p><a href=\"https:\/\/i0.wp.com\/blogdoeloiltoncajuhy.com.br\/site\/wp-content\/uploads\/2017\/08\/juri-popular.jpg\"><img data-recalc-dims=\"1\" fetchpriority=\"high\" decoding=\"async\" class=\"aligncenter wp-image-19787\" src=\"https:\/\/i0.wp.com\/blogdoeloiltoncajuhy.com.br\/site\/wp-content\/uploads\/2017\/08\/juri-popular.jpg?resize=400%2C286\" alt=\"\" width=\"400\" height=\"286\" srcset=\"https:\/\/i0.wp.com\/blogdoeloiltoncajuhy.com.br\/site\/wp-content\/uploads\/2017\/08\/juri-popular.jpg?w=500&amp;ssl=1 500w, https:\/\/i0.wp.com\/blogdoeloiltoncajuhy.com.br\/site\/wp-content\/uploads\/2017\/08\/juri-popular.jpg?resize=300%2C214&amp;ssl=1 300w, https:\/\/i0.wp.com\/blogdoeloiltoncajuhy.com.br\/site\/wp-content\/uploads\/2017\/08\/juri-popular.jpg?resize=250%2C179&amp;ssl=1 250w\" sizes=\"(max-width: 400px) 100vw, 400px\" \/><\/a>O Tribunal do J\u00fari Popular de Juazeiro leva hoje (20) a julgamento os PMs\u00a0<strong>Sebasti\u00e3o Leme Correia da Silva<\/strong>, <strong>Den\u00e9sio Rodrigues Filho<\/strong> e <strong>Edwilson Carvalho de Sena<\/strong>, acusados na morte de <strong>Nivaldo Ramos da Silva<\/strong>, fato ocorrido no dia 06 de fevereiro de 1997, por volta das 20h, nas imedia\u00e7\u00f5es do &#8220;Beco da Pipoca&#8221;, Bairro da P\u00eara, em Senhor do Bonfim (BA).<\/p>\n<p>O Juiz de Direito, Dr. Roberto Paranhos Nascimento, titular da Vara do J\u00fari e Execu\u00e7\u00f5es Penais da Comarca de Juazeiro, preside o julgamento, que teve in\u00edcio por volta das 8h desta quinta-feira.<\/p>\n<p>Pela acusa\u00e7\u00e3o, o fato teria ocorrido ap\u00f3s os acusados terem feito uma ligeira parada, oportunidade em que abordaram Nivaldo Ramos, colocando-o dentro da viatura da Pol\u00edcia Militar e saindo em disparada. Minutos depois, ainda de acordo com a acusa\u00e7\u00e3o, &#8220;<em>os denunciados pararam no antigo Campo de Avia\u00e7\u00e3o, atual Parque da Cidade, e teriam tomado atitude de rebeldia, sem que as circunst\u00e2ncias justificassem, sacado cada um de seus rev\u00f3lveres, desferindo v\u00e1rios tiros contra a v\u00edtima, que morreu no local<\/em>&#8220;.<\/p>\n<p>A acusa\u00e7\u00e3o \u00e9 promovida pelo Promotor Titular do Tribunal do J\u00fari da Comarca de Juazeiro, Dr. Raimundo Moinhos. Na defesa de Edwilson Carvalho, funcionar\u00e1 o Advogado da AJUPM, Dr. Wagner Veloso Martins, na defesa de Den\u00e9sio Rodrigues o Advogado Dr. Leonardo Mascarenhas, e a bancada da defesa de Sebasti\u00e3o Leme ser\u00e1 patrocinada pelo Advogado criminalista bonfinense, Dr. Marcus Rebou\u00e7as.<\/p>\n<p><strong>*BLOG DO ELOILTON CAJUHY<\/strong><\/p>\n","protected":false},"excerpt":{"rendered":"<p>O Tribunal do J\u00fari Popular de Juazeiro leva hoje (20) a julgamento os PMs\u00a0Sebasti\u00e3o Leme Correia da Silva, Den\u00e9sio Rodrigues Filho e Edwilson Carvalho de Sena, acusados na morte de Nivaldo Ramos da Silva, fato ocorrido no dia 06 de fevereiro de 1997, por volta das 20h, nas imedia\u00e7\u00f5es do &#8220;Beco da Pipoca&#8221;, Bairro da [&hellip;]<\/p>\n","protected":false},"author":2,"featured_media":0,"comment_status":"open","ping_status":"open","sticky":false,"template":"","format":"standard","meta":{"_acf_changed":false,"_monsterinsights_skip_tracking":false,"_monsterinsights_sitenote_active":false,"_monsterinsights_sitenote_note":"","_monsterinsights_sitenote_category":0,"_jetpack_memberships_contains_paid_content":false,"footnotes":"","jetpack_publicize_message":"","jetpack_publicize_feature_enabled":true,"jetpack_social_post_already_shared":true,"jetpack_social_options":{"image_generator_settings":{"template":"highway","default_image_id":0,"font":"","enabled":false},"version":2}},"categories":[5,1,4],"tags":[],"class_list":["post-28036","post","type-post","status-publish","format-standard","hentry","category-cotidiano","category-noticias","category-local"],"acf":[],"jetpack_publicize_connections":[],"jetpack_featured_media_url":"","jetpack_sharing_enabled":true,"publishpress_future_workflow_manual_trigger":{"enabledWorkflows":[]},"_links":{"self":[{"href":"https:\/\/blogdoeloiltoncajuhy.com.br\/site\/wp-json\/wp\/v2\/posts\/28036","targetHints":{"allow":["GET"]}}],"collection":[{"href":"https:\/\/blogdoeloiltoncajuhy.com.br\/site\/wp-json\/wp\/v2\/posts"}],"about":[{"href":"https:\/\/blogdoeloiltoncajuhy.com.br\/site\/wp-json\/wp\/v2\/types\/post"}],"author":[{"embeddable":true,"href":"https:\/\/blogdoeloiltoncajuhy.com.br\/site\/wp-json\/wp\/v2\/users\/2"}],"replies":[{"embeddable":true,"href":"https:\/\/blogdoeloiltoncajuhy.com.br\/site\/wp-json\/wp\/v2\/comments?post=28036"}],"version-history":[{"count":1,"href":"https:\/\/blogdoeloiltoncajuhy.com.br\/site\/wp-json\/wp\/v2\/posts\/28036\/revisions"}],"predecessor-version":[{"id":28037,"href":"https:\/\/blogdoeloiltoncajuhy.com.br\/site\/wp-json\/wp\/v2\/posts\/28036\/revisions\/28037"}],"wp:attachment":[{"href":"https:\/\/blogdoeloiltoncajuhy.com.br\/site\/wp-json\/wp\/v2\/media?parent=28036"}],"wp:term":[{"taxonomy":"category","embeddable":true,"href":"https:\/\/blogdoeloiltoncajuhy.com.br\/site\/wp-json\/wp\/v2\/categories?post=28036"},{"taxonomy":"post_tag","embeddable":true,"href":"https:\/\/blogdoeloiltoncajuhy.com.br\/site\/wp-json\/wp\/v2\/tags?post=28036"}],"curies":[{"name":"wp","href":"https:\/\/api.w.org\/{rel}","templated":true}]}}